{"id":1296,"date":"2026-07-05T07:55:55","date_gmt":"2026-07-05T07:55:55","guid":{"rendered":"https:\/\/www.encontracamacari.com.br\/sobre\/prefeito-de-camacari-preve-nova-reuniao-com-grupo-city-no-brasil\/"},"modified":"2026-07-05T07:55:55","modified_gmt":"2026-07-05T07:55:55","slug":"prefeito-de-camacari-preve-nova-reuniao-com-grupo-city-no-brasil","status":"publish","type":"post","link":"https:\/\/www.encontracamacari.com.br\/sobre\/prefeito-de-camacari-preve-nova-reuniao-com-grupo-city-no-brasil\/","title":{"rendered":"Prefeito de Cama\u00e7ari prev\u00ea nova reuni\u00e3o com Grupo City no Brasil"},"content":{"rendered":"<div class=\"2410bb7248a64bb1f71103797e0f239b\" data-index=\"1\" style=\"float: none; margin:0px;\">\n<ins class=\"adsbygoogle\"\r\n     style=\"display:block\"\r\n     data-ad-client=\"ca-pub-8585364105181520\"\r\n     data-ad-slot=\"8789329856\"\r\n     data-ad-format=\"auto\"\r\n     data-full-width-responsive=\"true\"><\/ins>\r\n<script>\r\n     (adsbygoogle = window.adsbygoogle || []).push({});\r\n<\/script>\n<\/div>\n<h2>O que foi discutido na reuni\u00e3o anterior?<\/h2>\n<p>Na recente reuni\u00e3o do prefeito de Cama\u00e7ari, Luiz Caetano (PT), com representantes do <strong>City Football Group<\/strong>, o enfoque principal foi a busca por oportunidades de investimentos na cidade. Este encontro aconteceu na Inglaterra e teve como objetivo explorar iniciativas que pudessem beneficiar o munic\u00edpio, especialmente na esfera do desenvolvimento esportivo e urbano. O prefeito destacou que a ideia \u00e9 replicar o modelo de sucesso que o grupo implementou na cidade de Manchester, que combina esporte e urbaniza\u00e7\u00e3o, promovendo melhorias significativas na infraestrutura local.<\/p>\n<h2>Impactos das reuni\u00f5es em Cama\u00e7ari<\/h2>\n<p>Os impactos esperados dessas reuni\u00f5es s\u00e3o significativos para Cama\u00e7ari. Com a colabora\u00e7\u00e3o do City Football Group, que gerencia o <strong>Esporte Clube Bahia<\/strong>, almeja-se n\u00e3o apenas assegurar recursos financeiros, mas tamb\u00e9m criar um modelo que priorize o desenvolvimento sustent\u00e1vel atrav\u00e9s do esporte. Essa abordagem poder\u00e1 transformar a paisagem econ\u00f4nica e social da cidade, atraindo novos neg\u00f3cios e oportunidades para os residentes.<\/p>\n<h2>Planos de investimento do Grupo City<\/h2>\n<p>Embora o prefeito Caetano tenha mantido algumas informa\u00e7\u00f5es em sigilo, \u00e9 poss\u00edvel perceber que os planos de investimento incluem a cria\u00e7\u00e3o de um novo centro de treinamento desportivo e iniciativas afins. A premissa \u00e9 que esses investimentos n\u00e3o se restringem apenas ao esporte, mas abrangem uma vis\u00e3o mais ampla de crescimento e desenvolvimento urbano, que pode incluir \u00e1reas como turismo, sa\u00fade e tecnologia.<\/p>\n<p><img decoding=\"async\" src=\"https:\/\/www.encontracamacari.com.br\/sobre\/wp-content\/uploads\/2026\/07\/prefeito-de-camacari-preve-nova-reuniao-com-grupo-city-no-brasil.webp\" alt=\"prefeito de Cama\u00e7ari\" loading=\"lazy\" \/><\/p>\n<h2>Quando deve ocorrer a nova reuni\u00e3o?<\/h2>\n<p>O agendamento da nova reuni\u00e3o com o City Football Group ainda n\u00e3o tem uma data definida. O prefeito mencionou em entrevistas que discutir\u00e1 v\u00e1rios aspectos importantes, incluindo \u00e1reas priorit\u00e1rias para o investimento em Cama\u00e7ari. A expectativa \u00e9 que novas conversas levem a um desdobramento mais claro sobre os planos, mas at\u00e9 o momento, essas informa\u00e7\u00f5es permanecem indefinidas.<\/p>\n<h2>Expectativas do prefeito Luiz Caetano<\/h2>\n<p>Luiz Caetano expressou otimismo em rela\u00e7\u00e3o ao potencial que essa parceria pode trazer. Ele acredita que a colabora\u00e7\u00e3o com o City Football Group poder\u00e1 n\u00e3o apenas revitalizar a cidade, mas tamb\u00e9m dar um novo f\u00f4lego ao esporte local. O prefeito espera um retorno positivo em curto prazo com a atra\u00e7\u00e3o de investimento e a cria\u00e7\u00e3o de novas oportunidades para a popula\u00e7\u00e3o.<\/p><div class=\"2410bb7248a64bb1f71103797e0f239b\" data-index=\"2\" style=\"float: none; margin:0px;\">\n<ins class=\"adsbygoogle\"\r\n     style=\"display:block; text-align:center;\"\r\n     data-ad-layout=\"in-article\"\r\n     data-ad-format=\"fluid\"\r\n     data-ad-client=\"ca-pub-8585364105181520\"\r\n     data-ad-slot=\"2899217073\"><\/ins>\r\n<script>\r\n     (adsbygoogle = window.adsbygoogle || []).push({});\r\n<\/script>\r\n\r\n<\/br><\/br>\n<\/div>\n\n<h2>Import\u00e2ncia do investimento no esporte<\/h2>\n<p>O prefeito n\u00e3o tem d\u00favidas sobre a import\u00e2ncia do investimento no esporte como um fator crucial para o avan\u00e7o de Cama\u00e7ari. Com o apoio do <strong>City Football Group<\/strong>, h\u00e1 a perspectiva de fomentar talentos esportivos e aumentar a visibilidade da cidade em competi\u00e7\u00f5es nacionais e internacionais. Isso n\u00e3o s\u00f3 beneficia o esporte em si, mas tamb\u00e9m promove um senso de comunidade e identidade entre os cidad\u00e3os.<\/p>\n<h2>Desenvolvimento urbano e futebol<\/h2>\n<p>A intersec\u00e7\u00e3o entre desenvolvimento urbano e futebol \u00e9 um ponto que o prefeito ressaltou como fundamental. O plano inclui a cria\u00e7\u00e3o de espa\u00e7os esportivos que favorecem a inclus\u00e3o e acessibilidade. Al\u00e9m disso, Caetano salientou a necessidade de garantir que a popula\u00e7\u00e3o local se beneficie desses projetos com espa\u00e7o para a pr\u00e1tica esportiva e eventos comunit\u00e1rios.<\/p>\n<h2>Compara\u00e7\u00f5es com Manchester e seus projetos<\/h2>\n<p>A escolha do prefeito pelo modelo de Manchester \u00e9 significativa. A cidade inglesa se tornou um exemplo mundial de como o esporte pode impulsionar a transforma\u00e7\u00e3o urbana. O que foi feito naquela cidade serve como um roteiro para Cama\u00e7ari, onde a ideia \u00e9 utilizar o futebol como um vetor de desenvolvimento social e econ\u00f4mico. Caetano acredita que replicar essa l\u00f3gica pode resultar em um crescimento similar para sua cidade.<\/p>\n<h2>Preparativos para a nova reuni\u00e3o<\/h2>\n<p>Em vista da nova reuni\u00e3o, Luiz Caetano mencionou que os preparativos est\u00e3o em andamento. O foco \u00e9 reunir informa\u00e7\u00f5es sobre as \u00e1reas priorit\u00e1rias que precisam de aten\u00e7\u00e3o e investimento. O prefeito est\u00e1 determinado a apresentar uma base s\u00f3lida que justifique a import\u00e2ncia da parceria e que demonstre a viabilidade de iniciativas que atendem tanto o setor esportivo quanto outros segmentos essenciais para o crescimento de Cama\u00e7ari.<\/p>\n<h2>Como a comunidade pode se beneficiar?<\/h2>\n<p>Os benef\u00edcios para a comunidade de Cama\u00e7ari s\u00e3o variados e abrangem v\u00e1rias esferas. Com o envolvimento do City Football Group e os investimentos planejados, existe a expectativa de gera\u00e7\u00e3o de empregos, revitaliza\u00e7\u00e3o de \u00e1reas urbanas e aumento na qualidade de vida dos moradores. Al\u00e9m disso, o desenvolvimento de instala\u00e7\u00f5es esportivas poder\u00e1 incentivar mais jovens a praticarem atividade f\u00edsica e se engajarem em iniciativas comunit\u00e1rias, promovendo um ambiente mais saud\u00e1vel e colaborativo.<\/p>\n<div class=\"2410bb7248a64bb1f71103797e0f239b\" data-index=\"3\" style=\"float: none; margin:0px;\">\n<\/br><\/br>\r\n\r\n<ins class=\"adsbygoogle\"\r\n     style=\"display:block\"\r\n     data-ad-format=\"fluid\"\r\n     data-ad-layout-key=\"-63+do+n-1s+9e\"\r\n     data-ad-client=\"ca-pub-8585364105181520\"\r\n     data-ad-slot=\"6838462089\"><\/ins>\r\n<script>\r\n     (adsbygoogle = window.adsbygoogle || []).push({});\r\n<\/script>\n<\/div>\n\n<div style=\"font-size: 0px; height: 0px; line-height: 0px; margin: 0; padding: 0; clear: both;\"><\/div>","protected":false},"excerpt":{"rendered":"<p>Prefeito de Cama\u00e7ari discute nova reuni\u00e3o com Grupo City para impulsionar investimentos.<\/p>\n","protected":false},"author":1,"featured_media":1295,"comment_status":"open","ping_status":"closed","sticky":false,"template":"","format":"standard","meta":{"footnotes":""},"categories":[1],"tags":[],"class_list":["post-1296","post","type-post","status-publish","format-standard","has-post-thumbnail","hentry","category-noticias-em-camacari","has_thumb"],"aioseo_notices":[],"aioseo_head":"\n\t\t<!-- All in One SEO 5.0.0.1 - aioseo.com -->\n\t<meta name=\"description\" content=\"Prefeito de Cama\u00e7ari discute nova reuni\u00e3o com Grupo City para impulsionar investimentos.\" \/>\n\t<meta name=\"robots\" content=\"max-image-preview:large\" \/>\n\t<meta name=\"author\" content=\"Encontra Cama\u00e7ari\"\/>\n\t<link rel=\"canonical\" href=\"https:\/\/www.encontracamacari.com.br\/sobre\/prefeito-de-camacari-preve-nova-reuniao-com-grupo-city-no-brasil\/\" \/>\n\t<meta name=\"generator\" content=\"All in One SEO (AIOSEO) 5.0.0.1\" \/>\n\t\t<meta property=\"og:locale\" content=\"pt_BR\" \/>\n\t\t<meta property=\"og:site_name\" content=\"Encontra Cama\u00e7ari - Not\u00edcias, eventos, informa\u00e7\u00f5es e dicas na cidade de Cama\u00e7ari e regi\u00e3o.\" \/>\n\t\t<meta property=\"og:type\" content=\"article\" \/>\n\t\t<meta property=\"og:title\" content=\"Prefeito de Cama\u00e7ari prev\u00ea nova reuni\u00e3o com Grupo City no Brasil - Encontra Cama\u00e7ari\" \/>\n\t\t<meta property=\"og:description\" content=\"Prefeito de Cama\u00e7ari discute nova reuni\u00e3o com Grupo City para impulsionar investimentos.\" \/>\n\t\t<meta property=\"og:url\" content=\"https:\/\/www.encontracamacari.com.br\/sobre\/prefeito-de-camacari-preve-nova-reuniao-com-grupo-city-no-brasil\/\" \/>\n\t\t<meta property=\"article:published_time\" content=\"2026-07-05T07:55:55+00:00\" \/>\n\t\t<meta property=\"article:modified_time\" content=\"2026-07-05T07:55:55+00:00\" \/>\n\t\t<meta name=\"twitter:card\" content=\"summary_large_image\" \/>\n\t\t<meta name=\"twitter:title\" content=\"Prefeito de Cama\u00e7ari prev\u00ea nova reuni\u00e3o com Grupo City no Brasil - Encontra Cama\u00e7ari\" \/>\n\t\t<meta name=\"twitter:description\" content=\"Prefeito de Cama\u00e7ari discute nova reuni\u00e3o com Grupo City para impulsionar investimentos.\" \/>\n\t\t<script type=\"application\/ld+json\" class=\"aioseo-schema\">\n\t\t\t{\"@context\":\"https:\\\/\\\/schema.org\",\"@graph\":[{\"@type\":\"BlogPosting\",\"@id\":\"https:\\\/\\\/www.encontracamacari.com.br\\\/sobre\\\/prefeito-de-camacari-preve-nova-reuniao-com-grupo-city-no-brasil\\\/#blogposting\",\"name\":\"Prefeito de Cama\\u00e7ari prev\\u00ea nova reuni\\u00e3o com Grupo City no Brasil - Encontra Cama\\u00e7ari\",\"headline\":\"Prefeito de Cama\\u00e7ari prev\\u00ea nova reuni\\u00e3o com Grupo City no Brasil\",\"author\":{\"@id\":\"https:\\\/\\\/www.encontracamacari.com.br\\\/sobre\\\/author\\\/ecamacari\\\/#author\"},\"publisher\":{\"@id\":\"https:\\\/\\\/www.encontracamacari.com.br\\\/sobre\\\/#organization\"},\"image\":{\"@type\":\"ImageObject\",\"url\":\"https:\\\/\\\/www.encontracamacari.com.br\\\/sobre\\\/wp-content\\\/uploads\\\/2026\\\/07\\\/prefeito-de-camacari-preve-nova-reuniao-com-grupo-city-no-brasil.webp\",\"width\":280,\"height\":280,\"caption\":\"prefeito de Cama\\u00e7ari\"},\"datePublished\":\"2026-07-05T07:55:55+00:00\",\"dateModified\":\"2026-07-05T07:55:55+00:00\",\"inLanguage\":\"pt-BR\",\"mainEntityOfPage\":{\"@id\":\"https:\\\/\\\/www.encontracamacari.com.br\\\/sobre\\\/prefeito-de-camacari-preve-nova-reuniao-com-grupo-city-no-brasil\\\/#webpage\"},\"isPartOf\":{\"@id\":\"https:\\\/\\\/www.encontracamacari.com.br\\\/sobre\\\/prefeito-de-camacari-preve-nova-reuniao-com-grupo-city-no-brasil\\\/#webpage\"},\"articleSection\":\"Not\\u00edcias Cama\\u00e7ari\"},{\"@type\":\"BreadcrumbList\",\"@id\":\"https:\\\/\\\/www.encontracamacari.com.br\\\/sobre\\\/prefeito-de-camacari-preve-nova-reuniao-com-grupo-city-no-brasil\\\/#breadcrumblist\",\"itemListElement\":[{\"@type\":\"ListItem\",\"@id\":\"https:\\\/\\\/www.encontracamacari.com.br\\\/sobre#listItem\",\"position\":1,\"name\":\"Home\",\"item\":\"https:\\\/\\\/www.encontracamacari.com.br\\\/sobre\",\"nextItem\":{\"@type\":\"ListItem\",\"@id\":\"https:\\\/\\\/www.encontracamacari.com.br\\\/sobre\\\/noticias-em-camacari\\\/#listItem\",\"name\":\"Not\\u00edcias Cama\\u00e7ari\"}},{\"@type\":\"ListItem\",\"@id\":\"https:\\\/\\\/www.encontracamacari.com.br\\\/sobre\\\/noticias-em-camacari\\\/#listItem\",\"position\":2,\"name\":\"Not\\u00edcias Cama\\u00e7ari\",\"item\":\"https:\\\/\\\/www.encontracamacari.com.br\\\/sobre\\\/noticias-em-camacari\\\/\",\"nextItem\":{\"@type\":\"ListItem\",\"@id\":\"https:\\\/\\\/www.encontracamacari.com.br\\\/sobre\\\/prefeito-de-camacari-preve-nova-reuniao-com-grupo-city-no-brasil\\\/#listItem\",\"name\":\"Prefeito de Cama\\u00e7ari prev\\u00ea nova reuni\\u00e3o com Grupo City no Brasil\"},\"previousItem\":{\"@type\":\"ListItem\",\"@id\":\"https:\\\/\\\/www.encontracamacari.com.br\\\/sobre#listItem\",\"name\":\"Home\"}},{\"@type\":\"ListItem\",\"@id\":\"https:\\\/\\\/www.encontracamacari.com.br\\\/sobre\\\/prefeito-de-camacari-preve-nova-reuniao-com-grupo-city-no-brasil\\\/#listItem\",\"position\":3,\"name\":\"Prefeito de Cama\\u00e7ari prev\\u00ea nova reuni\\u00e3o com Grupo City no Brasil\",\"previousItem\":{\"@type\":\"ListItem\",\"@id\":\"https:\\\/\\\/www.encontracamacari.com.br\\\/sobre\\\/noticias-em-camacari\\\/#listItem\",\"name\":\"Not\\u00edcias Cama\\u00e7ari\"}}]},{\"@type\":\"Organization\",\"@id\":\"https:\\\/\\\/www.encontracamacari.com.br\\\/sobre\\\/#organization\",\"name\":\"Encontra Cama\\u00e7ari\",\"description\":\"Not\\u00edcias, eventos, informa\\u00e7\\u00f5es e dicas na cidade de Cama\\u00e7ari e regi\\u00e3o.\",\"url\":\"https:\\\/\\\/www.encontracamacari.com.br\\\/sobre\\\/\"},{\"@type\":\"Person\",\"@id\":\"https:\\\/\\\/www.encontracamacari.com.br\\\/sobre\\\/author\\\/ecamacari\\\/#author\",\"url\":\"https:\\\/\\\/www.encontracamacari.com.br\\\/sobre\\\/author\\\/ecamacari\\\/\",\"name\":\"Encontra Cama\\u00e7ari\",\"image\":{\"@type\":\"ImageObject\",\"@id\":\"https:\\\/\\\/www.encontracamacari.com.br\\\/sobre\\\/prefeito-de-camacari-preve-nova-reuniao-com-grupo-city-no-brasil\\\/#authorImage\",\"url\":\"https:\\\/\\\/secure.gravatar.com\\\/avatar\\\/507340682b8270222e1f208e23198b6ae7e2c6a1033ae84e99bc6bce4f82a387?s=96&d=mm&r=g\",\"width\":96,\"height\":96,\"caption\":\"Encontra Cama\\u00e7ari\"}},{\"@type\":\"WebPage\",\"@id\":\"https:\\\/\\\/www.encontracamacari.com.br\\\/sobre\\\/prefeito-de-camacari-preve-nova-reuniao-com-grupo-city-no-brasil\\\/#webpage\",\"url\":\"https:\\\/\\\/www.encontracamacari.com.br\\\/sobre\\\/prefeito-de-camacari-preve-nova-reuniao-com-grupo-city-no-brasil\\\/\",\"name\":\"Prefeito de Cama\\u00e7ari prev\\u00ea nova reuni\\u00e3o com Grupo City no Brasil - Encontra Cama\\u00e7ari\",\"description\":\"Prefeito de Cama\\u00e7ari discute nova reuni\\u00e3o com Grupo City para impulsionar investimentos.\",\"inLanguage\":\"pt-BR\",\"isPartOf\":{\"@id\":\"https:\\\/\\\/www.encontracamacari.com.br\\\/sobre\\\/#website\"},\"breadcrumb\":{\"@id\":\"https:\\\/\\\/www.encontracamacari.com.br\\\/sobre\\\/prefeito-de-camacari-preve-nova-reuniao-com-grupo-city-no-brasil\\\/#breadcrumblist\"},\"author\":{\"@id\":\"https:\\\/\\\/www.encontracamacari.com.br\\\/sobre\\\/author\\\/ecamacari\\\/#author\"},\"creator\":{\"@id\":\"https:\\\/\\\/www.encontracamacari.com.br\\\/sobre\\\/author\\\/ecamacari\\\/#author\"},\"image\":{\"@type\":\"ImageObject\",\"url\":\"https:\\\/\\\/www.encontracamacari.com.br\\\/sobre\\\/wp-content\\\/uploads\\\/2026\\\/07\\\/prefeito-de-camacari-preve-nova-reuniao-com-grupo-city-no-brasil.webp\",\"@id\":\"https:\\\/\\\/www.encontracamacari.com.br\\\/sobre\\\/prefeito-de-camacari-preve-nova-reuniao-com-grupo-city-no-brasil\\\/#mainImage\",\"width\":280,\"height\":280,\"caption\":\"prefeito de Cama\\u00e7ari\"},\"primaryImageOfPage\":{\"@id\":\"https:\\\/\\\/www.encontracamacari.com.br\\\/sobre\\\/prefeito-de-camacari-preve-nova-reuniao-com-grupo-city-no-brasil\\\/#mainImage\"},\"datePublished\":\"2026-07-05T07:55:55+00:00\",\"dateModified\":\"2026-07-05T07:55:55+00:00\"},{\"@type\":\"WebSite\",\"@id\":\"https:\\\/\\\/www.encontracamacari.com.br\\\/sobre\\\/#website\",\"url\":\"https:\\\/\\\/www.encontracamacari.com.br\\\/sobre\\\/\",\"name\":\"Encontra Cama\\u00e7ari\",\"description\":\"Not\\u00edcias, eventos, informa\\u00e7\\u00f5es e dicas na cidade de Cama\\u00e7ari e regi\\u00e3o.\",\"inLanguage\":\"pt-BR\",\"publisher\":{\"@id\":\"https:\\\/\\\/www.encontracamacari.com.br\\\/sobre\\\/#organization\"}}]}\n\t\t<\/script>\n\t\t<!-- All in One SEO -->\n\n","aioseo_head_json":{"title":"Prefeito de Cama\u00e7ari prev\u00ea nova reuni\u00e3o com Grupo City no Brasil - Encontra Cama\u00e7ari","description":"Prefeito de Cama\u00e7ari discute nova reuni\u00e3o com Grupo City para impulsionar investimentos.","canonical_url":"https:\/\/www.encontracamacari.com.br\/sobre\/prefeito-de-camacari-preve-nova-reuniao-com-grupo-city-no-brasil\/","robots":"max-image-preview:large","keywords":"","webmasterTools":{"miscellaneous":""},"schema":{"@context":"https:\/\/schema.org","@graph":[{"@type":"BlogPosting","@id":"https:\/\/www.encontracamacari.com.br\/sobre\/prefeito-de-camacari-preve-nova-reuniao-com-grupo-city-no-brasil\/#blogposting","name":"Prefeito de Cama\u00e7ari prev\u00ea nova reuni\u00e3o com Grupo City no Brasil - Encontra Cama\u00e7ari","headline":"Prefeito de Cama\u00e7ari prev\u00ea nova reuni\u00e3o com Grupo City no Brasil","author":{"@id":"https:\/\/www.encontracamacari.com.br\/sobre\/author\/ecamacari\/#author"},"publisher":{"@id":"https:\/\/www.encontracamacari.com.br\/sobre\/#organization"},"image":{"@type":"ImageObject","url":"https:\/\/www.encontracamacari.com.br\/sobre\/wp-content\/uploads\/2026\/07\/prefeito-de-camacari-preve-nova-reuniao-com-grupo-city-no-brasil.webp","width":280,"height":280,"caption":"prefeito de Cama\u00e7ari"},"datePublished":"2026-07-05T07:55:55+00:00","dateModified":"2026-07-05T07:55:55+00:00","inLanguage":"pt-BR","mainEntityOfPage":{"@id":"https:\/\/www.encontracamacari.com.br\/sobre\/prefeito-de-camacari-preve-nova-reuniao-com-grupo-city-no-brasil\/#webpage"},"isPartOf":{"@id":"https:\/\/www.encontracamacari.com.br\/sobre\/prefeito-de-camacari-preve-nova-reuniao-com-grupo-city-no-brasil\/#webpage"},"articleSection":"Not\u00edcias Cama\u00e7ari"},{"@type":"BreadcrumbList","@id":"https:\/\/www.encontracamacari.com.br\/sobre\/prefeito-de-camacari-preve-nova-reuniao-com-grupo-city-no-brasil\/#breadcrumblist","itemListElement":[{"@type":"ListItem","@id":"https:\/\/www.encontracamacari.com.br\/sobre#listItem","position":1,"name":"Home","item":"https:\/\/www.encontracamacari.com.br\/sobre","nextItem":{"@type":"ListItem","@id":"https:\/\/www.encontracamacari.com.br\/sobre\/noticias-em-camacari\/#listItem","name":"Not\u00edcias Cama\u00e7ari"}},{"@type":"ListItem","@id":"https:\/\/www.encontracamacari.com.br\/sobre\/noticias-em-camacari\/#listItem","position":2,"name":"Not\u00edcias Cama\u00e7ari","item":"https:\/\/www.encontracamacari.com.br\/sobre\/noticias-em-camacari\/","nextItem":{"@type":"ListItem","@id":"https:\/\/www.encontracamacari.com.br\/sobre\/prefeito-de-camacari-preve-nova-reuniao-com-grupo-city-no-brasil\/#listItem","name":"Prefeito de Cama\u00e7ari prev\u00ea nova reuni\u00e3o com Grupo City no Brasil"},"previousItem":{"@type":"ListItem","@id":"https:\/\/www.encontracamacari.com.br\/sobre#listItem","name":"Home"}},{"@type":"ListItem","@id":"https:\/\/www.encontracamacari.com.br\/sobre\/prefeito-de-camacari-preve-nova-reuniao-com-grupo-city-no-brasil\/#listItem","position":3,"name":"Prefeito de Cama\u00e7ari prev\u00ea nova reuni\u00e3o com Grupo City no Brasil","previousItem":{"@type":"ListItem","@id":"https:\/\/www.encontracamacari.com.br\/sobre\/noticias-em-camacari\/#listItem","name":"Not\u00edcias Cama\u00e7ari"}}]},{"@type":"Organization","@id":"https:\/\/www.encontracamacari.com.br\/sobre\/#organization","name":"Encontra Cama\u00e7ari","description":"Not\u00edcias, eventos, informa\u00e7\u00f5es e dicas na cidade de Cama\u00e7ari e regi\u00e3o.","url":"https:\/\/www.encontracamacari.com.br\/sobre\/"},{"@type":"Person","@id":"https:\/\/www.encontracamacari.com.br\/sobre\/author\/ecamacari\/#author","url":"https:\/\/www.encontracamacari.com.br\/sobre\/author\/ecamacari\/","name":"Encontra Cama\u00e7ari","image":{"@type":"ImageObject","@id":"https:\/\/www.encontracamacari.com.br\/sobre\/prefeito-de-camacari-preve-nova-reuniao-com-grupo-city-no-brasil\/#authorImage","url":"https:\/\/secure.gravatar.com\/avatar\/507340682b8270222e1f208e23198b6ae7e2c6a1033ae84e99bc6bce4f82a387?s=96&d=mm&r=g","width":96,"height":96,"caption":"Encontra Cama\u00e7ari"}},{"@type":"WebPage","@id":"https:\/\/www.encontracamacari.com.br\/sobre\/prefeito-de-camacari-preve-nova-reuniao-com-grupo-city-no-brasil\/#webpage","url":"https:\/\/www.encontracamacari.com.br\/sobre\/prefeito-de-camacari-preve-nova-reuniao-com-grupo-city-no-brasil\/","name":"Prefeito de Cama\u00e7ari prev\u00ea nova reuni\u00e3o com Grupo City no Brasil - Encontra Cama\u00e7ari","description":"Prefeito de Cama\u00e7ari discute nova reuni\u00e3o com Grupo City para impulsionar investimentos.","inLanguage":"pt-BR","isPartOf":{"@id":"https:\/\/www.encontracamacari.com.br\/sobre\/#website"},"breadcrumb":{"@id":"https:\/\/www.encontracamacari.com.br\/sobre\/prefeito-de-camacari-preve-nova-reuniao-com-grupo-city-no-brasil\/#breadcrumblist"},"author":{"@id":"https:\/\/www.encontracamacari.com.br\/sobre\/author\/ecamacari\/#author"},"creator":{"@id":"https:\/\/www.encontracamacari.com.br\/sobre\/author\/ecamacari\/#author"},"image":{"@type":"ImageObject","url":"https:\/\/www.encontracamacari.com.br\/sobre\/wp-content\/uploads\/2026\/07\/prefeito-de-camacari-preve-nova-reuniao-com-grupo-city-no-brasil.webp","@id":"https:\/\/www.encontracamacari.com.br\/sobre\/prefeito-de-camacari-preve-nova-reuniao-com-grupo-city-no-brasil\/#mainImage","width":280,"height":280,"caption":"prefeito de Cama\u00e7ari"},"primaryImageOfPage":{"@id":"https:\/\/www.encontracamacari.com.br\/sobre\/prefeito-de-camacari-preve-nova-reuniao-com-grupo-city-no-brasil\/#mainImage"},"datePublished":"2026-07-05T07:55:55+00:00","dateModified":"2026-07-05T07:55:55+00:00"},{"@type":"WebSite","@id":"https:\/\/www.encontracamacari.com.br\/sobre\/#website","url":"https:\/\/www.encontracamacari.com.br\/sobre\/","name":"Encontra Cama\u00e7ari","description":"Not\u00edcias, eventos, informa\u00e7\u00f5es e dicas na cidade de Cama\u00e7ari e regi\u00e3o.","inLanguage":"pt-BR","publisher":{"@id":"https:\/\/www.encontracamacari.com.br\/sobre\/#organization"}}]},"og:locale":"pt_BR","og:site_name":"Encontra Cama\u00e7ari - Not\u00edcias, eventos, informa\u00e7\u00f5es e dicas na cidade de Cama\u00e7ari e regi\u00e3o.","og:type":"article","og:title":"Prefeito de Cama\u00e7ari prev\u00ea nova reuni\u00e3o com Grupo City no Brasil - Encontra Cama\u00e7ari","og:description":"Prefeito de Cama\u00e7ari discute nova reuni\u00e3o com Grupo City para impulsionar investimentos.","og:url":"https:\/\/www.encontracamacari.com.br\/sobre\/prefeito-de-camacari-preve-nova-reuniao-com-grupo-city-no-brasil\/","article:published_time":"2026-07-05T07:55:55+00:00","article:modified_time":"2026-07-05T07:55:55+00:00","twitter:card":"summary_large_image","twitter:title":"Prefeito de Cama\u00e7ari prev\u00ea nova reuni\u00e3o com Grupo City no Brasil - Encontra Cama\u00e7ari","twitter:description":"Prefeito de Cama\u00e7ari discute nova reuni\u00e3o com Grupo City para impulsionar investimentos."},"aioseo_meta_data":{"post_id":"1296","title":null,"description":null,"keywords":null,"keyphrases":null,"primary_term":null,"canonical_url":null,"og_title":null,"og_description":null,"og_object_type":"default","og_image_type":"default","og_image_url":null,"og_image_width":null,"og_image_height":null,"og_image_custom_url":null,"og_image_custom_fields":null,"og_video":null,"og_custom_url":null,"og_article_section":null,"og_article_tags":null,"twitter_use_og":false,"twitter_card":"default","twitter_image_type":"default","twitter_image_url":null,"twitter_image_custom_url":null,"twitter_image_custom_fields":null,"twitter_title":null,"twitter_description":null,"schema":{"blockGraphs":[],"customGraphs":[],"default":{"data":{"Article":[],"Course":[],"Dataset":[],"FAQPage":[],"Movie":[],"Person":[],"Product":[],"ProductReview":[],"Car":[],"Recipe":[],"Service":[],"SoftwareApplication":[],"WebPage":[]},"graphName":"BlogPosting","isEnabled":true},"graphs":[]},"schema_type":"default","schema_type_options":null,"pillar_content":false,"robots_default":true,"robots_noindex":false,"robots_noarchive":false,"robots_nosnippet":false,"robots_nofollow":false,"robots_noimageindex":false,"robots_noodp":false,"robots_notranslate":false,"robots_max_snippet":null,"robots_max_videopreview":null,"robots_max_imagepreview":"large","priority":null,"frequency":null,"local_seo":null,"limit_modified_date":false,"created":"2026-07-05 07:55:58","updated":"2026-08-06 03:35:28","focus_keyword":null,"additional_keywords":null,"truseo_locale":null,"ai":null,"breadcrumb_settings":null,"seo_analyzer_scan_date":null},"aioseo_breadcrumb":"<div class=\"aioseo-breadcrumbs\"><span class=\"aioseo-breadcrumb\">\n\t\t\t<a href=\"https:\/\/www.encontracamacari.com.br\/sobre\" title=\"Home\">Home<\/a>\n\t\t<\/span><span class=\"aioseo-breadcrumb-separator\">&raquo;<\/span><span class=\"aioseo-breadcrumb\">\n\t\t\t<a href=\"https:\/\/www.encontracamacari.com.br\/sobre\/noticias-em-camacari\/\" title=\"Not\u00edcias Cama\u00e7ari\">Not\u00edcias Cama\u00e7ari<\/a>\n\t\t<\/span><span class=\"aioseo-breadcrumb-separator\">&raquo;<\/span><span class=\"aioseo-breadcrumb\">\n\t\t\tPrefeito de Cama\u00e7ari prev\u00ea nova reuni\u00e3o com Grupo City no Brasil\n\t\t<\/span><\/div>","aioseo_breadcrumb_json":[{"label":"Home","link":"https:\/\/www.encontracamacari.com.br\/sobre"},{"label":"Not\u00edcias Cama\u00e7ari","link":"https:\/\/www.encontracamacari.com.br\/sobre\/noticias-em-camacari\/"},{"label":"Prefeito de Cama\u00e7ari prev\u00ea nova reuni\u00e3o com Grupo City no Brasil","link":"https:\/\/www.encontracamacari.com.br\/sobre\/prefeito-de-camacari-preve-nova-reuniao-com-grupo-city-no-brasil\/"}],"_links":{"self":[{"href":"https:\/\/www.encontracamacari.com.br\/sobre\/wp-json\/wp\/v2\/posts\/1296","targetHints":{"allow":["GET"]}}],"collection":[{"href":"https:\/\/www.encontracamacari.com.br\/sobre\/wp-json\/wp\/v2\/posts"}],"about":[{"href":"https:\/\/www.encontracamacari.com.br\/sobre\/wp-json\/wp\/v2\/types\/post"}],"author":[{"embeddable":true,"href":"https:\/\/www.encontracamacari.com.br\/sobre\/wp-json\/wp\/v2\/users\/1"}],"replies":[{"embeddable":true,"href":"https:\/\/www.encontracamacari.com.br\/sobre\/wp-json\/wp\/v2\/comments?post=1296"}],"version-history":[{"count":0,"href":"https:\/\/www.encontracamacari.com.br\/sobre\/wp-json\/wp\/v2\/posts\/1296\/revisions"}],"wp:featuredmedia":[{"embeddable":true,"href":"https:\/\/www.encontracamacari.com.br\/sobre\/wp-json\/wp\/v2\/media\/1295"}],"wp:attachment":[{"href":"https:\/\/www.encontracamacari.com.br\/sobre\/wp-json\/wp\/v2\/media?parent=1296"}],"wp:term":[{"taxonomy":"category","embeddable":true,"href":"https:\/\/www.encontracamacari.com.br\/sobre\/wp-json\/wp\/v2\/categories?post=1296"},{"taxonomy":"post_tag","embeddable":true,"href":"https:\/\/www.encontracamacari.com.br\/sobre\/wp-json\/wp\/v2\/tags?post=1296"}],"curies":[{"name":"wp","href":"https:\/\/api.w.org\/{rel}","templated":true}]}}