{"id":1282,"date":"2026-07-03T14:50:05","date_gmt":"2026-07-03T14:50:05","guid":{"rendered":"https:\/\/www.encontracamacari.com.br\/sobre\/ex\/"},"modified":"2026-07-03T14:50:05","modified_gmt":"2026-07-03T14:50:05","slug":"ex","status":"publish","type":"post","link":"https:\/\/www.encontracamacari.com.br\/sobre\/ex\/","title":{"rendered":"Ex"},"content":{"rendered":"<div class=\"2410bb7248a64bb1f71103797e0f239b\" data-index=\"1\" style=\"float: none; margin:0px;\">\n<ins class=\"adsbygoogle\"\r\n     style=\"display:block\"\r\n     data-ad-client=\"ca-pub-8585364105181520\"\r\n     data-ad-slot=\"8789329856\"\r\n     data-ad-format=\"auto\"\r\n     data-full-width-responsive=\"true\"><\/ins>\r\n<script>\r\n     (adsbygoogle = window.adsbygoogle || []).push({});\r\n<\/script>\n<\/div>\n<h2>Cama\u00e7ari em foco: a trajet\u00f3ria de Elinaldo Ara\u00fajo<\/h2>\n<p>Elinaldo Ara\u00fajo, ex-prefeito de Cama\u00e7ari, \u00e9 uma figura pol\u00edtica emblem\u00e1tica na Bahia. Desde as suas experi\u00eancias na administra\u00e7\u00e3o p\u00fablica, ele tem se destacado pelo seu compromisso em conduzir mudan\u00e7as significativas no munic\u00edpio. Sua trajet\u00f3ria \u00e9 marcada por desafios e conquistas, sempre com o objetivo de promover melhorias na vida dos cidad\u00e3os. Ao longo de sua gest\u00e3o, Ara\u00fajo tem se mostrado um defensor ardente das necessidades e interesses da popula\u00e7\u00e3o local, buscando solu\u00e7\u00f5es que gerem impacto positivo na comunidade.<\/p>\n<h2>Expectativas para a candidatura ao ALBA<\/h2>\n<p>A candidatura de Elinaldo Ara\u00fajo \u00e0 Assembleia Legislativa da Bahia (ALBA) \u00e9 um movimento estrat\u00e9gico que visa amplificar a sua voz pol\u00edtica. Ele acredita que sua experi\u00eancia como ex-prefeito ser\u00e1 fundamental para contribuir com o desenvolvimento da Bahia em n\u00edvel estadual. Durante eventos p\u00fablicos, Ara\u00fajo demonstrou confian\u00e7a em sua candidatura, enfatizando que o apoio da popula\u00e7\u00e3o \u00e9 crucial para sua vit\u00f3ria. Ele se posiciona como um exemplo de renova\u00e7\u00e3o pol\u00edtica, ansioso para trazer novas ideias e perspectivas para a ALBA.<\/p>\n<h2>Cen\u00e1rio pol\u00edtico da Bahia em 2026<\/h2>\n<p>O cen\u00e1rio pol\u00edtico da Bahia para as elei\u00e7\u00f5es de 2026 est\u00e1 repleto de intera\u00e7\u00f5es significativas entre os principais candidatos. Entre eles, ACM Neto, pr\u00e9-candidato ao governo, surgem como uma for\u00e7a importante. Elinaldo Ara\u00fajo acredita que essa constru\u00e7\u00e3o coletiva \u00e9 essencial para trazer as mudan\u00e7as que a popula\u00e7\u00e3o anseia. Observando o panorama atual, fica evidente que o eleitorado busca um novo estilo de lideran\u00e7a, que promova di\u00e1logos abertos e solu\u00e7\u00f5es pr\u00e1ticas para quest\u00f5es sociais e econ\u00f4micas.<\/p>\n<p><img decoding=\"async\" src=\"https:\/\/www.encontracamacari.com.br\/sobre\/wp-content\/uploads\/2026\/07\/ex.webp\" alt=\"elei\u00e7\u00f5es em Cama\u00e7ari\" loading=\"lazy\" \/><\/p>\n<h2>A import\u00e2ncia da motiva\u00e7\u00e3o nas elei\u00e7\u00f5es<\/h2>\n<p>Para Elinaldo, a motiva\u00e7\u00e3o desempenha um papel vital nas elei\u00e7\u00f5es. Ele menciona que a motiva\u00e7\u00e3o n\u00e3o diz respeito apenas a sua candidatura, mas tamb\u00e9m ao desejo da popula\u00e7\u00e3o por transforma\u00e7\u00f5es. O fortalecimento do sentimento de mudan\u00e7a observado nas ruas \u00e9 um reflexo do anseio dos eleitores por um futuro melhor. Esse engajamento nas elei\u00e7\u00f5es \u00e9 um sinal claro da disposi\u00e7\u00e3o da popula\u00e7\u00e3o em participar ativamente na defini\u00e7\u00e3o de seus representantes.<\/p>\n<h2>Dialogando sobre economia: propostas de Ara\u00fajo<\/h2>\n<p>Um dos focos centrais da campanha de Elinaldo Ara\u00fajo \u00e9 promover um di\u00e1logo efetivo sobre quest\u00f5es econ\u00f4micas. Ele enfatiza a import\u00e2ncia de interagir com setores cruciais como a ind\u00fastria, com\u00e9rcio, agroneg\u00f3cio e turismo. Ara\u00fajo acredita que fortalecer essas \u00e1reas \u00e9 essencial para gerar empregos e promover o desenvolvimento econ\u00f4mico em Cama\u00e7ari e na Bahia. Suas propostas incluem incentivar a cria\u00e7\u00e3o de programas que atraiam investimentos e fomentem a inova\u00e7\u00e3o, com o objetivo de impulsionar a economia local.<\/p><div class=\"2410bb7248a64bb1f71103797e0f239b\" data-index=\"2\" style=\"float: none; margin:0px;\">\n<ins class=\"adsbygoogle\"\r\n     style=\"display:block; text-align:center;\"\r\n     data-ad-layout=\"in-article\"\r\n     data-ad-format=\"fluid\"\r\n     data-ad-client=\"ca-pub-8585364105181520\"\r\n     data-ad-slot=\"2899217073\"><\/ins>\r\n<script>\r\n     (adsbygoogle = window.adsbygoogle || []).push({});\r\n<\/script>\r\n\r\n<\/br><\/br>\n<\/div>\n\n<h2>Mudan\u00e7as nas ruas: o sentimento do povo<\/h2>\n<p>Durante suas recentes apari\u00e7\u00f5es p\u00fablicas, Ara\u00fajo captou um forte sentimento de mudan\u00e7a nas ruas. Ele tem ouvido as demandas dos cidad\u00e3os e acredita que eles est\u00e3o prontos para apoiar uma pauta de transforma\u00e7\u00e3o. O que ele percebe \u00e9 uma necessidade crescente de novos lideran\u00e7as que entendam e atendam os anseios da popula\u00e7\u00e3o. Esse clima de mudan\u00e7a \u00e9 um fator motivador que pode influenciar positivamente os resultados eleitorais.<\/p>\n<h2>Perspectivas de ACM Neto e sua equipe<\/h2>\n<p>ACM Neto, companheiro de partido de Ara\u00fajo, tamb\u00e9m \u00e9 uma figura central nas discuss\u00f5es pol\u00edticas atuais. Com uma agenda focada no desenvolvimento econ\u00f4mico e social, Neto pretende unir for\u00e7as com outros l\u00edderes pol\u00edticos para implementar uma vis\u00e3o inovadora para a Bahia. A colabora\u00e7\u00e3o entre Neto e sua equipe, incluindo Z\u00e9 Coc\u00e1, pr\u00e9-candidato a vice-governador, e Angelo Coronel, pode ser determinante no sucesso das propostas em prol da sociedade baiana.<\/p>\n<h2>A rela\u00e7\u00e3o de Elinaldo com o eleitorado<\/h2>\n<p>Elinaldo Ara\u00fajo tem trabalhado arduamente para estabelecer uma rela\u00e7\u00e3o de confian\u00e7a com os eleitores. Ele frequentemente participa de eventos locais, ouvindo as preocupa\u00e7\u00f5es e sugest\u00f5es dos cidad\u00e3os. Essa aproxima\u00e7\u00e3o \u00e9 crucial para fortalecer la\u00e7os e construir uma imagem de l\u00edder acess\u00edvel. O ex-prefeito deseja garantir que sua comunica\u00e7\u00e3o com a popula\u00e7\u00e3o seja cont\u00ednua e respeitosa, sempre buscando entender as reais necessidades da comunidade.<\/p>\n<h2>Desafios a serem enfrentados nas elei\u00e7\u00f5es<\/h2>\n<p>As elei\u00e7\u00f5es de 2026 trazem consigo uma s\u00e9rie de desafios que exigir\u00e3o trabalho intenso e dedica\u00e7\u00e3o. Ara\u00fajo reconhece que, al\u00e9m de vencer a concorr\u00eancia eleitoral, h\u00e1 a necessidade de garantir que as propostas apresentadas sejam vi\u00e1veis e alinhadas \u00e0s expectativas do eleitorado. O engajamento da popula\u00e7\u00e3o, a promo\u00e7\u00e3o de debates e a resolu\u00e7\u00e3o de quest\u00f5es prementes ser\u00e3o fundamentais para que sua campanha transcorra de forma positiva.<\/p>\n<h2>O papel do agroneg\u00f3cio na campanha<\/h2>\n<p>Elinaldo Ara\u00fajo entende que o agroneg\u00f3cio \u00e9 um dos pilares do desenvolvimento econ\u00f4mico na Bahia. Ele pretende promover pol\u00edticas que valorizem e incentivem esse setor, visando \u00e0 gera\u00e7\u00e3o de empregos e ao aumento da renda na regi\u00e3o. O fortalecimento do agroneg\u00f3cio n\u00e3o \u00e9 apenas uma prioridade para Ara\u00fajo, mas uma estrat\u00e9gia que visa melhorar a qualidade de vida dos cidad\u00e3os e assegurar um futuro pr\u00f3spero para o estado como um todo.<\/p>\n<div class=\"2410bb7248a64bb1f71103797e0f239b\" data-index=\"3\" style=\"float: none; margin:0px;\">\n<\/br><\/br>\r\n\r\n<ins class=\"adsbygoogle\"\r\n     style=\"display:block\"\r\n     data-ad-format=\"fluid\"\r\n     data-ad-layout-key=\"-63+do+n-1s+9e\"\r\n     data-ad-client=\"ca-pub-8585364105181520\"\r\n     data-ad-slot=\"6838462089\"><\/ins>\r\n<script>\r\n     (adsbygoogle = window.adsbygoogle || []).push({});\r\n<\/script>\n<\/div>\n\n<div style=\"font-size: 0px; height: 0px; line-height: 0px; margin: 0; padding: 0; clear: both;\"><\/div>","protected":false},"excerpt":{"rendered":"<p>Ex-prefeito de Cama\u00e7ari, Elinaldo Ara\u00fajo, expressa motiva\u00e7\u00e3o para candidatura nas elei\u00e7\u00f5es de 2026.<\/p>\n","protected":false},"author":1,"featured_media":1281,"comment_status":"open","ping_status":"closed","sticky":false,"template":"","format":"standard","meta":{"footnotes":""},"categories":[1],"tags":[],"class_list":["post-1282","post","type-post","status-publish","format-standard","has-post-thumbnail","hentry","category-noticias-em-camacari","has_thumb"],"aioseo_notices":[],"aioseo_head":"\n\t\t<!-- All in One SEO 5.0.0.1 - aioseo.com -->\n\t<meta name=\"description\" content=\"Ex-prefeito de Cama\u00e7ari, Elinaldo Ara\u00fajo, expressa motiva\u00e7\u00e3o para candidatura nas elei\u00e7\u00f5es de 2026.\" \/>\n\t<meta name=\"robots\" content=\"max-image-preview:large\" \/>\n\t<meta name=\"author\" content=\"Encontra Cama\u00e7ari\"\/>\n\t<link rel=\"canonical\" href=\"https:\/\/www.encontracamacari.com.br\/sobre\/ex\/\" \/>\n\t<meta name=\"generator\" content=\"All in One SEO (AIOSEO) 5.0.0.1\" \/>\n\t\t<meta property=\"og:locale\" content=\"pt_BR\" \/>\n\t\t<meta property=\"og:site_name\" content=\"Encontra Cama\u00e7ari - Not\u00edcias, eventos, informa\u00e7\u00f5es e dicas na cidade de Cama\u00e7ari e regi\u00e3o.\" \/>\n\t\t<meta property=\"og:type\" content=\"article\" \/>\n\t\t<meta property=\"og:title\" content=\"Ex - Encontra Cama\u00e7ari\" \/>\n\t\t<meta property=\"og:description\" content=\"Ex-prefeito de Cama\u00e7ari, Elinaldo Ara\u00fajo, expressa motiva\u00e7\u00e3o para candidatura nas elei\u00e7\u00f5es de 2026.\" \/>\n\t\t<meta property=\"og:url\" content=\"https:\/\/www.encontracamacari.com.br\/sobre\/ex\/\" \/>\n\t\t<meta property=\"article:published_time\" content=\"2026-07-03T14:50:05+00:00\" \/>\n\t\t<meta property=\"article:modified_time\" content=\"2026-07-03T14:50:05+00:00\" \/>\n\t\t<meta name=\"twitter:card\" content=\"summary_large_image\" \/>\n\t\t<meta name=\"twitter:title\" content=\"Ex - Encontra Cama\u00e7ari\" \/>\n\t\t<meta name=\"twitter:description\" content=\"Ex-prefeito de Cama\u00e7ari, Elinaldo Ara\u00fajo, expressa motiva\u00e7\u00e3o para candidatura nas elei\u00e7\u00f5es de 2026.\" \/>\n\t\t<script type=\"application\/ld+json\" class=\"aioseo-schema\">\n\t\t\t{\"@context\":\"https:\\\/\\\/schema.org\",\"@graph\":[{\"@type\":\"BlogPosting\",\"@id\":\"https:\\\/\\\/www.encontracamacari.com.br\\\/sobre\\\/ex\\\/#blogposting\",\"name\":\"Ex - Encontra Cama\\u00e7ari\",\"headline\":\"Ex\",\"author\":{\"@id\":\"https:\\\/\\\/www.encontracamacari.com.br\\\/sobre\\\/author\\\/ecamacari\\\/#author\"},\"publisher\":{\"@id\":\"https:\\\/\\\/www.encontracamacari.com.br\\\/sobre\\\/#organization\"},\"image\":{\"@type\":\"ImageObject\",\"url\":\"https:\\\/\\\/www.encontracamacari.com.br\\\/sobre\\\/wp-content\\\/uploads\\\/2026\\\/07\\\/ex.webp\",\"width\":280,\"height\":280,\"caption\":\"elei\\u00e7\\u00f5es em Cama\\u00e7ari\"},\"datePublished\":\"2026-07-03T14:50:05+00:00\",\"dateModified\":\"2026-07-03T14:50:05+00:00\",\"inLanguage\":\"pt-BR\",\"mainEntityOfPage\":{\"@id\":\"https:\\\/\\\/www.encontracamacari.com.br\\\/sobre\\\/ex\\\/#webpage\"},\"isPartOf\":{\"@id\":\"https:\\\/\\\/www.encontracamacari.com.br\\\/sobre\\\/ex\\\/#webpage\"},\"articleSection\":\"Not\\u00edcias Cama\\u00e7ari\"},{\"@type\":\"BreadcrumbList\",\"@id\":\"https:\\\/\\\/www.encontracamacari.com.br\\\/sobre\\\/ex\\\/#breadcrumblist\",\"itemListElement\":[{\"@type\":\"ListItem\",\"@id\":\"https:\\\/\\\/www.encontracamacari.com.br\\\/sobre#listItem\",\"position\":1,\"name\":\"Home\",\"item\":\"https:\\\/\\\/www.encontracamacari.com.br\\\/sobre\",\"nextItem\":{\"@type\":\"ListItem\",\"@id\":\"https:\\\/\\\/www.encontracamacari.com.br\\\/sobre\\\/noticias-em-camacari\\\/#listItem\",\"name\":\"Not\\u00edcias Cama\\u00e7ari\"}},{\"@type\":\"ListItem\",\"@id\":\"https:\\\/\\\/www.encontracamacari.com.br\\\/sobre\\\/noticias-em-camacari\\\/#listItem\",\"position\":2,\"name\":\"Not\\u00edcias Cama\\u00e7ari\",\"item\":\"https:\\\/\\\/www.encontracamacari.com.br\\\/sobre\\\/noticias-em-camacari\\\/\",\"nextItem\":{\"@type\":\"ListItem\",\"@id\":\"https:\\\/\\\/www.encontracamacari.com.br\\\/sobre\\\/ex\\\/#listItem\",\"name\":\"Ex\"},\"previousItem\":{\"@type\":\"ListItem\",\"@id\":\"https:\\\/\\\/www.encontracamacari.com.br\\\/sobre#listItem\",\"name\":\"Home\"}},{\"@type\":\"ListItem\",\"@id\":\"https:\\\/\\\/www.encontracamacari.com.br\\\/sobre\\\/ex\\\/#listItem\",\"position\":3,\"name\":\"Ex\",\"previousItem\":{\"@type\":\"ListItem\",\"@id\":\"https:\\\/\\\/www.encontracamacari.com.br\\\/sobre\\\/noticias-em-camacari\\\/#listItem\",\"name\":\"Not\\u00edcias Cama\\u00e7ari\"}}]},{\"@type\":\"Organization\",\"@id\":\"https:\\\/\\\/www.encontracamacari.com.br\\\/sobre\\\/#organization\",\"name\":\"Encontra Cama\\u00e7ari\",\"description\":\"Not\\u00edcias, eventos, informa\\u00e7\\u00f5es e dicas na cidade de Cama\\u00e7ari e regi\\u00e3o.\",\"url\":\"https:\\\/\\\/www.encontracamacari.com.br\\\/sobre\\\/\"},{\"@type\":\"Person\",\"@id\":\"https:\\\/\\\/www.encontracamacari.com.br\\\/sobre\\\/author\\\/ecamacari\\\/#author\",\"url\":\"https:\\\/\\\/www.encontracamacari.com.br\\\/sobre\\\/author\\\/ecamacari\\\/\",\"name\":\"Encontra Cama\\u00e7ari\",\"image\":{\"@type\":\"ImageObject\",\"@id\":\"https:\\\/\\\/www.encontracamacari.com.br\\\/sobre\\\/ex\\\/#authorImage\",\"url\":\"https:\\\/\\\/secure.gravatar.com\\\/avatar\\\/507340682b8270222e1f208e23198b6ae7e2c6a1033ae84e99bc6bce4f82a387?s=96&d=mm&r=g\",\"width\":96,\"height\":96,\"caption\":\"Encontra Cama\\u00e7ari\"}},{\"@type\":\"WebPage\",\"@id\":\"https:\\\/\\\/www.encontracamacari.com.br\\\/sobre\\\/ex\\\/#webpage\",\"url\":\"https:\\\/\\\/www.encontracamacari.com.br\\\/sobre\\\/ex\\\/\",\"name\":\"Ex - Encontra Cama\\u00e7ari\",\"description\":\"Ex-prefeito de Cama\\u00e7ari, Elinaldo Ara\\u00fajo, expressa motiva\\u00e7\\u00e3o para candidatura nas elei\\u00e7\\u00f5es de 2026.\",\"inLanguage\":\"pt-BR\",\"isPartOf\":{\"@id\":\"https:\\\/\\\/www.encontracamacari.com.br\\\/sobre\\\/#website\"},\"breadcrumb\":{\"@id\":\"https:\\\/\\\/www.encontracamacari.com.br\\\/sobre\\\/ex\\\/#breadcrumblist\"},\"author\":{\"@id\":\"https:\\\/\\\/www.encontracamacari.com.br\\\/sobre\\\/author\\\/ecamacari\\\/#author\"},\"creator\":{\"@id\":\"https:\\\/\\\/www.encontracamacari.com.br\\\/sobre\\\/author\\\/ecamacari\\\/#author\"},\"image\":{\"@type\":\"ImageObject\",\"url\":\"https:\\\/\\\/www.encontracamacari.com.br\\\/sobre\\\/wp-content\\\/uploads\\\/2026\\\/07\\\/ex.webp\",\"@id\":\"https:\\\/\\\/www.encontracamacari.com.br\\\/sobre\\\/ex\\\/#mainImage\",\"width\":280,\"height\":280,\"caption\":\"elei\\u00e7\\u00f5es em Cama\\u00e7ari\"},\"primaryImageOfPage\":{\"@id\":\"https:\\\/\\\/www.encontracamacari.com.br\\\/sobre\\\/ex\\\/#mainImage\"},\"datePublished\":\"2026-07-03T14:50:05+00:00\",\"dateModified\":\"2026-07-03T14:50:05+00:00\"},{\"@type\":\"WebSite\",\"@id\":\"https:\\\/\\\/www.encontracamacari.com.br\\\/sobre\\\/#website\",\"url\":\"https:\\\/\\\/www.encontracamacari.com.br\\\/sobre\\\/\",\"name\":\"Encontra Cama\\u00e7ari\",\"description\":\"Not\\u00edcias, eventos, informa\\u00e7\\u00f5es e dicas na cidade de Cama\\u00e7ari e regi\\u00e3o.\",\"inLanguage\":\"pt-BR\",\"publisher\":{\"@id\":\"https:\\\/\\\/www.encontracamacari.com.br\\\/sobre\\\/#organization\"}}]}\n\t\t<\/script>\n\t\t<!-- All in One SEO -->\n\n","aioseo_head_json":{"title":"Ex - Encontra Cama\u00e7ari","description":"Ex-prefeito de Cama\u00e7ari, Elinaldo Ara\u00fajo, expressa motiva\u00e7\u00e3o para candidatura nas elei\u00e7\u00f5es de 2026.","canonical_url":"https:\/\/www.encontracamacari.com.br\/sobre\/ex\/","robots":"max-image-preview:large","keywords":"","webmasterTools":{"miscellaneous":""},"schema":{"@context":"https:\/\/schema.org","@graph":[{"@type":"BlogPosting","@id":"https:\/\/www.encontracamacari.com.br\/sobre\/ex\/#blogposting","name":"Ex - Encontra Cama\u00e7ari","headline":"Ex","author":{"@id":"https:\/\/www.encontracamacari.com.br\/sobre\/author\/ecamacari\/#author"},"publisher":{"@id":"https:\/\/www.encontracamacari.com.br\/sobre\/#organization"},"image":{"@type":"ImageObject","url":"https:\/\/www.encontracamacari.com.br\/sobre\/wp-content\/uploads\/2026\/07\/ex.webp","width":280,"height":280,"caption":"elei\u00e7\u00f5es em Cama\u00e7ari"},"datePublished":"2026-07-03T14:50:05+00:00","dateModified":"2026-07-03T14:50:05+00:00","inLanguage":"pt-BR","mainEntityOfPage":{"@id":"https:\/\/www.encontracamacari.com.br\/sobre\/ex\/#webpage"},"isPartOf":{"@id":"https:\/\/www.encontracamacari.com.br\/sobre\/ex\/#webpage"},"articleSection":"Not\u00edcias Cama\u00e7ari"},{"@type":"BreadcrumbList","@id":"https:\/\/www.encontracamacari.com.br\/sobre\/ex\/#breadcrumblist","itemListElement":[{"@type":"ListItem","@id":"https:\/\/www.encontracamacari.com.br\/sobre#listItem","position":1,"name":"Home","item":"https:\/\/www.encontracamacari.com.br\/sobre","nextItem":{"@type":"ListItem","@id":"https:\/\/www.encontracamacari.com.br\/sobre\/noticias-em-camacari\/#listItem","name":"Not\u00edcias Cama\u00e7ari"}},{"@type":"ListItem","@id":"https:\/\/www.encontracamacari.com.br\/sobre\/noticias-em-camacari\/#listItem","position":2,"name":"Not\u00edcias Cama\u00e7ari","item":"https:\/\/www.encontracamacari.com.br\/sobre\/noticias-em-camacari\/","nextItem":{"@type":"ListItem","@id":"https:\/\/www.encontracamacari.com.br\/sobre\/ex\/#listItem","name":"Ex"},"previousItem":{"@type":"ListItem","@id":"https:\/\/www.encontracamacari.com.br\/sobre#listItem","name":"Home"}},{"@type":"ListItem","@id":"https:\/\/www.encontracamacari.com.br\/sobre\/ex\/#listItem","position":3,"name":"Ex","previousItem":{"@type":"ListItem","@id":"https:\/\/www.encontracamacari.com.br\/sobre\/noticias-em-camacari\/#listItem","name":"Not\u00edcias Cama\u00e7ari"}}]},{"@type":"Organization","@id":"https:\/\/www.encontracamacari.com.br\/sobre\/#organization","name":"Encontra Cama\u00e7ari","description":"Not\u00edcias, eventos, informa\u00e7\u00f5es e dicas na cidade de Cama\u00e7ari e regi\u00e3o.","url":"https:\/\/www.encontracamacari.com.br\/sobre\/"},{"@type":"Person","@id":"https:\/\/www.encontracamacari.com.br\/sobre\/author\/ecamacari\/#author","url":"https:\/\/www.encontracamacari.com.br\/sobre\/author\/ecamacari\/","name":"Encontra Cama\u00e7ari","image":{"@type":"ImageObject","@id":"https:\/\/www.encontracamacari.com.br\/sobre\/ex\/#authorImage","url":"https:\/\/secure.gravatar.com\/avatar\/507340682b8270222e1f208e23198b6ae7e2c6a1033ae84e99bc6bce4f82a387?s=96&d=mm&r=g","width":96,"height":96,"caption":"Encontra Cama\u00e7ari"}},{"@type":"WebPage","@id":"https:\/\/www.encontracamacari.com.br\/sobre\/ex\/#webpage","url":"https:\/\/www.encontracamacari.com.br\/sobre\/ex\/","name":"Ex - Encontra Cama\u00e7ari","description":"Ex-prefeito de Cama\u00e7ari, Elinaldo Ara\u00fajo, expressa motiva\u00e7\u00e3o para candidatura nas elei\u00e7\u00f5es de 2026.","inLanguage":"pt-BR","isPartOf":{"@id":"https:\/\/www.encontracamacari.com.br\/sobre\/#website"},"breadcrumb":{"@id":"https:\/\/www.encontracamacari.com.br\/sobre\/ex\/#breadcrumblist"},"author":{"@id":"https:\/\/www.encontracamacari.com.br\/sobre\/author\/ecamacari\/#author"},"creator":{"@id":"https:\/\/www.encontracamacari.com.br\/sobre\/author\/ecamacari\/#author"},"image":{"@type":"ImageObject","url":"https:\/\/www.encontracamacari.com.br\/sobre\/wp-content\/uploads\/2026\/07\/ex.webp","@id":"https:\/\/www.encontracamacari.com.br\/sobre\/ex\/#mainImage","width":280,"height":280,"caption":"elei\u00e7\u00f5es em Cama\u00e7ari"},"primaryImageOfPage":{"@id":"https:\/\/www.encontracamacari.com.br\/sobre\/ex\/#mainImage"},"datePublished":"2026-07-03T14:50:05+00:00","dateModified":"2026-07-03T14:50:05+00:00"},{"@type":"WebSite","@id":"https:\/\/www.encontracamacari.com.br\/sobre\/#website","url":"https:\/\/www.encontracamacari.com.br\/sobre\/","name":"Encontra Cama\u00e7ari","description":"Not\u00edcias, eventos, informa\u00e7\u00f5es e dicas na cidade de Cama\u00e7ari e regi\u00e3o.","inLanguage":"pt-BR","publisher":{"@id":"https:\/\/www.encontracamacari.com.br\/sobre\/#organization"}}]},"og:locale":"pt_BR","og:site_name":"Encontra Cama\u00e7ari - Not\u00edcias, eventos, informa\u00e7\u00f5es e dicas na cidade de Cama\u00e7ari e regi\u00e3o.","og:type":"article","og:title":"Ex - Encontra Cama\u00e7ari","og:description":"Ex-prefeito de Cama\u00e7ari, Elinaldo Ara\u00fajo, expressa motiva\u00e7\u00e3o para candidatura nas elei\u00e7\u00f5es de 2026.","og:url":"https:\/\/www.encontracamacari.com.br\/sobre\/ex\/","article:published_time":"2026-07-03T14:50:05+00:00","article:modified_time":"2026-07-03T14:50:05+00:00","twitter:card":"summary_large_image","twitter:title":"Ex - Encontra Cama\u00e7ari","twitter:description":"Ex-prefeito de Cama\u00e7ari, Elinaldo Ara\u00fajo, expressa motiva\u00e7\u00e3o para candidatura nas elei\u00e7\u00f5es de 2026."},"aioseo_meta_data":{"post_id":"1282","title":null,"description":null,"keywords":null,"keyphrases":null,"primary_term":null,"canonical_url":null,"og_title":null,"og_description":null,"og_object_type":"default","og_image_type":"default","og_image_url":null,"og_image_width":null,"og_image_height":null,"og_image_custom_url":null,"og_image_custom_fields":null,"og_video":null,"og_custom_url":null,"og_article_section":null,"og_article_tags":null,"twitter_use_og":false,"twitter_card":"default","twitter_image_type":"default","twitter_image_url":null,"twitter_image_custom_url":null,"twitter_image_custom_fields":null,"twitter_title":null,"twitter_description":null,"schema":{"blockGraphs":[],"customGraphs":[],"default":{"data":{"Article":[],"Course":[],"Dataset":[],"FAQPage":[],"Movie":[],"Person":[],"Product":[],"ProductReview":[],"Car":[],"Recipe":[],"Service":[],"SoftwareApplication":[],"WebPage":[]},"graphName":"BlogPosting","isEnabled":true},"graphs":[]},"schema_type":"default","schema_type_options":null,"pillar_content":false,"robots_default":true,"robots_noindex":false,"robots_noarchive":false,"robots_nosnippet":false,"robots_nofollow":false,"robots_noimageindex":false,"robots_noodp":false,"robots_notranslate":false,"robots_max_snippet":null,"robots_max_videopreview":null,"robots_max_imagepreview":"large","priority":null,"frequency":null,"local_seo":null,"limit_modified_date":false,"created":"2026-07-03 14:50:08","updated":"2026-08-06 03:34:07","focus_keyword":null,"additional_keywords":null,"truseo_locale":null,"ai":null,"breadcrumb_settings":null,"seo_analyzer_scan_date":null},"aioseo_breadcrumb":"<div class=\"aioseo-breadcrumbs\"><span class=\"aioseo-breadcrumb\">\n\t\t\t<a href=\"https:\/\/www.encontracamacari.com.br\/sobre\" title=\"Home\">Home<\/a>\n\t\t<\/span><span class=\"aioseo-breadcrumb-separator\">&raquo;<\/span><span class=\"aioseo-breadcrumb\">\n\t\t\t<a href=\"https:\/\/www.encontracamacari.com.br\/sobre\/noticias-em-camacari\/\" title=\"Not\u00edcias Cama\u00e7ari\">Not\u00edcias Cama\u00e7ari<\/a>\n\t\t<\/span><span class=\"aioseo-breadcrumb-separator\">&raquo;<\/span><span class=\"aioseo-breadcrumb\">\n\t\t\tEx\n\t\t<\/span><\/div>","aioseo_breadcrumb_json":[{"label":"Home","link":"https:\/\/www.encontracamacari.com.br\/sobre"},{"label":"Not\u00edcias Cama\u00e7ari","link":"https:\/\/www.encontracamacari.com.br\/sobre\/noticias-em-camacari\/"},{"label":"Ex","link":"https:\/\/www.encontracamacari.com.br\/sobre\/ex\/"}],"_links":{"self":[{"href":"https:\/\/www.encontracamacari.com.br\/sobre\/wp-json\/wp\/v2\/posts\/1282","targetHints":{"allow":["GET"]}}],"collection":[{"href":"https:\/\/www.encontracamacari.com.br\/sobre\/wp-json\/wp\/v2\/posts"}],"about":[{"href":"https:\/\/www.encontracamacari.com.br\/sobre\/wp-json\/wp\/v2\/types\/post"}],"author":[{"embeddable":true,"href":"https:\/\/www.encontracamacari.com.br\/sobre\/wp-json\/wp\/v2\/users\/1"}],"replies":[{"embeddable":true,"href":"https:\/\/www.encontracamacari.com.br\/sobre\/wp-json\/wp\/v2\/comments?post=1282"}],"version-history":[{"count":0,"href":"https:\/\/www.encontracamacari.com.br\/sobre\/wp-json\/wp\/v2\/posts\/1282\/revisions"}],"wp:featuredmedia":[{"embeddable":true,"href":"https:\/\/www.encontracamacari.com.br\/sobre\/wp-json\/wp\/v2\/media\/1281"}],"wp:attachment":[{"href":"https:\/\/www.encontracamacari.com.br\/sobre\/wp-json\/wp\/v2\/media?parent=1282"}],"wp:term":[{"taxonomy":"category","embeddable":true,"href":"https:\/\/www.encontracamacari.com.br\/sobre\/wp-json\/wp\/v2\/categories?post=1282"},{"taxonomy":"post_tag","embeddable":true,"href":"https:\/\/www.encontracamacari.com.br\/sobre\/wp-json\/wp\/v2\/tags?post=1282"}],"curies":[{"name":"wp","href":"https:\/\/api.w.org\/{rel}","templated":true}]}}