{"id":1275,"date":"2026-07-03T06:17:08","date_gmt":"2026-07-03T06:17:08","guid":{"rendered":"https:\/\/www.encontracamacari.com.br\/sobre\/geraldinho-reforca-parceria-entre-governo-da-bahia-e-camacari-no-encerramento-do-camaforro\/"},"modified":"2026-07-03T06:17:08","modified_gmt":"2026-07-03T06:17:08","slug":"geraldinho-reforca-parceria-entre-governo-da-bahia-e-camacari-no-encerramento-do-camaforro","status":"publish","type":"post","link":"https:\/\/www.encontracamacari.com.br\/sobre\/geraldinho-reforca-parceria-entre-governo-da-bahia-e-camacari-no-encerramento-do-camaforro\/","title":{"rendered":"GERALDINHO REFOR\u00c7A PARCERIA ENTRE GOVERNO DA BAHIA E CAMA\u00c7ARI NO ENCERRAMENTO DO CAMAFORR\u00d3"},"content":{"rendered":"<div class=\"2410bb7248a64bb1f71103797e0f239b\" data-index=\"1\" style=\"float: none; margin:0px;\">\n<ins class=\"adsbygoogle\"\r\n     style=\"display:block\"\r\n     data-ad-client=\"ca-pub-8585364105181520\"\r\n     data-ad-slot=\"8789329856\"\r\n     data-ad-format=\"auto\"\r\n     data-full-width-responsive=\"true\"><\/ins>\r\n<script>\r\n     (adsbygoogle = window.adsbygoogle || []).push({});\r\n<\/script>\n<\/div>\n<h2>Geraldinho e a Tradi\u00e7\u00e3o Junina<\/h2>\n<p>Na noite de ter\u00e7a-feira, 23 de junho de 2026, o vice-governador Geraldinho marcou presen\u00e7a no encerramento do evento Camaforr\u00f3 2026, realizado em Cama\u00e7ari. A festa, que atraiu mais de 126 mil visitantes, n\u00e3o \u00e9 apenas uma celebra\u00e7\u00e3o, mas sim um reflexo da cultura nordestina, sendo um ponto de encontro de tradi\u00e7\u00f5es que remontam \u00e0s origens da regi\u00e3o. Entre artistas locais e atra\u00e7\u00f5es de renome nacional, o evento se destaca por promover a m\u00fasica, a dan\u00e7a e a culin\u00e1ria t\u00edpica do S\u00e3o Jo\u00e3o.<\/p>\n<h2>Impacto Econ\u00f4mico do Camaforr\u00f3<\/h2>\n<p>O Camaforr\u00f3 vai al\u00e9m de uma simples festividade; ele atua como um motor econ\u00f4mico para o munic\u00edpio. Geraldinho comentou sobre a movimenta\u00e7\u00e3o financeira que o evento proporciona, gerando emprego e renda para a comunidade local, al\u00e9m de atrair turistas que podem se encantar com as diversas atra\u00e7\u00f5es dispon\u00edveis. Este fluxo de visitantes influencia positivamente o com\u00e9rcio e servi\u00e7os da cidade, refor\u00e7ando a import\u00e2ncia dos festejos juninos para a economia regional.<\/p>\n<h2>Apoio do Governo da Bahia<\/h2>\n<p>O apoio do Governo da Bahia, por meio da Superintend\u00eancia de Fomento ao Turismo da Bahia (Sufotur), foi essencial para o sucesso do Camaforr\u00f3. Durante o evento, o vice-governador destacou que o estado tem trabalhado para garantir a realiza\u00e7\u00e3o de festas juninas em mais de 280 munic\u00edpios baianos, refor\u00e7ando a presen\u00e7a do governo nas a\u00e7\u00f5es que fomentam a cultura local. A coordena\u00e7\u00e3o integrada nas \u00e1reas de seguran\u00e7a p\u00fablica, sa\u00fade e preserva\u00e7\u00e3o ambiental mostra um comprometimento em proporcionar uma experi\u00eancia segura e agrad\u00e1vel para todos os participantes.<\/p>\n<p><img decoding=\"async\" src=\"https:\/\/www.encontracamacari.com.br\/sobre\/wp-content\/uploads\/2026\/07\/geraldinho-reforca-parceria-entre-governo-da-bahia-e-camacari-no-encerramento-do-camaforro.webp\" alt=\"Geraldinho parceria governo Bahia Cama\u00e7ari\" loading=\"lazy\" \/><\/p>\n<h2>Inclus\u00e3o e Acessibilidade no Evento<\/h2>\n<p>Um dos aspectos mais elogiados por Geraldinho foi a preocupa\u00e7\u00e3o com a inclus\u00e3o e a acessibilidade no Camaforr\u00f3. O vice-governador ressaltou a efetividade das a\u00e7\u00f5es voltadas para pessoas com defici\u00eancia, al\u00e9m de iniciativas de apoio \u00e0s mulheres e \u00e0 juventude. \u00c9 uma demonstra\u00e7\u00e3o de que as festividades podem ser um espa\u00e7o de inclus\u00e3o social, permitindo que todos aproveitem as celebra\u00e7\u00f5es de forma digna e respeitosa.<\/p><div class=\"2410bb7248a64bb1f71103797e0f239b\" data-index=\"2\" style=\"float: none; margin:0px;\">\n<ins class=\"adsbygoogle\"\r\n     style=\"display:block; text-align:center;\"\r\n     data-ad-layout=\"in-article\"\r\n     data-ad-format=\"fluid\"\r\n     data-ad-client=\"ca-pub-8585364105181520\"\r\n     data-ad-slot=\"2899217073\"><\/ins>\r\n<script>\r\n     (adsbygoogle = window.adsbygoogle || []).push({});\r\n<\/script>\r\n\r\n<\/br><\/br>\n<\/div>\n\n<h2>Celebra\u00e7\u00e3o da Cultura Sertaneja<\/h2>\n<p>A valoriza\u00e7\u00e3o da cultura sertaneja e nordestina \u00e9 outra faceta importante do Camaforr\u00f3. Placeholders de artistas emergentes e veteranos, a festa serve como uma vitrine para talentos locais que, muitas vezes, encontram ali a oportunidade de se apresentar e se conectar com o p\u00fablico. Essa troca cultural n\u00e3o apenas refor\u00e7a as tradi\u00e7\u00f5es locais, mas tamb\u00e9m impulsiona a nova gera\u00e7\u00e3o de artistas a continuar promovendo a riqueza da cultura nordestina.<\/p>\n<h2>Esfor\u00e7os em Seguran\u00e7a e Sa\u00fade<\/h2>\n<p>Durante a festividade, a seguran\u00e7a foi uma prioridade. O vice-governador afirmou que o Estado implementou refor\u00e7os das for\u00e7as de seguran\u00e7a para garantir a tranquilidade dos participantes. Al\u00e9m disso, servi\u00e7os de sa\u00fade foram ampliados para atender \u00e0 demanda potencial gerada pelo grande n\u00famero de visitantes, assegurando que todos pudessem desfrutar do evento com seguran\u00e7a e bem-estar.<\/p>\n<h2>A Import\u00e2ncia do Turismo em Cama\u00e7ari<\/h2>\n<p>O turismo \u00e9 vital para a cidade de Cama\u00e7ari, e eventos como o Camaforr\u00f3 s\u00e3o fundamentais para atrair visitantes durante todo o ano. Geraldinho expressou sua confian\u00e7a de que estas iniciativas n\u00e3o apenas fortalecem a cultura local, mas tamb\u00e9m criam mais oportunidades de emprego e de renda para os cidad\u00e3os. A infraestrutura tur\u00edstica em expans\u00e3o tamb\u00e9m deve contribuir para o crescimento cont\u00ednuo do setor na regi\u00e3o.<\/p>\n<h2>Fortalecimento das Parcerias Locais<\/h2>\n<p>Geraldinho enfatizou a import\u00e2ncia da colabora\u00e7\u00e3o entre o Governo do Estado e a Prefeitura de Cama\u00e7ari. Essa parceria tem sido um diferencial nos preparativos e na execu\u00e7\u00e3o de eventos dessa magnitude, que n\u00e3o s\u00f3 promovem a cultura, mas tamb\u00e9m trazem benef\u00edcios diretos para a popula\u00e7\u00e3o local. O vice-governador apontou que o cuidado com os cidad\u00e3os e a constru\u00e7\u00e3o de um ambiente inclusivo s\u00e3o parte essencial dessa colabora\u00e7\u00e3o.<\/p>\n<h2>Revela\u00e7\u00e3o de Novos Talentos<\/h2>\n<p>Um dos prop\u00f3sitos do Camaforr\u00f3 \u00e9 a revela\u00e7\u00e3o de novos talentos da m\u00fasica e da cultura. A presen\u00e7a de artistas locais ao lado de nomes renomados \u00e9 uma estrat\u00e9gia que ajuda a impulsionar carreiras e d\u00e1 visibilidade ao que h\u00e1 de melhor na diversidade cultural da Bahia. Geraldinho mencionou que essa iniciativa ajuda a promover uma nova gera\u00e7\u00e3o de m\u00fasicos que honram a tradi\u00e7\u00e3o enquanto inovam.<\/p>\n<h2>Vis\u00f5es Futuras para Cama\u00e7ari<\/h2>\n<p>Com o sucesso do Camaforr\u00f3, a expectativa \u00e9 que eventos futuros continuem a expandir e valorizar a cultura local. Geraldinho deixou claro seu compromisso em fortalecer a parceria entre o Governo do Estado e a cidade, garantindo que estas iniciativas contribuam para o desenvolvimento cont\u00ednuo da comunidade. A soma de esfor\u00e7os entre a inova\u00e7\u00e3o cultural e o respeito \u00e0s tradi\u00e7\u00f5es ser\u00e1 vital para o futuro de Cama\u00e7ari e da Bahia como um todo.<\/p>\n<div class=\"2410bb7248a64bb1f71103797e0f239b\" data-index=\"3\" style=\"float: none; margin:0px;\">\n<\/br><\/br>\r\n\r\n<ins class=\"adsbygoogle\"\r\n     style=\"display:block\"\r\n     data-ad-format=\"fluid\"\r\n     data-ad-layout-key=\"-63+do+n-1s+9e\"\r\n     data-ad-client=\"ca-pub-8585364105181520\"\r\n     data-ad-slot=\"6838462089\"><\/ins>\r\n<script>\r\n     (adsbygoogle = window.adsbygoogle || []).push({});\r\n<\/script>\n<\/div>\n\n<div style=\"font-size: 0px; height: 0px; line-height: 0px; margin: 0; padding: 0; clear: both;\"><\/div>","protected":false},"excerpt":{"rendered":"<p>Camaforr\u00f3 2026 destaca a parceria entre Geraldinho e governo da Bahia.<\/p>\n","protected":false},"author":1,"featured_media":1274,"comment_status":"open","ping_status":"closed","sticky":false,"template":"","format":"standard","meta":{"footnotes":""},"categories":[1],"tags":[],"class_list":["post-1275","post","type-post","status-publish","format-standard","has-post-thumbnail","hentry","category-noticias-em-camacari","has_thumb"],"aioseo_notices":[],"aioseo_head":"\n\t\t<!-- All in One SEO 5.0.0.1 - aioseo.com -->\n\t<meta name=\"description\" content=\"Camaforr\u00f3 2026 destaca a parceria entre Geraldinho e governo da Bahia.\" \/>\n\t<meta name=\"robots\" content=\"max-image-preview:large\" \/>\n\t<meta name=\"author\" content=\"Encontra Cama\u00e7ari\"\/>\n\t<link rel=\"canonical\" href=\"https:\/\/www.encontracamacari.com.br\/sobre\/geraldinho-reforca-parceria-entre-governo-da-bahia-e-camacari-no-encerramento-do-camaforro\/\" \/>\n\t<meta name=\"generator\" content=\"All in One SEO (AIOSEO) 5.0.0.1\" \/>\n\t\t<meta property=\"og:locale\" content=\"pt_BR\" \/>\n\t\t<meta property=\"og:site_name\" content=\"Encontra Cama\u00e7ari - Not\u00edcias, eventos, informa\u00e7\u00f5es e dicas na cidade de Cama\u00e7ari e regi\u00e3o.\" \/>\n\t\t<meta property=\"og:type\" content=\"article\" \/>\n\t\t<meta property=\"og:title\" content=\"GERALDINHO REFOR\u00c7A PARCERIA ENTRE GOVERNO DA BAHIA E CAMA\u00c7ARI NO ENCERRAMENTO DO CAMAFORR\u00d3 - Encontra Cama\u00e7ari\" \/>\n\t\t<meta property=\"og:description\" content=\"Camaforr\u00f3 2026 destaca a parceria entre Geraldinho e governo da Bahia.\" \/>\n\t\t<meta property=\"og:url\" content=\"https:\/\/www.encontracamacari.com.br\/sobre\/geraldinho-reforca-parceria-entre-governo-da-bahia-e-camacari-no-encerramento-do-camaforro\/\" \/>\n\t\t<meta property=\"article:published_time\" content=\"2026-07-03T06:17:08+00:00\" \/>\n\t\t<meta property=\"article:modified_time\" content=\"2026-07-03T06:17:08+00:00\" \/>\n\t\t<meta name=\"twitter:card\" content=\"summary_large_image\" \/>\n\t\t<meta name=\"twitter:title\" content=\"GERALDINHO REFOR\u00c7A PARCERIA ENTRE GOVERNO DA BAHIA E CAMA\u00c7ARI NO ENCERRAMENTO DO CAMAFORR\u00d3 - Encontra Cama\u00e7ari\" \/>\n\t\t<meta name=\"twitter:description\" content=\"Camaforr\u00f3 2026 destaca a parceria entre Geraldinho e governo da Bahia.\" \/>\n\t\t<script type=\"application\/ld+json\" class=\"aioseo-schema\">\n\t\t\t{\"@context\":\"https:\\\/\\\/schema.org\",\"@graph\":[{\"@type\":\"BlogPosting\",\"@id\":\"https:\\\/\\\/www.encontracamacari.com.br\\\/sobre\\\/geraldinho-reforca-parceria-entre-governo-da-bahia-e-camacari-no-encerramento-do-camaforro\\\/#blogposting\",\"name\":\"GERALDINHO REFOR\\u00c7A PARCERIA ENTRE GOVERNO DA BAHIA E CAMA\\u00c7ARI NO ENCERRAMENTO DO CAMAFORR\\u00d3 - Encontra Cama\\u00e7ari\",\"headline\":\"GERALDINHO REFOR\\u00c7A PARCERIA ENTRE GOVERNO DA BAHIA E CAMA\\u00c7ARI NO ENCERRAMENTO DO CAMAFORR\\u00d3\",\"author\":{\"@id\":\"https:\\\/\\\/www.encontracamacari.com.br\\\/sobre\\\/author\\\/ecamacari\\\/#author\"},\"publisher\":{\"@id\":\"https:\\\/\\\/www.encontracamacari.com.br\\\/sobre\\\/#organization\"},\"image\":{\"@type\":\"ImageObject\",\"url\":\"https:\\\/\\\/www.encontracamacari.com.br\\\/sobre\\\/wp-content\\\/uploads\\\/2026\\\/07\\\/geraldinho-reforca-parceria-entre-governo-da-bahia-e-camacari-no-encerramento-do-camaforro.webp\",\"width\":280,\"height\":280,\"caption\":\"Geraldinho parceria governo Bahia Cama\\u00e7ari\"},\"datePublished\":\"2026-07-03T06:17:08+00:00\",\"dateModified\":\"2026-07-03T06:17:08+00:00\",\"inLanguage\":\"pt-BR\",\"mainEntityOfPage\":{\"@id\":\"https:\\\/\\\/www.encontracamacari.com.br\\\/sobre\\\/geraldinho-reforca-parceria-entre-governo-da-bahia-e-camacari-no-encerramento-do-camaforro\\\/#webpage\"},\"isPartOf\":{\"@id\":\"https:\\\/\\\/www.encontracamacari.com.br\\\/sobre\\\/geraldinho-reforca-parceria-entre-governo-da-bahia-e-camacari-no-encerramento-do-camaforro\\\/#webpage\"},\"articleSection\":\"Not\\u00edcias Cama\\u00e7ari\"},{\"@type\":\"BreadcrumbList\",\"@id\":\"https:\\\/\\\/www.encontracamacari.com.br\\\/sobre\\\/geraldinho-reforca-parceria-entre-governo-da-bahia-e-camacari-no-encerramento-do-camaforro\\\/#breadcrumblist\",\"itemListElement\":[{\"@type\":\"ListItem\",\"@id\":\"https:\\\/\\\/www.encontracamacari.com.br\\\/sobre#listItem\",\"position\":1,\"name\":\"Home\",\"item\":\"https:\\\/\\\/www.encontracamacari.com.br\\\/sobre\",\"nextItem\":{\"@type\":\"ListItem\",\"@id\":\"https:\\\/\\\/www.encontracamacari.com.br\\\/sobre\\\/noticias-em-camacari\\\/#listItem\",\"name\":\"Not\\u00edcias Cama\\u00e7ari\"}},{\"@type\":\"ListItem\",\"@id\":\"https:\\\/\\\/www.encontracamacari.com.br\\\/sobre\\\/noticias-em-camacari\\\/#listItem\",\"position\":2,\"name\":\"Not\\u00edcias Cama\\u00e7ari\",\"item\":\"https:\\\/\\\/www.encontracamacari.com.br\\\/sobre\\\/noticias-em-camacari\\\/\",\"nextItem\":{\"@type\":\"ListItem\",\"@id\":\"https:\\\/\\\/www.encontracamacari.com.br\\\/sobre\\\/geraldinho-reforca-parceria-entre-governo-da-bahia-e-camacari-no-encerramento-do-camaforro\\\/#listItem\",\"name\":\"GERALDINHO REFOR\\u00c7A PARCERIA ENTRE GOVERNO DA BAHIA E CAMA\\u00c7ARI NO ENCERRAMENTO DO CAMAFORR\\u00d3\"},\"previousItem\":{\"@type\":\"ListItem\",\"@id\":\"https:\\\/\\\/www.encontracamacari.com.br\\\/sobre#listItem\",\"name\":\"Home\"}},{\"@type\":\"ListItem\",\"@id\":\"https:\\\/\\\/www.encontracamacari.com.br\\\/sobre\\\/geraldinho-reforca-parceria-entre-governo-da-bahia-e-camacari-no-encerramento-do-camaforro\\\/#listItem\",\"position\":3,\"name\":\"GERALDINHO REFOR\\u00c7A PARCERIA ENTRE GOVERNO DA BAHIA E CAMA\\u00c7ARI NO ENCERRAMENTO DO CAMAFORR\\u00d3\",\"previousItem\":{\"@type\":\"ListItem\",\"@id\":\"https:\\\/\\\/www.encontracamacari.com.br\\\/sobre\\\/noticias-em-camacari\\\/#listItem\",\"name\":\"Not\\u00edcias Cama\\u00e7ari\"}}]},{\"@type\":\"Organization\",\"@id\":\"https:\\\/\\\/www.encontracamacari.com.br\\\/sobre\\\/#organization\",\"name\":\"Encontra Cama\\u00e7ari\",\"description\":\"Not\\u00edcias, eventos, informa\\u00e7\\u00f5es e dicas na cidade de Cama\\u00e7ari e regi\\u00e3o.\",\"url\":\"https:\\\/\\\/www.encontracamacari.com.br\\\/sobre\\\/\"},{\"@type\":\"Person\",\"@id\":\"https:\\\/\\\/www.encontracamacari.com.br\\\/sobre\\\/author\\\/ecamacari\\\/#author\",\"url\":\"https:\\\/\\\/www.encontracamacari.com.br\\\/sobre\\\/author\\\/ecamacari\\\/\",\"name\":\"Encontra Cama\\u00e7ari\",\"image\":{\"@type\":\"ImageObject\",\"@id\":\"https:\\\/\\\/www.encontracamacari.com.br\\\/sobre\\\/geraldinho-reforca-parceria-entre-governo-da-bahia-e-camacari-no-encerramento-do-camaforro\\\/#authorImage\",\"url\":\"https:\\\/\\\/secure.gravatar.com\\\/avatar\\\/507340682b8270222e1f208e23198b6ae7e2c6a1033ae84e99bc6bce4f82a387?s=96&d=mm&r=g\",\"width\":96,\"height\":96,\"caption\":\"Encontra Cama\\u00e7ari\"}},{\"@type\":\"WebPage\",\"@id\":\"https:\\\/\\\/www.encontracamacari.com.br\\\/sobre\\\/geraldinho-reforca-parceria-entre-governo-da-bahia-e-camacari-no-encerramento-do-camaforro\\\/#webpage\",\"url\":\"https:\\\/\\\/www.encontracamacari.com.br\\\/sobre\\\/geraldinho-reforca-parceria-entre-governo-da-bahia-e-camacari-no-encerramento-do-camaforro\\\/\",\"name\":\"GERALDINHO REFOR\\u00c7A PARCERIA ENTRE GOVERNO DA BAHIA E CAMA\\u00c7ARI NO ENCERRAMENTO DO CAMAFORR\\u00d3 - Encontra Cama\\u00e7ari\",\"description\":\"Camaforr\\u00f3 2026 destaca a parceria entre Geraldinho e governo da Bahia.\",\"inLanguage\":\"pt-BR\",\"isPartOf\":{\"@id\":\"https:\\\/\\\/www.encontracamacari.com.br\\\/sobre\\\/#website\"},\"breadcrumb\":{\"@id\":\"https:\\\/\\\/www.encontracamacari.com.br\\\/sobre\\\/geraldinho-reforca-parceria-entre-governo-da-bahia-e-camacari-no-encerramento-do-camaforro\\\/#breadcrumblist\"},\"author\":{\"@id\":\"https:\\\/\\\/www.encontracamacari.com.br\\\/sobre\\\/author\\\/ecamacari\\\/#author\"},\"creator\":{\"@id\":\"https:\\\/\\\/www.encontracamacari.com.br\\\/sobre\\\/author\\\/ecamacari\\\/#author\"},\"image\":{\"@type\":\"ImageObject\",\"url\":\"https:\\\/\\\/www.encontracamacari.com.br\\\/sobre\\\/wp-content\\\/uploads\\\/2026\\\/07\\\/geraldinho-reforca-parceria-entre-governo-da-bahia-e-camacari-no-encerramento-do-camaforro.webp\",\"@id\":\"https:\\\/\\\/www.encontracamacari.com.br\\\/sobre\\\/geraldinho-reforca-parceria-entre-governo-da-bahia-e-camacari-no-encerramento-do-camaforro\\\/#mainImage\",\"width\":280,\"height\":280,\"caption\":\"Geraldinho parceria governo Bahia Cama\\u00e7ari\"},\"primaryImageOfPage\":{\"@id\":\"https:\\\/\\\/www.encontracamacari.com.br\\\/sobre\\\/geraldinho-reforca-parceria-entre-governo-da-bahia-e-camacari-no-encerramento-do-camaforro\\\/#mainImage\"},\"datePublished\":\"2026-07-03T06:17:08+00:00\",\"dateModified\":\"2026-07-03T06:17:08+00:00\"},{\"@type\":\"WebSite\",\"@id\":\"https:\\\/\\\/www.encontracamacari.com.br\\\/sobre\\\/#website\",\"url\":\"https:\\\/\\\/www.encontracamacari.com.br\\\/sobre\\\/\",\"name\":\"Encontra Cama\\u00e7ari\",\"description\":\"Not\\u00edcias, eventos, informa\\u00e7\\u00f5es e dicas na cidade de Cama\\u00e7ari e regi\\u00e3o.\",\"inLanguage\":\"pt-BR\",\"publisher\":{\"@id\":\"https:\\\/\\\/www.encontracamacari.com.br\\\/sobre\\\/#organization\"}}]}\n\t\t<\/script>\n\t\t<!-- All in One SEO -->\n\n","aioseo_head_json":{"title":"GERALDINHO REFOR\u00c7A PARCERIA ENTRE GOVERNO DA BAHIA E CAMA\u00c7ARI NO ENCERRAMENTO DO CAMAFORR\u00d3 - Encontra Cama\u00e7ari","description":"Camaforr\u00f3 2026 destaca a parceria entre Geraldinho e governo da Bahia.","canonical_url":"https:\/\/www.encontracamacari.com.br\/sobre\/geraldinho-reforca-parceria-entre-governo-da-bahia-e-camacari-no-encerramento-do-camaforro\/","robots":"max-image-preview:large","keywords":"","webmasterTools":{"miscellaneous":""},"schema":{"@context":"https:\/\/schema.org","@graph":[{"@type":"BlogPosting","@id":"https:\/\/www.encontracamacari.com.br\/sobre\/geraldinho-reforca-parceria-entre-governo-da-bahia-e-camacari-no-encerramento-do-camaforro\/#blogposting","name":"GERALDINHO REFOR\u00c7A PARCERIA ENTRE GOVERNO DA BAHIA E CAMA\u00c7ARI NO ENCERRAMENTO DO CAMAFORR\u00d3 - Encontra Cama\u00e7ari","headline":"GERALDINHO REFOR\u00c7A PARCERIA ENTRE GOVERNO DA BAHIA E CAMA\u00c7ARI NO ENCERRAMENTO DO CAMAFORR\u00d3","author":{"@id":"https:\/\/www.encontracamacari.com.br\/sobre\/author\/ecamacari\/#author"},"publisher":{"@id":"https:\/\/www.encontracamacari.com.br\/sobre\/#organization"},"image":{"@type":"ImageObject","url":"https:\/\/www.encontracamacari.com.br\/sobre\/wp-content\/uploads\/2026\/07\/geraldinho-reforca-parceria-entre-governo-da-bahia-e-camacari-no-encerramento-do-camaforro.webp","width":280,"height":280,"caption":"Geraldinho parceria governo Bahia Cama\u00e7ari"},"datePublished":"2026-07-03T06:17:08+00:00","dateModified":"2026-07-03T06:17:08+00:00","inLanguage":"pt-BR","mainEntityOfPage":{"@id":"https:\/\/www.encontracamacari.com.br\/sobre\/geraldinho-reforca-parceria-entre-governo-da-bahia-e-camacari-no-encerramento-do-camaforro\/#webpage"},"isPartOf":{"@id":"https:\/\/www.encontracamacari.com.br\/sobre\/geraldinho-reforca-parceria-entre-governo-da-bahia-e-camacari-no-encerramento-do-camaforro\/#webpage"},"articleSection":"Not\u00edcias Cama\u00e7ari"},{"@type":"BreadcrumbList","@id":"https:\/\/www.encontracamacari.com.br\/sobre\/geraldinho-reforca-parceria-entre-governo-da-bahia-e-camacari-no-encerramento-do-camaforro\/#breadcrumblist","itemListElement":[{"@type":"ListItem","@id":"https:\/\/www.encontracamacari.com.br\/sobre#listItem","position":1,"name":"Home","item":"https:\/\/www.encontracamacari.com.br\/sobre","nextItem":{"@type":"ListItem","@id":"https:\/\/www.encontracamacari.com.br\/sobre\/noticias-em-camacari\/#listItem","name":"Not\u00edcias Cama\u00e7ari"}},{"@type":"ListItem","@id":"https:\/\/www.encontracamacari.com.br\/sobre\/noticias-em-camacari\/#listItem","position":2,"name":"Not\u00edcias Cama\u00e7ari","item":"https:\/\/www.encontracamacari.com.br\/sobre\/noticias-em-camacari\/","nextItem":{"@type":"ListItem","@id":"https:\/\/www.encontracamacari.com.br\/sobre\/geraldinho-reforca-parceria-entre-governo-da-bahia-e-camacari-no-encerramento-do-camaforro\/#listItem","name":"GERALDINHO REFOR\u00c7A PARCERIA ENTRE GOVERNO DA BAHIA E CAMA\u00c7ARI NO ENCERRAMENTO DO CAMAFORR\u00d3"},"previousItem":{"@type":"ListItem","@id":"https:\/\/www.encontracamacari.com.br\/sobre#listItem","name":"Home"}},{"@type":"ListItem","@id":"https:\/\/www.encontracamacari.com.br\/sobre\/geraldinho-reforca-parceria-entre-governo-da-bahia-e-camacari-no-encerramento-do-camaforro\/#listItem","position":3,"name":"GERALDINHO REFOR\u00c7A PARCERIA ENTRE GOVERNO DA BAHIA E CAMA\u00c7ARI NO ENCERRAMENTO DO CAMAFORR\u00d3","previousItem":{"@type":"ListItem","@id":"https:\/\/www.encontracamacari.com.br\/sobre\/noticias-em-camacari\/#listItem","name":"Not\u00edcias Cama\u00e7ari"}}]},{"@type":"Organization","@id":"https:\/\/www.encontracamacari.com.br\/sobre\/#organization","name":"Encontra Cama\u00e7ari","description":"Not\u00edcias, eventos, informa\u00e7\u00f5es e dicas na cidade de Cama\u00e7ari e regi\u00e3o.","url":"https:\/\/www.encontracamacari.com.br\/sobre\/"},{"@type":"Person","@id":"https:\/\/www.encontracamacari.com.br\/sobre\/author\/ecamacari\/#author","url":"https:\/\/www.encontracamacari.com.br\/sobre\/author\/ecamacari\/","name":"Encontra Cama\u00e7ari","image":{"@type":"ImageObject","@id":"https:\/\/www.encontracamacari.com.br\/sobre\/geraldinho-reforca-parceria-entre-governo-da-bahia-e-camacari-no-encerramento-do-camaforro\/#authorImage","url":"https:\/\/secure.gravatar.com\/avatar\/507340682b8270222e1f208e23198b6ae7e2c6a1033ae84e99bc6bce4f82a387?s=96&d=mm&r=g","width":96,"height":96,"caption":"Encontra Cama\u00e7ari"}},{"@type":"WebPage","@id":"https:\/\/www.encontracamacari.com.br\/sobre\/geraldinho-reforca-parceria-entre-governo-da-bahia-e-camacari-no-encerramento-do-camaforro\/#webpage","url":"https:\/\/www.encontracamacari.com.br\/sobre\/geraldinho-reforca-parceria-entre-governo-da-bahia-e-camacari-no-encerramento-do-camaforro\/","name":"GERALDINHO REFOR\u00c7A PARCERIA ENTRE GOVERNO DA BAHIA E CAMA\u00c7ARI NO ENCERRAMENTO DO CAMAFORR\u00d3 - Encontra Cama\u00e7ari","description":"Camaforr\u00f3 2026 destaca a parceria entre Geraldinho e governo da Bahia.","inLanguage":"pt-BR","isPartOf":{"@id":"https:\/\/www.encontracamacari.com.br\/sobre\/#website"},"breadcrumb":{"@id":"https:\/\/www.encontracamacari.com.br\/sobre\/geraldinho-reforca-parceria-entre-governo-da-bahia-e-camacari-no-encerramento-do-camaforro\/#breadcrumblist"},"author":{"@id":"https:\/\/www.encontracamacari.com.br\/sobre\/author\/ecamacari\/#author"},"creator":{"@id":"https:\/\/www.encontracamacari.com.br\/sobre\/author\/ecamacari\/#author"},"image":{"@type":"ImageObject","url":"https:\/\/www.encontracamacari.com.br\/sobre\/wp-content\/uploads\/2026\/07\/geraldinho-reforca-parceria-entre-governo-da-bahia-e-camacari-no-encerramento-do-camaforro.webp","@id":"https:\/\/www.encontracamacari.com.br\/sobre\/geraldinho-reforca-parceria-entre-governo-da-bahia-e-camacari-no-encerramento-do-camaforro\/#mainImage","width":280,"height":280,"caption":"Geraldinho parceria governo Bahia Cama\u00e7ari"},"primaryImageOfPage":{"@id":"https:\/\/www.encontracamacari.com.br\/sobre\/geraldinho-reforca-parceria-entre-governo-da-bahia-e-camacari-no-encerramento-do-camaforro\/#mainImage"},"datePublished":"2026-07-03T06:17:08+00:00","dateModified":"2026-07-03T06:17:08+00:00"},{"@type":"WebSite","@id":"https:\/\/www.encontracamacari.com.br\/sobre\/#website","url":"https:\/\/www.encontracamacari.com.br\/sobre\/","name":"Encontra Cama\u00e7ari","description":"Not\u00edcias, eventos, informa\u00e7\u00f5es e dicas na cidade de Cama\u00e7ari e regi\u00e3o.","inLanguage":"pt-BR","publisher":{"@id":"https:\/\/www.encontracamacari.com.br\/sobre\/#organization"}}]},"og:locale":"pt_BR","og:site_name":"Encontra Cama\u00e7ari - Not\u00edcias, eventos, informa\u00e7\u00f5es e dicas na cidade de Cama\u00e7ari e regi\u00e3o.","og:type":"article","og:title":"GERALDINHO REFOR\u00c7A PARCERIA ENTRE GOVERNO DA BAHIA E CAMA\u00c7ARI NO ENCERRAMENTO DO CAMAFORR\u00d3 - Encontra Cama\u00e7ari","og:description":"Camaforr\u00f3 2026 destaca a parceria entre Geraldinho e governo da Bahia.","og:url":"https:\/\/www.encontracamacari.com.br\/sobre\/geraldinho-reforca-parceria-entre-governo-da-bahia-e-camacari-no-encerramento-do-camaforro\/","article:published_time":"2026-07-03T06:17:08+00:00","article:modified_time":"2026-07-03T06:17:08+00:00","twitter:card":"summary_large_image","twitter:title":"GERALDINHO REFOR\u00c7A PARCERIA ENTRE GOVERNO DA BAHIA E CAMA\u00c7ARI NO ENCERRAMENTO DO CAMAFORR\u00d3 - Encontra Cama\u00e7ari","twitter:description":"Camaforr\u00f3 2026 destaca a parceria entre Geraldinho e governo da Bahia."},"aioseo_meta_data":{"post_id":"1275","title":null,"description":null,"keywords":null,"keyphrases":null,"primary_term":null,"canonical_url":null,"og_title":null,"og_description":null,"og_object_type":"default","og_image_type":"default","og_image_url":null,"og_image_width":null,"og_image_height":null,"og_image_custom_url":null,"og_image_custom_fields":null,"og_video":null,"og_custom_url":null,"og_article_section":null,"og_article_tags":null,"twitter_use_og":false,"twitter_card":"default","twitter_image_type":"default","twitter_image_url":null,"twitter_image_custom_url":null,"twitter_image_custom_fields":null,"twitter_title":null,"twitter_description":null,"schema":{"blockGraphs":[],"customGraphs":[],"default":{"data":{"Article":[],"Course":[],"Dataset":[],"FAQPage":[],"Movie":[],"Person":[],"Product":[],"ProductReview":[],"Car":[],"Recipe":[],"Service":[],"SoftwareApplication":[],"WebPage":[]},"graphName":"BlogPosting","isEnabled":true},"graphs":[]},"schema_type":"default","schema_type_options":null,"pillar_content":false,"robots_default":true,"robots_noindex":false,"robots_noarchive":false,"robots_nosnippet":false,"robots_nofollow":false,"robots_noimageindex":false,"robots_noodp":false,"robots_notranslate":false,"robots_max_snippet":null,"robots_max_videopreview":null,"robots_max_imagepreview":"large","priority":null,"frequency":null,"local_seo":null,"limit_modified_date":false,"created":"2026-07-03 06:17:12","updated":"2026-08-06 03:34:07","focus_keyword":null,"additional_keywords":null,"truseo_locale":null,"ai":null,"breadcrumb_settings":null,"seo_analyzer_scan_date":null},"aioseo_breadcrumb":"<div class=\"aioseo-breadcrumbs\"><span class=\"aioseo-breadcrumb\">\n\t\t\t<a href=\"https:\/\/www.encontracamacari.com.br\/sobre\" title=\"Home\">Home<\/a>\n\t\t<\/span><span class=\"aioseo-breadcrumb-separator\">&raquo;<\/span><span class=\"aioseo-breadcrumb\">\n\t\t\t<a href=\"https:\/\/www.encontracamacari.com.br\/sobre\/noticias-em-camacari\/\" title=\"Not\u00edcias Cama\u00e7ari\">Not\u00edcias Cama\u00e7ari<\/a>\n\t\t<\/span><span class=\"aioseo-breadcrumb-separator\">&raquo;<\/span><span class=\"aioseo-breadcrumb\">\n\t\t\tGERALDINHO REFOR\u00c7A PARCERIA ENTRE GOVERNO DA BAHIA E CAMA\u00c7ARI NO ENCERRAMENTO DO CAMAFORR\u00d3\n\t\t<\/span><\/div>","aioseo_breadcrumb_json":[{"label":"Home","link":"https:\/\/www.encontracamacari.com.br\/sobre"},{"label":"Not\u00edcias Cama\u00e7ari","link":"https:\/\/www.encontracamacari.com.br\/sobre\/noticias-em-camacari\/"},{"label":"GERALDINHO REFOR\u00c7A PARCERIA ENTRE GOVERNO DA BAHIA E CAMA\u00c7ARI NO ENCERRAMENTO DO CAMAFORR\u00d3","link":"https:\/\/www.encontracamacari.com.br\/sobre\/geraldinho-reforca-parceria-entre-governo-da-bahia-e-camacari-no-encerramento-do-camaforro\/"}],"_links":{"self":[{"href":"https:\/\/www.encontracamacari.com.br\/sobre\/wp-json\/wp\/v2\/posts\/1275","targetHints":{"allow":["GET"]}}],"collection":[{"href":"https:\/\/www.encontracamacari.com.br\/sobre\/wp-json\/wp\/v2\/posts"}],"about":[{"href":"https:\/\/www.encontracamacari.com.br\/sobre\/wp-json\/wp\/v2\/types\/post"}],"author":[{"embeddable":true,"href":"https:\/\/www.encontracamacari.com.br\/sobre\/wp-json\/wp\/v2\/users\/1"}],"replies":[{"embeddable":true,"href":"https:\/\/www.encontracamacari.com.br\/sobre\/wp-json\/wp\/v2\/comments?post=1275"}],"version-history":[{"count":0,"href":"https:\/\/www.encontracamacari.com.br\/sobre\/wp-json\/wp\/v2\/posts\/1275\/revisions"}],"wp:featuredmedia":[{"embeddable":true,"href":"https:\/\/www.encontracamacari.com.br\/sobre\/wp-json\/wp\/v2\/media\/1274"}],"wp:attachment":[{"href":"https:\/\/www.encontracamacari.com.br\/sobre\/wp-json\/wp\/v2\/media?parent=1275"}],"wp:term":[{"taxonomy":"category","embeddable":true,"href":"https:\/\/www.encontracamacari.com.br\/sobre\/wp-json\/wp\/v2\/categories?post=1275"},{"taxonomy":"post_tag","embeddable":true,"href":"https:\/\/www.encontracamacari.com.br\/sobre\/wp-json\/wp\/v2\/tags?post=1275"}],"curies":[{"name":"wp","href":"https:\/\/api.w.org\/{rel}","templated":true}]}}