{"id":1243,"date":"2026-06-25T06:15:58","date_gmt":"2026-06-25T06:15:58","guid":{"rendered":"https:\/\/www.encontracamacari.com.br\/sobre\/byd-fara-em-camacari-seu-primeiro-carro-eletrificado-flex-no-brasil\/"},"modified":"2026-06-25T06:15:58","modified_gmt":"2026-06-25T06:15:58","slug":"byd-fara-em-camacari-seu-primeiro-carro-eletrificado-flex-no-brasil","status":"publish","type":"post","link":"https:\/\/www.encontracamacari.com.br\/sobre\/byd-fara-em-camacari-seu-primeiro-carro-eletrificado-flex-no-brasil\/","title":{"rendered":"BYD far\u00e1 em Cama\u00e7ari seu primeiro carro eletrificado flex no Brasil"},"content":{"rendered":"<div class=\"2410bb7248a64bb1f71103797e0f239b\" data-index=\"1\" style=\"float: none; margin:0px;\">\n<ins class=\"adsbygoogle\"\r\n     style=\"display:block\"\r\n     data-ad-client=\"ca-pub-8585364105181520\"\r\n     data-ad-slot=\"8789329856\"\r\n     data-ad-format=\"auto\"\r\n     data-full-width-responsive=\"true\"><\/ins>\r\n<script>\r\n     (adsbygoogle = window.adsbygoogle || []).push({});\r\n<\/script>\n<\/div>\n<h2>O que \u00e9 o BYD Atto 2 DM-i Flex?<\/h2>\n<p>O <strong>BYD Atto 2 DM-i Flex<\/strong> \u00e9 um modelo inovador da montadora chinesa BYD, projetado para combinar a eletrifica\u00e7\u00e3o com a flexibilidade de abastecimento com <strong>gasolina<\/strong> ou <strong>etanol<\/strong>. Este carro marcar\u00e1 a entrada da empresa no mercado brasileiro de ve\u00edculos eletrificados flex, sendo produzido na unidade de <strong>Cama\u00e7ari<\/strong>, na Bahia. A fabricante visa atender a demanda crescente por solu\u00e7\u00f5es sustent\u00e1veis e eficientes de mobilidade.<\/p>\n<h2>Produ\u00e7\u00e3o em Cama\u00e7ari: Detalhes do Local<\/h2>\n<p>A unidade de produ\u00e7\u00e3o da BYD em <strong>Cama\u00e7ari<\/strong> \u00e9 um marco na fabrica\u00e7\u00e3o de ve\u00edculos sustent\u00e1veis no Brasil. A planta foi escolhida devido \u00e0 sua capacidade de integrar tecnologia de ponta no processo de montagem. Essa instala\u00e7\u00e3o ir\u00e1 contribuir significativamente para aumentar a competitividade do Brasil no setor automotivo, refletindo o compromisso da BYD com a sustentabilidade e a inova\u00e7\u00e3o tecnol\u00f3gica.<\/p>\n<h2>Tecnologia da Motoriza\u00e7\u00e3o Flex: Como Funciona<\/h2>\n<p>O novo modelo <strong>Atto 2 DM-i Flex<\/strong> utiliza uma tecnologia evidente no seu sistema de motoriza\u00e7\u00e3o. O carro \u00e9 equipado com um motor el\u00e9trico que atua como a principal fonte de tra\u00e7\u00e3o, enquanto um motor a combust\u00e3o de <strong>1,5 litro<\/strong> apoia em situa\u00e7\u00f5es que exigem maior pot\u00eancia. A combina\u00e7\u00e3o sin\u00e9rgica permite ao ve\u00edculo se adaptar de forma din\u00e2mica entre os diferentes tipos de combust\u00edvel, maximizando efici\u00eancia e desempenho.<\/p>\n<p><img decoding=\"async\" src=\"https:\/\/www.encontracamacari.com.br\/sobre\/wp-content\/uploads\/2026\/06\/byd-fara-em-camacari-seu-primeiro-carro-eletrificado-flex-no-brasil.webp\" alt=\"carro eletrificado flex\" loading=\"lazy\" \/><\/p>\n<h2>Vers\u00f5es Dispon\u00edveis: GS e GL<\/h2>\n<p>Os consumidores poder\u00e3o escolher entre duas vers\u00f5es do Atto 2: a <strong>GS<\/strong> e a <strong>GL<\/strong>, cada uma apresentando especifica\u00e7\u00f5es distintas. A vers\u00e3o GS, com uma bateria de <strong>18,03 kWh<\/strong>, proporciona uma autonomia superior e uma experi\u00eancia de condu\u00e7\u00e3o mais robusta. J\u00e1 a vers\u00e3o GL, equipada com uma bateria de <strong>7,85 kWh<\/strong>, oferece uma configura\u00e7\u00e3o econ\u00f4mica, mantendo a versatilidade e a efici\u00eancia que caracterizam a linha.<\/p>\n<h2>Autonomia e Consumo do Novo Modelo<\/h2>\n<p>A autonomia do <strong>BYD Atto 2 DM-i Flex<\/strong> \u00e9 um dos seus principais atrativos. Quando abastecido exclusivamente com <strong>etanol<\/strong>, o ve\u00edculo pode alcan\u00e7ar at\u00e9 <strong>770 km<\/strong> de autonomia, segundo o ciclo NEDC. Em parceira com a gasolina, este alcance pode chegar a <strong>1.045 km<\/strong> na vers\u00e3o GS e cerca de <strong>1.000 km<\/strong> na vers\u00e3o GL, oferecendo liberdade e praticidade para o motorista.<\/p><div class=\"2410bb7248a64bb1f71103797e0f239b\" data-index=\"2\" style=\"float: none; margin:0px;\">\n<ins class=\"adsbygoogle\"\r\n     style=\"display:block; text-align:center;\"\r\n     data-ad-layout=\"in-article\"\r\n     data-ad-format=\"fluid\"\r\n     data-ad-client=\"ca-pub-8585364105181520\"\r\n     data-ad-slot=\"2899217073\"><\/ins>\r\n<script>\r\n     (adsbygoogle = window.adsbygoogle || []).push({});\r\n<\/script>\r\n\r\n<\/br><\/br>\n<\/div>\n\n<h2>Benef\u00edcios do Carro Eletrificado Flex<\/h2>\n<p>A inser\u00e7\u00e3o do carro eletrificado flex no mercado automotivo brasileiro traz uma s\u00e9rie de benef\u00edcio. O modelo n\u00e3o s\u00f3 atinge um elevado padr\u00e3o de efici\u00eancia energ\u00e9tica, como tamb\u00e9m contribui para a<br \/> redu\u00e7\u00e3o da polui\u00e7\u00e3o, ao conseguir operar em modos el\u00e9tricos e h\u00edbridos. Al\u00e9m disso, ao utilizar combust\u00edveis renov\u00e1veis, o Atto 2 ajuda a diversificar a matriz energ\u00e9tica do Brasil, promovendo uma matiz de transporte mais sustent\u00e1vel.<\/p>\n<h2>Estrat\u00e9gia da BYD para o Mercado Brasileiro<\/h2>\n<p>A BYD posiciona-se como uma pot\u00eancia na transi\u00e7\u00e3o para a mobilidade el\u00e9trica e sustent\u00e1vel. A escolha do Brasil como um dos locais para a fabrica\u00e7\u00e3o do <strong>Atto 2 DM-i Flex<\/strong> reflete uma estrat\u00e9gia robusta para solidificar sua presen\u00e7a no mercado sul-americano. Com uma abordagem focada em inova\u00e7\u00e3o, a BYD visa n\u00e3o apenas atender \u00e0 demanda local por ve\u00edculos sustent\u00e1veis, mas tamb\u00e9m potencializar a economia regional atrav\u00e9s da gera\u00e7\u00e3o de empregos e desenvolvimento tecnol\u00f3gico local.<\/p>\n<h2>Conectividade e Tecnologia Embarcada<\/h2>\n<p>O <strong>Atto 2 DM-i Flex<\/strong> vem equipado com tecnologia avan\u00e7ada de conectividade. O modelo possui uma <strong>central multim\u00eddia<\/strong> integrada, que facilita o acesso a recursos como <strong>Google Automotive Services<\/strong>, permitindo intera\u00e7\u00e3o direta com mapas e assistente sem a necessidade de um celular. Al\u00e9m disso, o modelo topo de linha resulta em um ambiente de condu\u00e7\u00e3o conectado, perfeitamente adaptado \u00e0s necessidades dos motoristas modernos.<\/p>\n<h2>Garantias e Expectativas para o Lan\u00e7amento<\/h2>\n<p>Os clientes do <strong>BYD Atto 2 DM-i Flex<\/strong> podem contar com um per\u00edodo de garantia de <strong>seis anos<\/strong> para o ve\u00edculo e <strong>oito anos<\/strong> para a bateria Blade, protegendo a compra a longo prazo. As expectativas em torno do modelo s\u00e3o elevadas, especialmente devido ao seu potencial de se tornar um verdadeiro \u00edcone no segmento de SUVs eletrificados no Brasil.<\/p>\n<h2>Impacto na Ind\u00fastria Automotiva Brasileira<\/h2>\n<p>A produ\u00e7\u00e3o do <strong>Atto 2 DM-i Flex<\/strong> em Cama\u00e7ari ter\u00e1 um impacto significativo na ind\u00fastria automotiva brasileira. Al\u00e9m de impulsionar a inova\u00e7\u00e3o e efici\u00eancia, a BYD est\u00e1 se comprometendo a aumentar a nacionaliza\u00e7\u00e3o dos componentes e atrair fornecedores locais, criando um ecossistema mais sustent\u00e1vel e produtivo. Essa abordagem n\u00e3o s\u00f3 traz benef\u00edcios econ\u00f4micos, mas tamb\u00e9m refor\u00e7a o compromisso com a sustentabilidade e a mobilidade mais limpa no pa\u00eds.<\/p>\n<div class=\"2410bb7248a64bb1f71103797e0f239b\" data-index=\"3\" style=\"float: none; margin:0px;\">\n<\/br><\/br>\r\n\r\n<ins class=\"adsbygoogle\"\r\n     style=\"display:block\"\r\n     data-ad-format=\"fluid\"\r\n     data-ad-layout-key=\"-63+do+n-1s+9e\"\r\n     data-ad-client=\"ca-pub-8585364105181520\"\r\n     data-ad-slot=\"6838462089\"><\/ins>\r\n<script>\r\n     (adsbygoogle = window.adsbygoogle || []).push({});\r\n<\/script>\n<\/div>\n\n<div style=\"font-size: 0px; height: 0px; line-height: 0px; margin: 0; padding: 0; clear: both;\"><\/div>","protected":false},"excerpt":{"rendered":"<p>BYD Atto 2 \u00e9 o primeiro carro eletrificado flex a ser produzido no Brasil.<\/p>\n","protected":false},"author":1,"featured_media":1242,"comment_status":"open","ping_status":"closed","sticky":false,"template":"","format":"standard","meta":{"footnotes":""},"categories":[1],"tags":[],"class_list":["post-1243","post","type-post","status-publish","format-standard","has-post-thumbnail","hentry","category-noticias-em-camacari","has_thumb"],"aioseo_notices":[],"aioseo_head":"\n\t\t<!-- All in One SEO 5.0.0.1 - aioseo.com -->\n\t<meta name=\"description\" content=\"BYD Atto 2 \u00e9 o primeiro carro eletrificado flex a ser produzido no Brasil.\" \/>\n\t<meta name=\"robots\" content=\"max-image-preview:large\" \/>\n\t<meta name=\"author\" content=\"Encontra Cama\u00e7ari\"\/>\n\t<link rel=\"canonical\" href=\"https:\/\/www.encontracamacari.com.br\/sobre\/byd-fara-em-camacari-seu-primeiro-carro-eletrificado-flex-no-brasil\/\" \/>\n\t<meta name=\"generator\" content=\"All in One SEO (AIOSEO) 5.0.0.1\" \/>\n\t\t<meta property=\"og:locale\" content=\"pt_BR\" \/>\n\t\t<meta property=\"og:site_name\" content=\"Encontra Cama\u00e7ari - Not\u00edcias, eventos, informa\u00e7\u00f5es e dicas na cidade de Cama\u00e7ari e regi\u00e3o.\" \/>\n\t\t<meta property=\"og:type\" content=\"article\" \/>\n\t\t<meta property=\"og:title\" content=\"BYD far\u00e1 em Cama\u00e7ari seu primeiro carro eletrificado flex no Brasil - Encontra Cama\u00e7ari\" \/>\n\t\t<meta property=\"og:description\" content=\"BYD Atto 2 \u00e9 o primeiro carro eletrificado flex a ser produzido no Brasil.\" \/>\n\t\t<meta property=\"og:url\" content=\"https:\/\/www.encontracamacari.com.br\/sobre\/byd-fara-em-camacari-seu-primeiro-carro-eletrificado-flex-no-brasil\/\" \/>\n\t\t<meta property=\"article:published_time\" content=\"2026-06-25T06:15:58+00:00\" \/>\n\t\t<meta property=\"article:modified_time\" content=\"2026-06-25T06:15:58+00:00\" \/>\n\t\t<meta name=\"twitter:card\" content=\"summary_large_image\" \/>\n\t\t<meta name=\"twitter:title\" content=\"BYD far\u00e1 em Cama\u00e7ari seu primeiro carro eletrificado flex no Brasil - Encontra Cama\u00e7ari\" \/>\n\t\t<meta name=\"twitter:description\" content=\"BYD Atto 2 \u00e9 o primeiro carro eletrificado flex a ser produzido no Brasil.\" \/>\n\t\t<script type=\"application\/ld+json\" class=\"aioseo-schema\">\n\t\t\t{\"@context\":\"https:\\\/\\\/schema.org\",\"@graph\":[{\"@type\":\"BlogPosting\",\"@id\":\"https:\\\/\\\/www.encontracamacari.com.br\\\/sobre\\\/byd-fara-em-camacari-seu-primeiro-carro-eletrificado-flex-no-brasil\\\/#blogposting\",\"name\":\"BYD far\\u00e1 em Cama\\u00e7ari seu primeiro carro eletrificado flex no Brasil - Encontra Cama\\u00e7ari\",\"headline\":\"BYD far\\u00e1 em Cama\\u00e7ari seu primeiro carro eletrificado flex no Brasil\",\"author\":{\"@id\":\"https:\\\/\\\/www.encontracamacari.com.br\\\/sobre\\\/author\\\/ecamacari\\\/#author\"},\"publisher\":{\"@id\":\"https:\\\/\\\/www.encontracamacari.com.br\\\/sobre\\\/#organization\"},\"image\":{\"@type\":\"ImageObject\",\"url\":\"https:\\\/\\\/www.encontracamacari.com.br\\\/sobre\\\/wp-content\\\/uploads\\\/2026\\\/06\\\/byd-fara-em-camacari-seu-primeiro-carro-eletrificado-flex-no-brasil.webp\",\"width\":280,\"height\":280,\"caption\":\"carro eletrificado flex\"},\"datePublished\":\"2026-06-25T06:15:58+00:00\",\"dateModified\":\"2026-06-25T06:15:58+00:00\",\"inLanguage\":\"pt-BR\",\"mainEntityOfPage\":{\"@id\":\"https:\\\/\\\/www.encontracamacari.com.br\\\/sobre\\\/byd-fara-em-camacari-seu-primeiro-carro-eletrificado-flex-no-brasil\\\/#webpage\"},\"isPartOf\":{\"@id\":\"https:\\\/\\\/www.encontracamacari.com.br\\\/sobre\\\/byd-fara-em-camacari-seu-primeiro-carro-eletrificado-flex-no-brasil\\\/#webpage\"},\"articleSection\":\"Not\\u00edcias Cama\\u00e7ari\"},{\"@type\":\"BreadcrumbList\",\"@id\":\"https:\\\/\\\/www.encontracamacari.com.br\\\/sobre\\\/byd-fara-em-camacari-seu-primeiro-carro-eletrificado-flex-no-brasil\\\/#breadcrumblist\",\"itemListElement\":[{\"@type\":\"ListItem\",\"@id\":\"https:\\\/\\\/www.encontracamacari.com.br\\\/sobre#listItem\",\"position\":1,\"name\":\"Home\",\"item\":\"https:\\\/\\\/www.encontracamacari.com.br\\\/sobre\",\"nextItem\":{\"@type\":\"ListItem\",\"@id\":\"https:\\\/\\\/www.encontracamacari.com.br\\\/sobre\\\/noticias-em-camacari\\\/#listItem\",\"name\":\"Not\\u00edcias Cama\\u00e7ari\"}},{\"@type\":\"ListItem\",\"@id\":\"https:\\\/\\\/www.encontracamacari.com.br\\\/sobre\\\/noticias-em-camacari\\\/#listItem\",\"position\":2,\"name\":\"Not\\u00edcias Cama\\u00e7ari\",\"item\":\"https:\\\/\\\/www.encontracamacari.com.br\\\/sobre\\\/noticias-em-camacari\\\/\",\"nextItem\":{\"@type\":\"ListItem\",\"@id\":\"https:\\\/\\\/www.encontracamacari.com.br\\\/sobre\\\/byd-fara-em-camacari-seu-primeiro-carro-eletrificado-flex-no-brasil\\\/#listItem\",\"name\":\"BYD far\\u00e1 em Cama\\u00e7ari seu primeiro carro eletrificado flex no Brasil\"},\"previousItem\":{\"@type\":\"ListItem\",\"@id\":\"https:\\\/\\\/www.encontracamacari.com.br\\\/sobre#listItem\",\"name\":\"Home\"}},{\"@type\":\"ListItem\",\"@id\":\"https:\\\/\\\/www.encontracamacari.com.br\\\/sobre\\\/byd-fara-em-camacari-seu-primeiro-carro-eletrificado-flex-no-brasil\\\/#listItem\",\"position\":3,\"name\":\"BYD far\\u00e1 em Cama\\u00e7ari seu primeiro carro eletrificado flex no Brasil\",\"previousItem\":{\"@type\":\"ListItem\",\"@id\":\"https:\\\/\\\/www.encontracamacari.com.br\\\/sobre\\\/noticias-em-camacari\\\/#listItem\",\"name\":\"Not\\u00edcias Cama\\u00e7ari\"}}]},{\"@type\":\"Organization\",\"@id\":\"https:\\\/\\\/www.encontracamacari.com.br\\\/sobre\\\/#organization\",\"name\":\"Encontra Cama\\u00e7ari\",\"description\":\"Not\\u00edcias, eventos, informa\\u00e7\\u00f5es e dicas na cidade de Cama\\u00e7ari e regi\\u00e3o.\",\"url\":\"https:\\\/\\\/www.encontracamacari.com.br\\\/sobre\\\/\"},{\"@type\":\"Person\",\"@id\":\"https:\\\/\\\/www.encontracamacari.com.br\\\/sobre\\\/author\\\/ecamacari\\\/#author\",\"url\":\"https:\\\/\\\/www.encontracamacari.com.br\\\/sobre\\\/author\\\/ecamacari\\\/\",\"name\":\"Encontra Cama\\u00e7ari\",\"image\":{\"@type\":\"ImageObject\",\"@id\":\"https:\\\/\\\/www.encontracamacari.com.br\\\/sobre\\\/byd-fara-em-camacari-seu-primeiro-carro-eletrificado-flex-no-brasil\\\/#authorImage\",\"url\":\"https:\\\/\\\/secure.gravatar.com\\\/avatar\\\/507340682b8270222e1f208e23198b6ae7e2c6a1033ae84e99bc6bce4f82a387?s=96&d=mm&r=g\",\"width\":96,\"height\":96,\"caption\":\"Encontra Cama\\u00e7ari\"}},{\"@type\":\"WebPage\",\"@id\":\"https:\\\/\\\/www.encontracamacari.com.br\\\/sobre\\\/byd-fara-em-camacari-seu-primeiro-carro-eletrificado-flex-no-brasil\\\/#webpage\",\"url\":\"https:\\\/\\\/www.encontracamacari.com.br\\\/sobre\\\/byd-fara-em-camacari-seu-primeiro-carro-eletrificado-flex-no-brasil\\\/\",\"name\":\"BYD far\\u00e1 em Cama\\u00e7ari seu primeiro carro eletrificado flex no Brasil - Encontra Cama\\u00e7ari\",\"description\":\"BYD Atto 2 \\u00e9 o primeiro carro eletrificado flex a ser produzido no Brasil.\",\"inLanguage\":\"pt-BR\",\"isPartOf\":{\"@id\":\"https:\\\/\\\/www.encontracamacari.com.br\\\/sobre\\\/#website\"},\"breadcrumb\":{\"@id\":\"https:\\\/\\\/www.encontracamacari.com.br\\\/sobre\\\/byd-fara-em-camacari-seu-primeiro-carro-eletrificado-flex-no-brasil\\\/#breadcrumblist\"},\"author\":{\"@id\":\"https:\\\/\\\/www.encontracamacari.com.br\\\/sobre\\\/author\\\/ecamacari\\\/#author\"},\"creator\":{\"@id\":\"https:\\\/\\\/www.encontracamacari.com.br\\\/sobre\\\/author\\\/ecamacari\\\/#author\"},\"image\":{\"@type\":\"ImageObject\",\"url\":\"https:\\\/\\\/www.encontracamacari.com.br\\\/sobre\\\/wp-content\\\/uploads\\\/2026\\\/06\\\/byd-fara-em-camacari-seu-primeiro-carro-eletrificado-flex-no-brasil.webp\",\"@id\":\"https:\\\/\\\/www.encontracamacari.com.br\\\/sobre\\\/byd-fara-em-camacari-seu-primeiro-carro-eletrificado-flex-no-brasil\\\/#mainImage\",\"width\":280,\"height\":280,\"caption\":\"carro eletrificado flex\"},\"primaryImageOfPage\":{\"@id\":\"https:\\\/\\\/www.encontracamacari.com.br\\\/sobre\\\/byd-fara-em-camacari-seu-primeiro-carro-eletrificado-flex-no-brasil\\\/#mainImage\"},\"datePublished\":\"2026-06-25T06:15:58+00:00\",\"dateModified\":\"2026-06-25T06:15:58+00:00\"},{\"@type\":\"WebSite\",\"@id\":\"https:\\\/\\\/www.encontracamacari.com.br\\\/sobre\\\/#website\",\"url\":\"https:\\\/\\\/www.encontracamacari.com.br\\\/sobre\\\/\",\"name\":\"Encontra Cama\\u00e7ari\",\"description\":\"Not\\u00edcias, eventos, informa\\u00e7\\u00f5es e dicas na cidade de Cama\\u00e7ari e regi\\u00e3o.\",\"inLanguage\":\"pt-BR\",\"publisher\":{\"@id\":\"https:\\\/\\\/www.encontracamacari.com.br\\\/sobre\\\/#organization\"}}]}\n\t\t<\/script>\n\t\t<!-- All in One SEO -->\n\n","aioseo_head_json":{"title":"BYD far\u00e1 em Cama\u00e7ari seu primeiro carro eletrificado flex no Brasil - Encontra Cama\u00e7ari","description":"BYD Atto 2 \u00e9 o primeiro carro eletrificado flex a ser produzido no Brasil.","canonical_url":"https:\/\/www.encontracamacari.com.br\/sobre\/byd-fara-em-camacari-seu-primeiro-carro-eletrificado-flex-no-brasil\/","robots":"max-image-preview:large","keywords":"","webmasterTools":{"miscellaneous":""},"schema":{"@context":"https:\/\/schema.org","@graph":[{"@type":"BlogPosting","@id":"https:\/\/www.encontracamacari.com.br\/sobre\/byd-fara-em-camacari-seu-primeiro-carro-eletrificado-flex-no-brasil\/#blogposting","name":"BYD far\u00e1 em Cama\u00e7ari seu primeiro carro eletrificado flex no Brasil - Encontra Cama\u00e7ari","headline":"BYD far\u00e1 em Cama\u00e7ari seu primeiro carro eletrificado flex no Brasil","author":{"@id":"https:\/\/www.encontracamacari.com.br\/sobre\/author\/ecamacari\/#author"},"publisher":{"@id":"https:\/\/www.encontracamacari.com.br\/sobre\/#organization"},"image":{"@type":"ImageObject","url":"https:\/\/www.encontracamacari.com.br\/sobre\/wp-content\/uploads\/2026\/06\/byd-fara-em-camacari-seu-primeiro-carro-eletrificado-flex-no-brasil.webp","width":280,"height":280,"caption":"carro eletrificado flex"},"datePublished":"2026-06-25T06:15:58+00:00","dateModified":"2026-06-25T06:15:58+00:00","inLanguage":"pt-BR","mainEntityOfPage":{"@id":"https:\/\/www.encontracamacari.com.br\/sobre\/byd-fara-em-camacari-seu-primeiro-carro-eletrificado-flex-no-brasil\/#webpage"},"isPartOf":{"@id":"https:\/\/www.encontracamacari.com.br\/sobre\/byd-fara-em-camacari-seu-primeiro-carro-eletrificado-flex-no-brasil\/#webpage"},"articleSection":"Not\u00edcias Cama\u00e7ari"},{"@type":"BreadcrumbList","@id":"https:\/\/www.encontracamacari.com.br\/sobre\/byd-fara-em-camacari-seu-primeiro-carro-eletrificado-flex-no-brasil\/#breadcrumblist","itemListElement":[{"@type":"ListItem","@id":"https:\/\/www.encontracamacari.com.br\/sobre#listItem","position":1,"name":"Home","item":"https:\/\/www.encontracamacari.com.br\/sobre","nextItem":{"@type":"ListItem","@id":"https:\/\/www.encontracamacari.com.br\/sobre\/noticias-em-camacari\/#listItem","name":"Not\u00edcias Cama\u00e7ari"}},{"@type":"ListItem","@id":"https:\/\/www.encontracamacari.com.br\/sobre\/noticias-em-camacari\/#listItem","position":2,"name":"Not\u00edcias Cama\u00e7ari","item":"https:\/\/www.encontracamacari.com.br\/sobre\/noticias-em-camacari\/","nextItem":{"@type":"ListItem","@id":"https:\/\/www.encontracamacari.com.br\/sobre\/byd-fara-em-camacari-seu-primeiro-carro-eletrificado-flex-no-brasil\/#listItem","name":"BYD far\u00e1 em Cama\u00e7ari seu primeiro carro eletrificado flex no Brasil"},"previousItem":{"@type":"ListItem","@id":"https:\/\/www.encontracamacari.com.br\/sobre#listItem","name":"Home"}},{"@type":"ListItem","@id":"https:\/\/www.encontracamacari.com.br\/sobre\/byd-fara-em-camacari-seu-primeiro-carro-eletrificado-flex-no-brasil\/#listItem","position":3,"name":"BYD far\u00e1 em Cama\u00e7ari seu primeiro carro eletrificado flex no Brasil","previousItem":{"@type":"ListItem","@id":"https:\/\/www.encontracamacari.com.br\/sobre\/noticias-em-camacari\/#listItem","name":"Not\u00edcias Cama\u00e7ari"}}]},{"@type":"Organization","@id":"https:\/\/www.encontracamacari.com.br\/sobre\/#organization","name":"Encontra Cama\u00e7ari","description":"Not\u00edcias, eventos, informa\u00e7\u00f5es e dicas na cidade de Cama\u00e7ari e regi\u00e3o.","url":"https:\/\/www.encontracamacari.com.br\/sobre\/"},{"@type":"Person","@id":"https:\/\/www.encontracamacari.com.br\/sobre\/author\/ecamacari\/#author","url":"https:\/\/www.encontracamacari.com.br\/sobre\/author\/ecamacari\/","name":"Encontra Cama\u00e7ari","image":{"@type":"ImageObject","@id":"https:\/\/www.encontracamacari.com.br\/sobre\/byd-fara-em-camacari-seu-primeiro-carro-eletrificado-flex-no-brasil\/#authorImage","url":"https:\/\/secure.gravatar.com\/avatar\/507340682b8270222e1f208e23198b6ae7e2c6a1033ae84e99bc6bce4f82a387?s=96&d=mm&r=g","width":96,"height":96,"caption":"Encontra Cama\u00e7ari"}},{"@type":"WebPage","@id":"https:\/\/www.encontracamacari.com.br\/sobre\/byd-fara-em-camacari-seu-primeiro-carro-eletrificado-flex-no-brasil\/#webpage","url":"https:\/\/www.encontracamacari.com.br\/sobre\/byd-fara-em-camacari-seu-primeiro-carro-eletrificado-flex-no-brasil\/","name":"BYD far\u00e1 em Cama\u00e7ari seu primeiro carro eletrificado flex no Brasil - Encontra Cama\u00e7ari","description":"BYD Atto 2 \u00e9 o primeiro carro eletrificado flex a ser produzido no Brasil.","inLanguage":"pt-BR","isPartOf":{"@id":"https:\/\/www.encontracamacari.com.br\/sobre\/#website"},"breadcrumb":{"@id":"https:\/\/www.encontracamacari.com.br\/sobre\/byd-fara-em-camacari-seu-primeiro-carro-eletrificado-flex-no-brasil\/#breadcrumblist"},"author":{"@id":"https:\/\/www.encontracamacari.com.br\/sobre\/author\/ecamacari\/#author"},"creator":{"@id":"https:\/\/www.encontracamacari.com.br\/sobre\/author\/ecamacari\/#author"},"image":{"@type":"ImageObject","url":"https:\/\/www.encontracamacari.com.br\/sobre\/wp-content\/uploads\/2026\/06\/byd-fara-em-camacari-seu-primeiro-carro-eletrificado-flex-no-brasil.webp","@id":"https:\/\/www.encontracamacari.com.br\/sobre\/byd-fara-em-camacari-seu-primeiro-carro-eletrificado-flex-no-brasil\/#mainImage","width":280,"height":280,"caption":"carro eletrificado flex"},"primaryImageOfPage":{"@id":"https:\/\/www.encontracamacari.com.br\/sobre\/byd-fara-em-camacari-seu-primeiro-carro-eletrificado-flex-no-brasil\/#mainImage"},"datePublished":"2026-06-25T06:15:58+00:00","dateModified":"2026-06-25T06:15:58+00:00"},{"@type":"WebSite","@id":"https:\/\/www.encontracamacari.com.br\/sobre\/#website","url":"https:\/\/www.encontracamacari.com.br\/sobre\/","name":"Encontra Cama\u00e7ari","description":"Not\u00edcias, eventos, informa\u00e7\u00f5es e dicas na cidade de Cama\u00e7ari e regi\u00e3o.","inLanguage":"pt-BR","publisher":{"@id":"https:\/\/www.encontracamacari.com.br\/sobre\/#organization"}}]},"og:locale":"pt_BR","og:site_name":"Encontra Cama\u00e7ari - Not\u00edcias, eventos, informa\u00e7\u00f5es e dicas na cidade de Cama\u00e7ari e regi\u00e3o.","og:type":"article","og:title":"BYD far\u00e1 em Cama\u00e7ari seu primeiro carro eletrificado flex no Brasil - Encontra Cama\u00e7ari","og:description":"BYD Atto 2 \u00e9 o primeiro carro eletrificado flex a ser produzido no Brasil.","og:url":"https:\/\/www.encontracamacari.com.br\/sobre\/byd-fara-em-camacari-seu-primeiro-carro-eletrificado-flex-no-brasil\/","article:published_time":"2026-06-25T06:15:58+00:00","article:modified_time":"2026-06-25T06:15:58+00:00","twitter:card":"summary_large_image","twitter:title":"BYD far\u00e1 em Cama\u00e7ari seu primeiro carro eletrificado flex no Brasil - Encontra Cama\u00e7ari","twitter:description":"BYD Atto 2 \u00e9 o primeiro carro eletrificado flex a ser produzido no Brasil."},"aioseo_meta_data":{"post_id":"1243","title":null,"description":null,"keywords":null,"keyphrases":null,"primary_term":null,"canonical_url":null,"og_title":null,"og_description":null,"og_object_type":"default","og_image_type":"default","og_image_url":null,"og_image_width":null,"og_image_height":null,"og_image_custom_url":null,"og_image_custom_fields":null,"og_video":null,"og_custom_url":null,"og_article_section":null,"og_article_tags":null,"twitter_use_og":false,"twitter_card":"default","twitter_image_type":"default","twitter_image_url":null,"twitter_image_custom_url":null,"twitter_image_custom_fields":null,"twitter_title":null,"twitter_description":null,"schema":{"blockGraphs":[],"customGraphs":[],"default":{"data":{"Article":[],"Course":[],"Dataset":[],"FAQPage":[],"Movie":[],"Person":[],"Product":[],"ProductReview":[],"Car":[],"Recipe":[],"Service":[],"SoftwareApplication":[],"WebPage":[]},"graphName":"BlogPosting","isEnabled":true},"graphs":[]},"schema_type":"default","schema_type_options":null,"pillar_content":false,"robots_default":true,"robots_noindex":false,"robots_noarchive":false,"robots_nosnippet":false,"robots_nofollow":false,"robots_noimageindex":false,"robots_noodp":false,"robots_notranslate":false,"robots_max_snippet":null,"robots_max_videopreview":null,"robots_max_imagepreview":"large","priority":null,"frequency":null,"local_seo":null,"limit_modified_date":false,"created":"2026-06-25 06:16:01","updated":"2026-08-06 03:31:24","focus_keyword":null,"additional_keywords":null,"truseo_locale":null,"ai":null,"breadcrumb_settings":null,"seo_analyzer_scan_date":null},"aioseo_breadcrumb":"<div class=\"aioseo-breadcrumbs\"><span class=\"aioseo-breadcrumb\">\n\t\t\t<a href=\"https:\/\/www.encontracamacari.com.br\/sobre\" title=\"Home\">Home<\/a>\n\t\t<\/span><span class=\"aioseo-breadcrumb-separator\">&raquo;<\/span><span class=\"aioseo-breadcrumb\">\n\t\t\t<a href=\"https:\/\/www.encontracamacari.com.br\/sobre\/noticias-em-camacari\/\" title=\"Not\u00edcias Cama\u00e7ari\">Not\u00edcias Cama\u00e7ari<\/a>\n\t\t<\/span><span class=\"aioseo-breadcrumb-separator\">&raquo;<\/span><span class=\"aioseo-breadcrumb\">\n\t\t\tBYD far\u00e1 em Cama\u00e7ari seu primeiro carro eletrificado flex no Brasil\n\t\t<\/span><\/div>","aioseo_breadcrumb_json":[{"label":"Home","link":"https:\/\/www.encontracamacari.com.br\/sobre"},{"label":"Not\u00edcias Cama\u00e7ari","link":"https:\/\/www.encontracamacari.com.br\/sobre\/noticias-em-camacari\/"},{"label":"BYD far\u00e1 em Cama\u00e7ari seu primeiro carro eletrificado flex no Brasil","link":"https:\/\/www.encontracamacari.com.br\/sobre\/byd-fara-em-camacari-seu-primeiro-carro-eletrificado-flex-no-brasil\/"}],"_links":{"self":[{"href":"https:\/\/www.encontracamacari.com.br\/sobre\/wp-json\/wp\/v2\/posts\/1243","targetHints":{"allow":["GET"]}}],"collection":[{"href":"https:\/\/www.encontracamacari.com.br\/sobre\/wp-json\/wp\/v2\/posts"}],"about":[{"href":"https:\/\/www.encontracamacari.com.br\/sobre\/wp-json\/wp\/v2\/types\/post"}],"author":[{"embeddable":true,"href":"https:\/\/www.encontracamacari.com.br\/sobre\/wp-json\/wp\/v2\/users\/1"}],"replies":[{"embeddable":true,"href":"https:\/\/www.encontracamacari.com.br\/sobre\/wp-json\/wp\/v2\/comments?post=1243"}],"version-history":[{"count":0,"href":"https:\/\/www.encontracamacari.com.br\/sobre\/wp-json\/wp\/v2\/posts\/1243\/revisions"}],"wp:featuredmedia":[{"embeddable":true,"href":"https:\/\/www.encontracamacari.com.br\/sobre\/wp-json\/wp\/v2\/media\/1242"}],"wp:attachment":[{"href":"https:\/\/www.encontracamacari.com.br\/sobre\/wp-json\/wp\/v2\/media?parent=1243"}],"wp:term":[{"taxonomy":"category","embeddable":true,"href":"https:\/\/www.encontracamacari.com.br\/sobre\/wp-json\/wp\/v2\/categories?post=1243"},{"taxonomy":"post_tag","embeddable":true,"href":"https:\/\/www.encontracamacari.com.br\/sobre\/wp-json\/wp\/v2\/tags?post=1243"}],"curies":[{"name":"wp","href":"https:\/\/api.w.org\/{rel}","templated":true}]}}