{"id":1241,"date":"2026-06-25T06:14:36","date_gmt":"2026-06-25T06:14:36","guid":{"rendered":"https:\/\/www.encontracamacari.com.br\/sobre\/26a-sessao-ordinaria-do-1o-periodo-legislativo\/"},"modified":"2026-06-25T06:14:36","modified_gmt":"2026-06-25T06:14:36","slug":"26a-sessao-ordinaria-do-1o-periodo-legislativo","status":"publish","type":"post","link":"https:\/\/www.encontracamacari.com.br\/sobre\/26a-sessao-ordinaria-do-1o-periodo-legislativo\/","title":{"rendered":"26\u00aa Sess\u00e3o Ordin\u00e1ria do 1\u00ba Per\u00edodo Legislativo"},"content":{"rendered":"<div class=\"2410bb7248a64bb1f71103797e0f239b\" data-index=\"1\" style=\"float: none; margin:0px;\">\n<ins class=\"adsbygoogle\"\r\n     style=\"display:block\"\r\n     data-ad-client=\"ca-pub-8585364105181520\"\r\n     data-ad-slot=\"8789329856\"\r\n     data-ad-format=\"auto\"\r\n     data-full-width-responsive=\"true\"><\/ins>\r\n<script>\r\n     (adsbygoogle = window.adsbygoogle || []).push({});\r\n<\/script>\n<\/div>\n<h2>Agenda da 26\u00aa Sess\u00e3o Ordin\u00e1ria<\/h2>\n<p>Na data de <strong>11 de junho de 2026<\/strong>, est\u00e1 programada a 26\u00aa Sess\u00e3o Ordin\u00e1ria do primeiro semestre do Legislativo. Este evento abordar\u00e1 uma variedade de temas relevantes para o munic\u00edpio, com a participa\u00e7\u00e3o ativa dos vereadores e a expectativa de discuss\u00f5es produtivas. A sess\u00e3o ter\u00e1 in\u00edcio<strong> \u00e0s 9h<\/strong> e ser\u00e1 realizada no plen\u00e1rio da C\u00e2mara Municipal de Cama\u00e7ari.<\/p>\n<h2>Principais T\u00f3picos em Debate<\/h2>\n<p>Entre os t\u00f3picos agendados para discuss\u00e3o nesta sess\u00e3o, destacam-se:<\/p>\n<ul>\n<li><strong>Propostas de Lei:<\/strong> Discuss\u00e3o sobre novos projetos de lei que visam fortalecer as pol\u00edticas p\u00fablicas locais.<\/li>\n<li><strong>Relat\u00f3rios de Comiss\u00f5es:<\/strong> Apresenta\u00e7\u00e3o e delibera\u00e7\u00e3o de relat\u00f3rios de comiss\u00f5es permanentes sobre assuntos relevantes.<\/li>\n<li><strong>Atualiza\u00e7\u00f5es sobre Obras:<\/strong> Status das obras em andamento e novos projetos estruturais para o munic\u00edpio.<\/li>\n<\/ul>\n<h2>Vereadores Presentes na Sess\u00e3o<\/h2>\n<p>A 26\u00aa Sess\u00e3o Ordin\u00e1ria contar\u00e1 com a presen\u00e7a dos seguintes vereadores:<\/p>\n<p><img decoding=\"async\" src=\"https:\/\/www.encontracamacari.com.br\/sobre\/wp-content\/uploads\/2026\/06\/26-sessao-ordinaria-do-1-periodo-legislativo.webp\" alt=\"26\u00aa Sess\u00e3o Ordin\u00e1ria do 1\u00ba Per\u00edodo Legislativo\" loading=\"lazy\" \/><\/p>\n<ul>\n<li><strong>Niltinho Maturino<\/strong> &#8211; Presidente<\/li>\n<li><strong>Dr. Elias Natan<\/strong> &#8211; Vice-Presidente<\/li>\n<li><strong>Herbinho<\/strong> &#8211; 1\u00ba Secret\u00e1rio<\/li>\n<li><strong>Manoel Filho<\/strong> &#8211; 2\u00ba Secret\u00e1rio<\/li>\n<li><strong>Outros vereadores em exerc\u00edcio<\/strong> que far\u00e3o parte das discuss\u00f5es.<\/li>\n<\/ul>\n<h2>Como Assistir aos V\u00eddeos da Sess\u00e3o<\/h2>\n<p>A sess\u00e3o ser\u00e1 transmitida ao vivo, permitindo que a popula\u00e7\u00e3o acompanhe as discuss\u00f5es em tempo real. Os interessados poder\u00e3o assistir acessando o canal oficial no Youtube da C\u00e2mara Municipal de Cama\u00e7ari. Al\u00e9m disso, as grava\u00e7\u00f5es da sess\u00e3o estar\u00e3o dispon\u00edveis para visualiza\u00e7\u00e3o posterior no mesmo canal.<\/p><div class=\"2410bb7248a64bb1f71103797e0f239b\" data-index=\"2\" style=\"float: none; margin:0px;\">\n<ins class=\"adsbygoogle\"\r\n     style=\"display:block; text-align:center;\"\r\n     data-ad-layout=\"in-article\"\r\n     data-ad-format=\"fluid\"\r\n     data-ad-client=\"ca-pub-8585364105181520\"\r\n     data-ad-slot=\"2899217073\"><\/ins>\r\n<script>\r\n     (adsbygoogle = window.adsbygoogle || []).push({});\r\n<\/script>\r\n\r\n<\/br><\/br>\n<\/div>\n\n<h2>Decis\u00f5es Importantes Tomadas<\/h2>\n<p>Espera-se que esta sess\u00e3o resulte em decis\u00f5es significativas para a popula\u00e7\u00e3o de Cama\u00e7ari. As vota\u00e7\u00f5es sobre os projetos de lei e os relat\u00f3rios de comiss\u00f5es poder\u00e3o impactar diretamente a vida dos cidad\u00e3os, abordando desde quest\u00f5es de sa\u00fade p\u00fablica at\u00e9 melhorias na infraestrutura municipal.<\/p>\n<h2>Intera\u00e7\u00f5es com a Comunidade<\/h2>\n<p>Um dos objetivos da C\u00e2mara Municipal \u00e9 promover a participa\u00e7\u00e3o da comunidade nas tomadas de decis\u00e3o. Durante a sess\u00e3o, os cidad\u00e3os poder\u00e3o enviar suas sugest\u00f5es e cr\u00edticas, que ser\u00e3o vistas pelos vereadores e consideradas na hora das delibera\u00e7\u00f5es. Al\u00e9m disso, haver\u00e1 espa\u00e7o para que representantes de associa\u00e7\u00f5es locais possam expor suas demandas.<\/p>\n<h2>Hist\u00f3rico de Sess\u00f5es Anteriores<\/h2>\n<p>As sess\u00f5es anteriores do primeiro per\u00edodo legislativo trouxeram \u00e0 tona assuntos variados que impactaram o cotidiano dos cidad\u00e3os. Desde discuss\u00f5es sobre sa\u00fade, educa\u00e7\u00e3o at\u00e9 seguran\u00e7a p\u00fablica, cada sess\u00e3o contribuiu para o aprimoramento da legisla\u00e7\u00e3o e o fortalecimento das pol\u00edticas p\u00fablicas no munic\u00edpio.<\/p>\n<h2>Impacto na Legisla\u00e7\u00e3o Municipal<\/h2>\n<p>A 26\u00aa Sess\u00e3o Ordin\u00e1ria \u00e9 parte fundamental do processo legislativo, permitindo que novas legisla\u00e7\u00f5es sejam elaboradas e aprovadas. As decis\u00f5es tomadas nesta reuni\u00e3o contribuem para a constru\u00e7\u00e3o de um Cama\u00e7ari melhor, enfatizando a necessidade de transpar\u00eancia e responsabilidade na gest\u00e3o p\u00fablica.<\/p>\n<h2>Pr\u00f3ximas Sess\u00f5es e Expectativas<\/h2>\n<p>As pr\u00f3ximas sess\u00f5es do Legislativo seguir\u00e3o um cronograma regular, com encontros todas as ter\u00e7as e quintas-feiras. A expectativa \u00e9 que novos projetos e propostas continuem a surgir, amplificando a intera\u00e7\u00e3o entre a C\u00e2mara e os cidad\u00e3os.<\/p>\n<h2>Como a C\u00e2mara Municipal se Comunica com o Cidad\u00e3o<\/h2>\n<p>A C\u00e2mara Municipal de Cama\u00e7ari mant\u00e9m diversos canais de comunica\u00e7\u00e3o abertos para informar e interagir com a popula\u00e7\u00e3o. Al\u00e9m das transmiss\u00f5es ao vivo, os cidad\u00e3os podem acessar informa\u00e7\u00f5es atrav\u00e9s do site oficial, redes sociais e pelo contato direto com os gabinetes dos vereadores. Essa acessibilidade \u00e9 projetada para garantir que as vozes dos cidad\u00e3os sejam ouvidas e levadas em conta nas discuss\u00f5es legislativas.<\/p>\n<div class=\"2410bb7248a64bb1f71103797e0f239b\" data-index=\"3\" style=\"float: none; margin:0px;\">\n<\/br><\/br>\r\n\r\n<ins class=\"adsbygoogle\"\r\n     style=\"display:block\"\r\n     data-ad-format=\"fluid\"\r\n     data-ad-layout-key=\"-63+do+n-1s+9e\"\r\n     data-ad-client=\"ca-pub-8585364105181520\"\r\n     data-ad-slot=\"6838462089\"><\/ins>\r\n<script>\r\n     (adsbygoogle = window.adsbygoogle || []).push({});\r\n<\/script>\n<\/div>\n\n<div style=\"font-size: 0px; height: 0px; line-height: 0px; margin: 0; padding: 0; clear: both;\"><\/div>","protected":false},"excerpt":{"rendered":"<p>26\u00aa Sess\u00e3o Ordin\u00e1ria revela acontecimentos importantes em Cama\u00e7ari.<\/p>\n","protected":false},"author":1,"featured_media":1240,"comment_status":"open","ping_status":"closed","sticky":false,"template":"","format":"standard","meta":{"footnotes":""},"categories":[1],"tags":[],"class_list":["post-1241","post","type-post","status-publish","format-standard","has-post-thumbnail","hentry","category-noticias-em-camacari","has_thumb"],"aioseo_notices":[],"aioseo_head":"\n\t\t<!-- All in One SEO 5.0.0.1 - aioseo.com -->\n\t<meta name=\"description\" content=\"26\u00aa Sess\u00e3o Ordin\u00e1ria revela acontecimentos importantes em Cama\u00e7ari.\" \/>\n\t<meta name=\"robots\" content=\"max-image-preview:large\" \/>\n\t<meta name=\"author\" content=\"Encontra Cama\u00e7ari\"\/>\n\t<link rel=\"canonical\" href=\"https:\/\/www.encontracamacari.com.br\/sobre\/26a-sessao-ordinaria-do-1o-periodo-legislativo\/\" \/>\n\t<meta name=\"generator\" content=\"All in One SEO (AIOSEO) 5.0.0.1\" \/>\n\t\t<meta property=\"og:locale\" content=\"pt_BR\" \/>\n\t\t<meta property=\"og:site_name\" content=\"Encontra Cama\u00e7ari - Not\u00edcias, eventos, informa\u00e7\u00f5es e dicas na cidade de Cama\u00e7ari e regi\u00e3o.\" \/>\n\t\t<meta property=\"og:type\" content=\"article\" \/>\n\t\t<meta property=\"og:title\" content=\"26\u00aa Sess\u00e3o Ordin\u00e1ria do 1\u00ba Per\u00edodo Legislativo - Encontra Cama\u00e7ari\" \/>\n\t\t<meta property=\"og:description\" content=\"26\u00aa Sess\u00e3o Ordin\u00e1ria revela acontecimentos importantes em Cama\u00e7ari.\" \/>\n\t\t<meta property=\"og:url\" content=\"https:\/\/www.encontracamacari.com.br\/sobre\/26a-sessao-ordinaria-do-1o-periodo-legislativo\/\" \/>\n\t\t<meta property=\"article:published_time\" content=\"2026-06-25T06:14:36+00:00\" \/>\n\t\t<meta property=\"article:modified_time\" content=\"2026-06-25T06:14:36+00:00\" \/>\n\t\t<meta name=\"twitter:card\" content=\"summary_large_image\" \/>\n\t\t<meta name=\"twitter:title\" content=\"26\u00aa Sess\u00e3o Ordin\u00e1ria do 1\u00ba Per\u00edodo Legislativo - Encontra Cama\u00e7ari\" \/>\n\t\t<meta name=\"twitter:description\" content=\"26\u00aa Sess\u00e3o Ordin\u00e1ria revela acontecimentos importantes em Cama\u00e7ari.\" \/>\n\t\t<script type=\"application\/ld+json\" class=\"aioseo-schema\">\n\t\t\t{\"@context\":\"https:\\\/\\\/schema.org\",\"@graph\":[{\"@type\":\"BlogPosting\",\"@id\":\"https:\\\/\\\/www.encontracamacari.com.br\\\/sobre\\\/26a-sessao-ordinaria-do-1o-periodo-legislativo\\\/#blogposting\",\"name\":\"26\\u00aa Sess\\u00e3o Ordin\\u00e1ria do 1\\u00ba Per\\u00edodo Legislativo - Encontra Cama\\u00e7ari\",\"headline\":\"26\\u00aa Sess\\u00e3o Ordin\\u00e1ria do 1\\u00ba Per\\u00edodo Legislativo\",\"author\":{\"@id\":\"https:\\\/\\\/www.encontracamacari.com.br\\\/sobre\\\/author\\\/ecamacari\\\/#author\"},\"publisher\":{\"@id\":\"https:\\\/\\\/www.encontracamacari.com.br\\\/sobre\\\/#organization\"},\"image\":{\"@type\":\"ImageObject\",\"url\":\"https:\\\/\\\/www.encontracamacari.com.br\\\/sobre\\\/wp-content\\\/uploads\\\/2026\\\/06\\\/26-sessao-ordinaria-do-1-periodo-legislativo.webp\",\"width\":280,\"height\":280,\"caption\":\"26\\u00aa Sess\\u00e3o Ordin\\u00e1ria do 1\\u00ba Per\\u00edodo Legislativo\"},\"datePublished\":\"2026-06-25T06:14:36+00:00\",\"dateModified\":\"2026-06-25T06:14:36+00:00\",\"inLanguage\":\"pt-BR\",\"mainEntityOfPage\":{\"@id\":\"https:\\\/\\\/www.encontracamacari.com.br\\\/sobre\\\/26a-sessao-ordinaria-do-1o-periodo-legislativo\\\/#webpage\"},\"isPartOf\":{\"@id\":\"https:\\\/\\\/www.encontracamacari.com.br\\\/sobre\\\/26a-sessao-ordinaria-do-1o-periodo-legislativo\\\/#webpage\"},\"articleSection\":\"Not\\u00edcias Cama\\u00e7ari\"},{\"@type\":\"BreadcrumbList\",\"@id\":\"https:\\\/\\\/www.encontracamacari.com.br\\\/sobre\\\/26a-sessao-ordinaria-do-1o-periodo-legislativo\\\/#breadcrumblist\",\"itemListElement\":[{\"@type\":\"ListItem\",\"@id\":\"https:\\\/\\\/www.encontracamacari.com.br\\\/sobre#listItem\",\"position\":1,\"name\":\"Home\",\"item\":\"https:\\\/\\\/www.encontracamacari.com.br\\\/sobre\",\"nextItem\":{\"@type\":\"ListItem\",\"@id\":\"https:\\\/\\\/www.encontracamacari.com.br\\\/sobre\\\/noticias-em-camacari\\\/#listItem\",\"name\":\"Not\\u00edcias Cama\\u00e7ari\"}},{\"@type\":\"ListItem\",\"@id\":\"https:\\\/\\\/www.encontracamacari.com.br\\\/sobre\\\/noticias-em-camacari\\\/#listItem\",\"position\":2,\"name\":\"Not\\u00edcias Cama\\u00e7ari\",\"item\":\"https:\\\/\\\/www.encontracamacari.com.br\\\/sobre\\\/noticias-em-camacari\\\/\",\"nextItem\":{\"@type\":\"ListItem\",\"@id\":\"https:\\\/\\\/www.encontracamacari.com.br\\\/sobre\\\/26a-sessao-ordinaria-do-1o-periodo-legislativo\\\/#listItem\",\"name\":\"26\\u00aa Sess\\u00e3o Ordin\\u00e1ria do 1\\u00ba Per\\u00edodo Legislativo\"},\"previousItem\":{\"@type\":\"ListItem\",\"@id\":\"https:\\\/\\\/www.encontracamacari.com.br\\\/sobre#listItem\",\"name\":\"Home\"}},{\"@type\":\"ListItem\",\"@id\":\"https:\\\/\\\/www.encontracamacari.com.br\\\/sobre\\\/26a-sessao-ordinaria-do-1o-periodo-legislativo\\\/#listItem\",\"position\":3,\"name\":\"26\\u00aa Sess\\u00e3o Ordin\\u00e1ria do 1\\u00ba Per\\u00edodo Legislativo\",\"previousItem\":{\"@type\":\"ListItem\",\"@id\":\"https:\\\/\\\/www.encontracamacari.com.br\\\/sobre\\\/noticias-em-camacari\\\/#listItem\",\"name\":\"Not\\u00edcias Cama\\u00e7ari\"}}]},{\"@type\":\"Organization\",\"@id\":\"https:\\\/\\\/www.encontracamacari.com.br\\\/sobre\\\/#organization\",\"name\":\"Encontra Cama\\u00e7ari\",\"description\":\"Not\\u00edcias, eventos, informa\\u00e7\\u00f5es e dicas na cidade de Cama\\u00e7ari e regi\\u00e3o.\",\"url\":\"https:\\\/\\\/www.encontracamacari.com.br\\\/sobre\\\/\"},{\"@type\":\"Person\",\"@id\":\"https:\\\/\\\/www.encontracamacari.com.br\\\/sobre\\\/author\\\/ecamacari\\\/#author\",\"url\":\"https:\\\/\\\/www.encontracamacari.com.br\\\/sobre\\\/author\\\/ecamacari\\\/\",\"name\":\"Encontra Cama\\u00e7ari\",\"image\":{\"@type\":\"ImageObject\",\"@id\":\"https:\\\/\\\/www.encontracamacari.com.br\\\/sobre\\\/26a-sessao-ordinaria-do-1o-periodo-legislativo\\\/#authorImage\",\"url\":\"https:\\\/\\\/secure.gravatar.com\\\/avatar\\\/507340682b8270222e1f208e23198b6ae7e2c6a1033ae84e99bc6bce4f82a387?s=96&d=mm&r=g\",\"width\":96,\"height\":96,\"caption\":\"Encontra Cama\\u00e7ari\"}},{\"@type\":\"WebPage\",\"@id\":\"https:\\\/\\\/www.encontracamacari.com.br\\\/sobre\\\/26a-sessao-ordinaria-do-1o-periodo-legislativo\\\/#webpage\",\"url\":\"https:\\\/\\\/www.encontracamacari.com.br\\\/sobre\\\/26a-sessao-ordinaria-do-1o-periodo-legislativo\\\/\",\"name\":\"26\\u00aa Sess\\u00e3o Ordin\\u00e1ria do 1\\u00ba Per\\u00edodo Legislativo - Encontra Cama\\u00e7ari\",\"description\":\"26\\u00aa Sess\\u00e3o Ordin\\u00e1ria revela acontecimentos importantes em Cama\\u00e7ari.\",\"inLanguage\":\"pt-BR\",\"isPartOf\":{\"@id\":\"https:\\\/\\\/www.encontracamacari.com.br\\\/sobre\\\/#website\"},\"breadcrumb\":{\"@id\":\"https:\\\/\\\/www.encontracamacari.com.br\\\/sobre\\\/26a-sessao-ordinaria-do-1o-periodo-legislativo\\\/#breadcrumblist\"},\"author\":{\"@id\":\"https:\\\/\\\/www.encontracamacari.com.br\\\/sobre\\\/author\\\/ecamacari\\\/#author\"},\"creator\":{\"@id\":\"https:\\\/\\\/www.encontracamacari.com.br\\\/sobre\\\/author\\\/ecamacari\\\/#author\"},\"image\":{\"@type\":\"ImageObject\",\"url\":\"https:\\\/\\\/www.encontracamacari.com.br\\\/sobre\\\/wp-content\\\/uploads\\\/2026\\\/06\\\/26-sessao-ordinaria-do-1-periodo-legislativo.webp\",\"@id\":\"https:\\\/\\\/www.encontracamacari.com.br\\\/sobre\\\/26a-sessao-ordinaria-do-1o-periodo-legislativo\\\/#mainImage\",\"width\":280,\"height\":280,\"caption\":\"26\\u00aa Sess\\u00e3o Ordin\\u00e1ria do 1\\u00ba Per\\u00edodo Legislativo\"},\"primaryImageOfPage\":{\"@id\":\"https:\\\/\\\/www.encontracamacari.com.br\\\/sobre\\\/26a-sessao-ordinaria-do-1o-periodo-legislativo\\\/#mainImage\"},\"datePublished\":\"2026-06-25T06:14:36+00:00\",\"dateModified\":\"2026-06-25T06:14:36+00:00\"},{\"@type\":\"WebSite\",\"@id\":\"https:\\\/\\\/www.encontracamacari.com.br\\\/sobre\\\/#website\",\"url\":\"https:\\\/\\\/www.encontracamacari.com.br\\\/sobre\\\/\",\"name\":\"Encontra Cama\\u00e7ari\",\"description\":\"Not\\u00edcias, eventos, informa\\u00e7\\u00f5es e dicas na cidade de Cama\\u00e7ari e regi\\u00e3o.\",\"inLanguage\":\"pt-BR\",\"publisher\":{\"@id\":\"https:\\\/\\\/www.encontracamacari.com.br\\\/sobre\\\/#organization\"}}]}\n\t\t<\/script>\n\t\t<!-- All in One SEO -->\n\n","aioseo_head_json":{"title":"26\u00aa Sess\u00e3o Ordin\u00e1ria do 1\u00ba Per\u00edodo Legislativo - Encontra Cama\u00e7ari","description":"26\u00aa Sess\u00e3o Ordin\u00e1ria revela acontecimentos importantes em Cama\u00e7ari.","canonical_url":"https:\/\/www.encontracamacari.com.br\/sobre\/26a-sessao-ordinaria-do-1o-periodo-legislativo\/","robots":"max-image-preview:large","keywords":"","webmasterTools":{"miscellaneous":""},"schema":{"@context":"https:\/\/schema.org","@graph":[{"@type":"BlogPosting","@id":"https:\/\/www.encontracamacari.com.br\/sobre\/26a-sessao-ordinaria-do-1o-periodo-legislativo\/#blogposting","name":"26\u00aa Sess\u00e3o Ordin\u00e1ria do 1\u00ba Per\u00edodo Legislativo - Encontra Cama\u00e7ari","headline":"26\u00aa Sess\u00e3o Ordin\u00e1ria do 1\u00ba Per\u00edodo Legislativo","author":{"@id":"https:\/\/www.encontracamacari.com.br\/sobre\/author\/ecamacari\/#author"},"publisher":{"@id":"https:\/\/www.encontracamacari.com.br\/sobre\/#organization"},"image":{"@type":"ImageObject","url":"https:\/\/www.encontracamacari.com.br\/sobre\/wp-content\/uploads\/2026\/06\/26-sessao-ordinaria-do-1-periodo-legislativo.webp","width":280,"height":280,"caption":"26\u00aa Sess\u00e3o Ordin\u00e1ria do 1\u00ba Per\u00edodo Legislativo"},"datePublished":"2026-06-25T06:14:36+00:00","dateModified":"2026-06-25T06:14:36+00:00","inLanguage":"pt-BR","mainEntityOfPage":{"@id":"https:\/\/www.encontracamacari.com.br\/sobre\/26a-sessao-ordinaria-do-1o-periodo-legislativo\/#webpage"},"isPartOf":{"@id":"https:\/\/www.encontracamacari.com.br\/sobre\/26a-sessao-ordinaria-do-1o-periodo-legislativo\/#webpage"},"articleSection":"Not\u00edcias Cama\u00e7ari"},{"@type":"BreadcrumbList","@id":"https:\/\/www.encontracamacari.com.br\/sobre\/26a-sessao-ordinaria-do-1o-periodo-legislativo\/#breadcrumblist","itemListElement":[{"@type":"ListItem","@id":"https:\/\/www.encontracamacari.com.br\/sobre#listItem","position":1,"name":"Home","item":"https:\/\/www.encontracamacari.com.br\/sobre","nextItem":{"@type":"ListItem","@id":"https:\/\/www.encontracamacari.com.br\/sobre\/noticias-em-camacari\/#listItem","name":"Not\u00edcias Cama\u00e7ari"}},{"@type":"ListItem","@id":"https:\/\/www.encontracamacari.com.br\/sobre\/noticias-em-camacari\/#listItem","position":2,"name":"Not\u00edcias Cama\u00e7ari","item":"https:\/\/www.encontracamacari.com.br\/sobre\/noticias-em-camacari\/","nextItem":{"@type":"ListItem","@id":"https:\/\/www.encontracamacari.com.br\/sobre\/26a-sessao-ordinaria-do-1o-periodo-legislativo\/#listItem","name":"26\u00aa Sess\u00e3o Ordin\u00e1ria do 1\u00ba Per\u00edodo Legislativo"},"previousItem":{"@type":"ListItem","@id":"https:\/\/www.encontracamacari.com.br\/sobre#listItem","name":"Home"}},{"@type":"ListItem","@id":"https:\/\/www.encontracamacari.com.br\/sobre\/26a-sessao-ordinaria-do-1o-periodo-legislativo\/#listItem","position":3,"name":"26\u00aa Sess\u00e3o Ordin\u00e1ria do 1\u00ba Per\u00edodo Legislativo","previousItem":{"@type":"ListItem","@id":"https:\/\/www.encontracamacari.com.br\/sobre\/noticias-em-camacari\/#listItem","name":"Not\u00edcias Cama\u00e7ari"}}]},{"@type":"Organization","@id":"https:\/\/www.encontracamacari.com.br\/sobre\/#organization","name":"Encontra Cama\u00e7ari","description":"Not\u00edcias, eventos, informa\u00e7\u00f5es e dicas na cidade de Cama\u00e7ari e regi\u00e3o.","url":"https:\/\/www.encontracamacari.com.br\/sobre\/"},{"@type":"Person","@id":"https:\/\/www.encontracamacari.com.br\/sobre\/author\/ecamacari\/#author","url":"https:\/\/www.encontracamacari.com.br\/sobre\/author\/ecamacari\/","name":"Encontra Cama\u00e7ari","image":{"@type":"ImageObject","@id":"https:\/\/www.encontracamacari.com.br\/sobre\/26a-sessao-ordinaria-do-1o-periodo-legislativo\/#authorImage","url":"https:\/\/secure.gravatar.com\/avatar\/507340682b8270222e1f208e23198b6ae7e2c6a1033ae84e99bc6bce4f82a387?s=96&d=mm&r=g","width":96,"height":96,"caption":"Encontra Cama\u00e7ari"}},{"@type":"WebPage","@id":"https:\/\/www.encontracamacari.com.br\/sobre\/26a-sessao-ordinaria-do-1o-periodo-legislativo\/#webpage","url":"https:\/\/www.encontracamacari.com.br\/sobre\/26a-sessao-ordinaria-do-1o-periodo-legislativo\/","name":"26\u00aa Sess\u00e3o Ordin\u00e1ria do 1\u00ba Per\u00edodo Legislativo - Encontra Cama\u00e7ari","description":"26\u00aa Sess\u00e3o Ordin\u00e1ria revela acontecimentos importantes em Cama\u00e7ari.","inLanguage":"pt-BR","isPartOf":{"@id":"https:\/\/www.encontracamacari.com.br\/sobre\/#website"},"breadcrumb":{"@id":"https:\/\/www.encontracamacari.com.br\/sobre\/26a-sessao-ordinaria-do-1o-periodo-legislativo\/#breadcrumblist"},"author":{"@id":"https:\/\/www.encontracamacari.com.br\/sobre\/author\/ecamacari\/#author"},"creator":{"@id":"https:\/\/www.encontracamacari.com.br\/sobre\/author\/ecamacari\/#author"},"image":{"@type":"ImageObject","url":"https:\/\/www.encontracamacari.com.br\/sobre\/wp-content\/uploads\/2026\/06\/26-sessao-ordinaria-do-1-periodo-legislativo.webp","@id":"https:\/\/www.encontracamacari.com.br\/sobre\/26a-sessao-ordinaria-do-1o-periodo-legislativo\/#mainImage","width":280,"height":280,"caption":"26\u00aa Sess\u00e3o Ordin\u00e1ria do 1\u00ba Per\u00edodo Legislativo"},"primaryImageOfPage":{"@id":"https:\/\/www.encontracamacari.com.br\/sobre\/26a-sessao-ordinaria-do-1o-periodo-legislativo\/#mainImage"},"datePublished":"2026-06-25T06:14:36+00:00","dateModified":"2026-06-25T06:14:36+00:00"},{"@type":"WebSite","@id":"https:\/\/www.encontracamacari.com.br\/sobre\/#website","url":"https:\/\/www.encontracamacari.com.br\/sobre\/","name":"Encontra Cama\u00e7ari","description":"Not\u00edcias, eventos, informa\u00e7\u00f5es e dicas na cidade de Cama\u00e7ari e regi\u00e3o.","inLanguage":"pt-BR","publisher":{"@id":"https:\/\/www.encontracamacari.com.br\/sobre\/#organization"}}]},"og:locale":"pt_BR","og:site_name":"Encontra Cama\u00e7ari - Not\u00edcias, eventos, informa\u00e7\u00f5es e dicas na cidade de Cama\u00e7ari e regi\u00e3o.","og:type":"article","og:title":"26\u00aa Sess\u00e3o Ordin\u00e1ria do 1\u00ba Per\u00edodo Legislativo - Encontra Cama\u00e7ari","og:description":"26\u00aa Sess\u00e3o Ordin\u00e1ria revela acontecimentos importantes em Cama\u00e7ari.","og:url":"https:\/\/www.encontracamacari.com.br\/sobre\/26a-sessao-ordinaria-do-1o-periodo-legislativo\/","article:published_time":"2026-06-25T06:14:36+00:00","article:modified_time":"2026-06-25T06:14:36+00:00","twitter:card":"summary_large_image","twitter:title":"26\u00aa Sess\u00e3o Ordin\u00e1ria do 1\u00ba Per\u00edodo Legislativo - Encontra Cama\u00e7ari","twitter:description":"26\u00aa Sess\u00e3o Ordin\u00e1ria revela acontecimentos importantes em Cama\u00e7ari."},"aioseo_meta_data":{"post_id":"1241","title":null,"description":null,"keywords":null,"keyphrases":null,"primary_term":null,"canonical_url":null,"og_title":null,"og_description":null,"og_object_type":"default","og_image_type":"default","og_image_url":null,"og_image_width":null,"og_image_height":null,"og_image_custom_url":null,"og_image_custom_fields":null,"og_video":null,"og_custom_url":null,"og_article_section":null,"og_article_tags":null,"twitter_use_og":false,"twitter_card":"default","twitter_image_type":"default","twitter_image_url":null,"twitter_image_custom_url":null,"twitter_image_custom_fields":null,"twitter_title":null,"twitter_description":null,"schema":{"blockGraphs":[],"customGraphs":[],"default":{"data":{"Article":[],"Course":[],"Dataset":[],"FAQPage":[],"Movie":[],"Person":[],"Product":[],"ProductReview":[],"Car":[],"Recipe":[],"Service":[],"SoftwareApplication":[],"WebPage":[]},"graphName":"BlogPosting","isEnabled":true},"graphs":[]},"schema_type":"default","schema_type_options":null,"pillar_content":false,"robots_default":true,"robots_noindex":false,"robots_noarchive":false,"robots_nosnippet":false,"robots_nofollow":false,"robots_noimageindex":false,"robots_noodp":false,"robots_notranslate":false,"robots_max_snippet":null,"robots_max_videopreview":null,"robots_max_imagepreview":"large","priority":null,"frequency":null,"local_seo":null,"limit_modified_date":false,"created":"2026-06-25 06:14:40","updated":"2026-08-06 03:31:24","focus_keyword":null,"additional_keywords":null,"truseo_locale":null,"ai":null,"breadcrumb_settings":null,"seo_analyzer_scan_date":null},"aioseo_breadcrumb":"<div class=\"aioseo-breadcrumbs\"><span class=\"aioseo-breadcrumb\">\n\t\t\t<a href=\"https:\/\/www.encontracamacari.com.br\/sobre\" title=\"Home\">Home<\/a>\n\t\t<\/span><span class=\"aioseo-breadcrumb-separator\">&raquo;<\/span><span class=\"aioseo-breadcrumb\">\n\t\t\t<a href=\"https:\/\/www.encontracamacari.com.br\/sobre\/noticias-em-camacari\/\" title=\"Not\u00edcias Cama\u00e7ari\">Not\u00edcias Cama\u00e7ari<\/a>\n\t\t<\/span><span class=\"aioseo-breadcrumb-separator\">&raquo;<\/span><span class=\"aioseo-breadcrumb\">\n\t\t\t26\u00aa Sess\u00e3o Ordin\u00e1ria do 1\u00ba Per\u00edodo Legislativo\n\t\t<\/span><\/div>","aioseo_breadcrumb_json":[{"label":"Home","link":"https:\/\/www.encontracamacari.com.br\/sobre"},{"label":"Not\u00edcias Cama\u00e7ari","link":"https:\/\/www.encontracamacari.com.br\/sobre\/noticias-em-camacari\/"},{"label":"26\u00aa Sess\u00e3o Ordin\u00e1ria do 1\u00ba Per\u00edodo Legislativo","link":"https:\/\/www.encontracamacari.com.br\/sobre\/26a-sessao-ordinaria-do-1o-periodo-legislativo\/"}],"_links":{"self":[{"href":"https:\/\/www.encontracamacari.com.br\/sobre\/wp-json\/wp\/v2\/posts\/1241","targetHints":{"allow":["GET"]}}],"collection":[{"href":"https:\/\/www.encontracamacari.com.br\/sobre\/wp-json\/wp\/v2\/posts"}],"about":[{"href":"https:\/\/www.encontracamacari.com.br\/sobre\/wp-json\/wp\/v2\/types\/post"}],"author":[{"embeddable":true,"href":"https:\/\/www.encontracamacari.com.br\/sobre\/wp-json\/wp\/v2\/users\/1"}],"replies":[{"embeddable":true,"href":"https:\/\/www.encontracamacari.com.br\/sobre\/wp-json\/wp\/v2\/comments?post=1241"}],"version-history":[{"count":0,"href":"https:\/\/www.encontracamacari.com.br\/sobre\/wp-json\/wp\/v2\/posts\/1241\/revisions"}],"wp:featuredmedia":[{"embeddable":true,"href":"https:\/\/www.encontracamacari.com.br\/sobre\/wp-json\/wp\/v2\/media\/1240"}],"wp:attachment":[{"href":"https:\/\/www.encontracamacari.com.br\/sobre\/wp-json\/wp\/v2\/media?parent=1241"}],"wp:term":[{"taxonomy":"category","embeddable":true,"href":"https:\/\/www.encontracamacari.com.br\/sobre\/wp-json\/wp\/v2\/categories?post=1241"},{"taxonomy":"post_tag","embeddable":true,"href":"https:\/\/www.encontracamacari.com.br\/sobre\/wp-json\/wp\/v2\/tags?post=1241"}],"curies":[{"name":"wp","href":"https:\/\/api.w.org\/{rel}","templated":true}]}}