{"id":1215,"date":"2026-06-19T06:15:26","date_gmt":"2026-06-19T06:15:26","guid":{"rendered":"https:\/\/www.encontracamacari.com.br\/sobre\/basf-lanca-programa-formula-de-talentos-para-estudantes-da-rede-publica-de-camacari\/"},"modified":"2026-06-19T06:15:26","modified_gmt":"2026-06-19T06:15:26","slug":"basf-lanca-programa-formula-de-talentos-para-estudantes-da-rede-publica-de-camacari","status":"publish","type":"post","link":"https:\/\/www.encontracamacari.com.br\/sobre\/basf-lanca-programa-formula-de-talentos-para-estudantes-da-rede-publica-de-camacari\/","title":{"rendered":"BASF lan\u00e7a programa &#8216;F\u00f3rmula de Talentos&#8217; para estudantes da rede p\u00fablica de Cama\u00e7ari."},"content":{"rendered":"<div class=\"2410bb7248a64bb1f71103797e0f239b\" data-index=\"1\" style=\"float: none; margin:0px;\">\n<ins class=\"adsbygoogle\"\r\n     style=\"display:block\"\r\n     data-ad-client=\"ca-pub-8585364105181520\"\r\n     data-ad-slot=\"8789329856\"\r\n     data-ad-format=\"auto\"\r\n     data-full-width-responsive=\"true\"><\/ins>\r\n<script>\r\n     (adsbygoogle = window.adsbygoogle || []).push({});\r\n<\/script>\n<\/div>\n<h2>Objetivos do Programa &#8216;F\u00f3rmula de Talentos&#8217;<\/h2>\n<p>O programa &#8220;F\u00f3rmula de Talentos&#8221; tem como principal meta descobrir e desenvolver jovens com alto potencial acad\u00eamico e habilidades excepcionais no munic\u00edpio de Cama\u00e7ari. A iniciativa \u00e9 uma colabora\u00e7\u00e3o da BASF com o Instituto Alpha Lumen, visando oferecer aos estudantes da rede p\u00fablica oportunidades de crescimento nas \u00e1reas de Ci\u00eancia, Tecnologia, Engenharia, Artes e Matem\u00e1tica, com foco na forma\u00e7\u00e3o integral e no desenvolvimento de compet\u00eancias socioemocionais.<\/p>\n<h2>Capacita\u00e7\u00e3o em \u00e1reas de STEAM<\/h2>\n<p>Um dos aspectos mais importantes do &#8220;F\u00f3rmula de Talentos&#8221; \u00e9 a capacita\u00e7\u00e3o voltada para a metodologia STEAM, que engloba as \u00e1reas de <strong>Ci\u00eancia, Tecnologia, Engenharia, Artes e Matem\u00e1tica<\/strong>. Este enfoque proporciona aos jovens uma forma\u00e7\u00e3o diversificada, promovendo o racioc\u00ednio cr\u00edtico e a criatividade. As atividades incluem aulas pr\u00e1ticas de rob\u00f3tica, programa\u00e7\u00e3o e projetos interdisciplinares que incentivam a inova\u00e7\u00e3o e a solu\u00e7\u00e3o de problemas do dia a dia.<\/p>\n<h2>Compromisso com a Comunidade Local<\/h2>\n<p>A BASF reafirma seu compromisso com a cidade de Cama\u00e7ari ao direcionar investimentos significativos para a educa\u00e7\u00e3o. O &#8220;F\u00f3rmula de Talentos&#8221; representa uma a\u00e7\u00e3o concreta que visa fortalecer a educa\u00e7\u00e3o local e trazer benef\u00edcios diretos para a comunidade. Ao capacitar estudantes, a BASF contribui para a transforma\u00e7\u00e3o social e a constru\u00e7\u00e3o de uma sociedade mais justa e igualit\u00e1ria.<\/p>\n<p><img decoding=\"async\" src=\"https:\/\/www.encontracamacari.com.br\/sobre\/wp-content\/uploads\/2026\/06\/basf-lanca-programa-formula-de-talentos-para-estudantes-da-rede-publica-de-camacari.webp\" alt=\"programa F\u00f3rmula de Talentos\" loading=\"lazy\" \/><\/p>\n<h2>Benef\u00edcios para os Estudantes<\/h2>\n<p>Os participantes do programa ter\u00e3o acesso a uma s\u00e9rie de vantagens, como:<\/p>\n<ul>\n<li><strong>Forma\u00e7\u00e3o Gratuita:<\/strong> Acesso a cursos e oficinas sem custos adicionais.<\/li>\n<li><strong>Desenvolvimento de Soft Skills:<\/strong> Foco em habilidades emocionais e sociais essenciais para o mercado de trabalho.<\/li>\n<li><strong>Prepara\u00e7\u00e3o para Competi\u00e7\u00f5es:<\/strong> Treinamento espec\u00edfico para olimp\u00edadas cient\u00edficas e tecnol\u00f3gicas.<\/li>\n<li><strong>Certifica\u00e7\u00e3o:<\/strong> Conclus\u00e3o do programa com certificado que atesta as compet\u00eancias adquiridas.<\/li>\n<\/ul>\n<h2>Metodologia Inovadora do Instituto Alpha Lumen<\/h2>\n<p>O Instituto Alpha Lumen utiliza uma metodologia de ensino inovadora que favorece a aprendizagem ativa e colaborativa. O programa inclui:<\/p><div class=\"2410bb7248a64bb1f71103797e0f239b\" data-index=\"2\" style=\"float: none; margin:0px;\">\n<ins class=\"adsbygoogle\"\r\n     style=\"display:block; text-align:center;\"\r\n     data-ad-layout=\"in-article\"\r\n     data-ad-format=\"fluid\"\r\n     data-ad-client=\"ca-pub-8585364105181520\"\r\n     data-ad-slot=\"2899217073\"><\/ins>\r\n<script>\r\n     (adsbygoogle = window.adsbygoogle || []).push({});\r\n<\/script>\r\n\r\n<\/br><\/br>\n<\/div>\n\n<ul>\n<li><strong>Ensino Adaptativo:<\/strong> Abordagens personalizadas que se ajustam ao ritmo de cada aluno.<\/li>\n<li><strong>Uso de Tecnologias Educacionais:<\/strong> Integra\u00e7\u00e3o de ferramentas digitais que facilitam a aprendizagem e aumentam o engajamento.<\/li>\n<li><strong>Projeto de Vida:<\/strong> Ajuda os estudantes a planejarem seu futuro com base em seus interesses e talentos.<\/li>\n<\/ul>\n<h2>Processo Seletivo e Crit\u00e9rios de Aprova\u00e7\u00e3o<\/h2>\n<p>O processo seletivo para o &#8220;F\u00f3rmula de Talentos&#8221; \u00e9 rigoroso e busca identificar os jovens com maior potencial. Os crit\u00e9rios incluem:<\/p>\n<ul>\n<li><strong>Desempenho Acad\u00eamico:<\/strong> Avalia\u00e7\u00e3o das notas e historico escolar dos candidatos.<\/li>\n<li><strong>Indica\u00e7\u00f5es:<\/strong> Sugest\u00f5es de professores e diretores de escolas p\u00fablicas.<\/li>\n<li><strong>Entrevistas:<\/strong> Conversas com os candidatos para entender sua motiva\u00e7\u00e3o e objetivos.<\/li>\n<\/ul>\n<h2>Parceria com o Poder P\u00fablico<\/h2>\n<p>A colabora\u00e7\u00e3o entre a BASF e as autoridades locais \u00e9 fundamental para o sucesso do programa. O poder p\u00fablico, juntamente com a iniciativa privada, contribui para criar um ambiente educacional favor\u00e1vel, reconhecendo e promovendo as potencialidades dos jovens de Cama\u00e7ari.<\/p>\n<h2>Impacto Social e Educa\u00e7\u00e3o de Qualidade<\/h2>\n<p>O &#8220;F\u00f3rmula de Talentos&#8221; representa mais do que um simples programa educacional; \u00e9 uma plataforma de transforma\u00e7\u00e3o social. Com a identifica\u00e7\u00e3o e o apoio \u00e0queles que possuem talentos n\u00e3o reconhecidos, o projeto busca reduzir as desigualdades e fomentar uma educa\u00e7\u00e3o de qualidade, preparando os jovens para os desafios do futuro.<\/p>\n<h2>Como Fazer Parte da Iniciativa<\/h2>\n<p>Estudantes interessados em participar do &#8220;F\u00f3rmula de Talentos&#8221; devem ficar atentos aos an\u00fancios do programa nas escolas e nas redes sociais da BASF e do Instituto Alpha Lumen. A informa\u00e7\u00e3o sobre inscri\u00e7\u00f5es, prazos e requisitos ser\u00e1 divulgada amplamente para garantir que todos os potenciais candidatos tenham a oportunidade de se inscrever.<\/p>\n<h2>Futuro da Educa\u00e7\u00e3o em Cama\u00e7ari<\/h2>\n<p>A implementa\u00e7\u00e3o do &#8220;F\u00f3rmula de Talentos&#8221; \u00e9 um passo significativo rumo a um futuro mais promissor para a educa\u00e7\u00e3o em Cama\u00e7ari. Ao investir no potencial dos jovens e oferecer-lhes oportunidades, a BASF e seus parceiros est\u00e3o contribuindo para a forma\u00e7\u00e3o de uma nova gera\u00e7\u00e3o de l\u00edderes e inovadores, que estar\u00e3o aptos a enfrentar os desafios do mundo contempor\u00e2neo e a transformar suas realidades.<\/p>\n<p>Essa iniciativa \u00e9 um exemplo de como parcerias entre a ind\u00fastria e a educa\u00e7\u00e3o podem gerar resultados positivos e duradouros, n\u00e3o apenas para os indiv\u00edduos envolvidos, mas para toda a sociedade.<\/p>\n<div class=\"2410bb7248a64bb1f71103797e0f239b\" data-index=\"3\" style=\"float: none; margin:0px;\">\n<\/br><\/br>\r\n\r\n<ins class=\"adsbygoogle\"\r\n     style=\"display:block\"\r\n     data-ad-format=\"fluid\"\r\n     data-ad-layout-key=\"-63+do+n-1s+9e\"\r\n     data-ad-client=\"ca-pub-8585364105181520\"\r\n     data-ad-slot=\"6838462089\"><\/ins>\r\n<script>\r\n     (adsbygoogle = window.adsbygoogle || []).push({});\r\n<\/script>\n<\/div>\n\n<div style=\"font-size: 0px; height: 0px; line-height: 0px; margin: 0; padding: 0; clear: both;\"><\/div>","protected":false},"excerpt":{"rendered":"<p>Saiba como o programa &#8216;F\u00f3rmula de Talentos&#8217; da BASF est\u00e1 transformando a educa\u00e7\u00e3o em Cama\u00e7ari.<\/p>\n","protected":false},"author":1,"featured_media":1214,"comment_status":"open","ping_status":"closed","sticky":false,"template":"","format":"standard","meta":{"footnotes":""},"categories":[1],"tags":[],"class_list":["post-1215","post","type-post","status-publish","format-standard","has-post-thumbnail","hentry","category-noticias-em-camacari","has_thumb"],"aioseo_notices":[],"aioseo_head":"\n\t\t<!-- All in One SEO 5.0.0.1 - aioseo.com -->\n\t<meta name=\"description\" content=\"Saiba como o programa &#039;F\u00f3rmula de Talentos&#039; da BASF est\u00e1 transformando a educa\u00e7\u00e3o em Cama\u00e7ari.\" \/>\n\t<meta name=\"robots\" content=\"max-image-preview:large\" \/>\n\t<meta name=\"author\" content=\"Encontra Cama\u00e7ari\"\/>\n\t<link rel=\"canonical\" href=\"https:\/\/www.encontracamacari.com.br\/sobre\/basf-lanca-programa-formula-de-talentos-para-estudantes-da-rede-publica-de-camacari\/\" \/>\n\t<meta name=\"generator\" content=\"All in One SEO (AIOSEO) 5.0.0.1\" \/>\n\t\t<meta property=\"og:locale\" content=\"pt_BR\" \/>\n\t\t<meta property=\"og:site_name\" content=\"Encontra Cama\u00e7ari - Not\u00edcias, eventos, informa\u00e7\u00f5es e dicas na cidade de Cama\u00e7ari e regi\u00e3o.\" \/>\n\t\t<meta property=\"og:type\" content=\"article\" \/>\n\t\t<meta property=\"og:title\" content=\"BASF lan\u00e7a programa \u2018F\u00f3rmula de Talentos\u2019 para estudantes da rede p\u00fablica de Cama\u00e7ari. - Encontra Cama\u00e7ari\" \/>\n\t\t<meta property=\"og:description\" content=\"Saiba como o programa &#039;F\u00f3rmula de Talentos&#039; da BASF est\u00e1 transformando a educa\u00e7\u00e3o em Cama\u00e7ari.\" \/>\n\t\t<meta property=\"og:url\" content=\"https:\/\/www.encontracamacari.com.br\/sobre\/basf-lanca-programa-formula-de-talentos-para-estudantes-da-rede-publica-de-camacari\/\" \/>\n\t\t<meta property=\"article:published_time\" content=\"2026-06-19T06:15:26+00:00\" \/>\n\t\t<meta property=\"article:modified_time\" content=\"2026-06-19T06:15:26+00:00\" \/>\n\t\t<meta name=\"twitter:card\" content=\"summary_large_image\" \/>\n\t\t<meta name=\"twitter:title\" content=\"BASF lan\u00e7a programa \u2018F\u00f3rmula de Talentos\u2019 para estudantes da rede p\u00fablica de Cama\u00e7ari. - Encontra Cama\u00e7ari\" \/>\n\t\t<meta name=\"twitter:description\" content=\"Saiba como o programa &#039;F\u00f3rmula de Talentos&#039; da BASF est\u00e1 transformando a educa\u00e7\u00e3o em Cama\u00e7ari.\" \/>\n\t\t<script type=\"application\/ld+json\" class=\"aioseo-schema\">\n\t\t\t{\"@context\":\"https:\\\/\\\/schema.org\",\"@graph\":[{\"@type\":\"BlogPosting\",\"@id\":\"https:\\\/\\\/www.encontracamacari.com.br\\\/sobre\\\/basf-lanca-programa-formula-de-talentos-para-estudantes-da-rede-publica-de-camacari\\\/#blogposting\",\"name\":\"BASF lan\\u00e7a programa \\u2018F\\u00f3rmula de Talentos\\u2019 para estudantes da rede p\\u00fablica de Cama\\u00e7ari. - Encontra Cama\\u00e7ari\",\"headline\":\"BASF lan\\u00e7a programa &#8216;F\\u00f3rmula de Talentos&#8217; para estudantes da rede p\\u00fablica de Cama\\u00e7ari.\",\"author\":{\"@id\":\"https:\\\/\\\/www.encontracamacari.com.br\\\/sobre\\\/author\\\/ecamacari\\\/#author\"},\"publisher\":{\"@id\":\"https:\\\/\\\/www.encontracamacari.com.br\\\/sobre\\\/#organization\"},\"image\":{\"@type\":\"ImageObject\",\"url\":\"https:\\\/\\\/www.encontracamacari.com.br\\\/sobre\\\/wp-content\\\/uploads\\\/2026\\\/06\\\/basf-lanca-programa-formula-de-talentos-para-estudantes-da-rede-publica-de-camacari.webp\",\"width\":280,\"height\":280,\"caption\":\"programa F\\u00f3rmula de Talentos\"},\"datePublished\":\"2026-06-19T06:15:26+00:00\",\"dateModified\":\"2026-06-19T06:15:26+00:00\",\"inLanguage\":\"pt-BR\",\"mainEntityOfPage\":{\"@id\":\"https:\\\/\\\/www.encontracamacari.com.br\\\/sobre\\\/basf-lanca-programa-formula-de-talentos-para-estudantes-da-rede-publica-de-camacari\\\/#webpage\"},\"isPartOf\":{\"@id\":\"https:\\\/\\\/www.encontracamacari.com.br\\\/sobre\\\/basf-lanca-programa-formula-de-talentos-para-estudantes-da-rede-publica-de-camacari\\\/#webpage\"},\"articleSection\":\"Not\\u00edcias Cama\\u00e7ari\"},{\"@type\":\"BreadcrumbList\",\"@id\":\"https:\\\/\\\/www.encontracamacari.com.br\\\/sobre\\\/basf-lanca-programa-formula-de-talentos-para-estudantes-da-rede-publica-de-camacari\\\/#breadcrumblist\",\"itemListElement\":[{\"@type\":\"ListItem\",\"@id\":\"https:\\\/\\\/www.encontracamacari.com.br\\\/sobre#listItem\",\"position\":1,\"name\":\"Home\",\"item\":\"https:\\\/\\\/www.encontracamacari.com.br\\\/sobre\",\"nextItem\":{\"@type\":\"ListItem\",\"@id\":\"https:\\\/\\\/www.encontracamacari.com.br\\\/sobre\\\/noticias-em-camacari\\\/#listItem\",\"name\":\"Not\\u00edcias Cama\\u00e7ari\"}},{\"@type\":\"ListItem\",\"@id\":\"https:\\\/\\\/www.encontracamacari.com.br\\\/sobre\\\/noticias-em-camacari\\\/#listItem\",\"position\":2,\"name\":\"Not\\u00edcias Cama\\u00e7ari\",\"item\":\"https:\\\/\\\/www.encontracamacari.com.br\\\/sobre\\\/noticias-em-camacari\\\/\",\"nextItem\":{\"@type\":\"ListItem\",\"@id\":\"https:\\\/\\\/www.encontracamacari.com.br\\\/sobre\\\/basf-lanca-programa-formula-de-talentos-para-estudantes-da-rede-publica-de-camacari\\\/#listItem\",\"name\":\"BASF lan\\u00e7a programa &#8216;F\\u00f3rmula de Talentos&#8217; para estudantes da rede p\\u00fablica de Cama\\u00e7ari.\"},\"previousItem\":{\"@type\":\"ListItem\",\"@id\":\"https:\\\/\\\/www.encontracamacari.com.br\\\/sobre#listItem\",\"name\":\"Home\"}},{\"@type\":\"ListItem\",\"@id\":\"https:\\\/\\\/www.encontracamacari.com.br\\\/sobre\\\/basf-lanca-programa-formula-de-talentos-para-estudantes-da-rede-publica-de-camacari\\\/#listItem\",\"position\":3,\"name\":\"BASF lan\\u00e7a programa &#8216;F\\u00f3rmula de Talentos&#8217; para estudantes da rede p\\u00fablica de Cama\\u00e7ari.\",\"previousItem\":{\"@type\":\"ListItem\",\"@id\":\"https:\\\/\\\/www.encontracamacari.com.br\\\/sobre\\\/noticias-em-camacari\\\/#listItem\",\"name\":\"Not\\u00edcias Cama\\u00e7ari\"}}]},{\"@type\":\"Organization\",\"@id\":\"https:\\\/\\\/www.encontracamacari.com.br\\\/sobre\\\/#organization\",\"name\":\"Encontra Cama\\u00e7ari\",\"description\":\"Not\\u00edcias, eventos, informa\\u00e7\\u00f5es e dicas na cidade de Cama\\u00e7ari e regi\\u00e3o.\",\"url\":\"https:\\\/\\\/www.encontracamacari.com.br\\\/sobre\\\/\"},{\"@type\":\"Person\",\"@id\":\"https:\\\/\\\/www.encontracamacari.com.br\\\/sobre\\\/author\\\/ecamacari\\\/#author\",\"url\":\"https:\\\/\\\/www.encontracamacari.com.br\\\/sobre\\\/author\\\/ecamacari\\\/\",\"name\":\"Encontra Cama\\u00e7ari\",\"image\":{\"@type\":\"ImageObject\",\"@id\":\"https:\\\/\\\/www.encontracamacari.com.br\\\/sobre\\\/basf-lanca-programa-formula-de-talentos-para-estudantes-da-rede-publica-de-camacari\\\/#authorImage\",\"url\":\"https:\\\/\\\/secure.gravatar.com\\\/avatar\\\/507340682b8270222e1f208e23198b6ae7e2c6a1033ae84e99bc6bce4f82a387?s=96&d=mm&r=g\",\"width\":96,\"height\":96,\"caption\":\"Encontra Cama\\u00e7ari\"}},{\"@type\":\"WebPage\",\"@id\":\"https:\\\/\\\/www.encontracamacari.com.br\\\/sobre\\\/basf-lanca-programa-formula-de-talentos-para-estudantes-da-rede-publica-de-camacari\\\/#webpage\",\"url\":\"https:\\\/\\\/www.encontracamacari.com.br\\\/sobre\\\/basf-lanca-programa-formula-de-talentos-para-estudantes-da-rede-publica-de-camacari\\\/\",\"name\":\"BASF lan\\u00e7a programa \\u2018F\\u00f3rmula de Talentos\\u2019 para estudantes da rede p\\u00fablica de Cama\\u00e7ari. - Encontra Cama\\u00e7ari\",\"description\":\"Saiba como o programa 'F\\u00f3rmula de Talentos' da BASF est\\u00e1 transformando a educa\\u00e7\\u00e3o em Cama\\u00e7ari.\",\"inLanguage\":\"pt-BR\",\"isPartOf\":{\"@id\":\"https:\\\/\\\/www.encontracamacari.com.br\\\/sobre\\\/#website\"},\"breadcrumb\":{\"@id\":\"https:\\\/\\\/www.encontracamacari.com.br\\\/sobre\\\/basf-lanca-programa-formula-de-talentos-para-estudantes-da-rede-publica-de-camacari\\\/#breadcrumblist\"},\"author\":{\"@id\":\"https:\\\/\\\/www.encontracamacari.com.br\\\/sobre\\\/author\\\/ecamacari\\\/#author\"},\"creator\":{\"@id\":\"https:\\\/\\\/www.encontracamacari.com.br\\\/sobre\\\/author\\\/ecamacari\\\/#author\"},\"image\":{\"@type\":\"ImageObject\",\"url\":\"https:\\\/\\\/www.encontracamacari.com.br\\\/sobre\\\/wp-content\\\/uploads\\\/2026\\\/06\\\/basf-lanca-programa-formula-de-talentos-para-estudantes-da-rede-publica-de-camacari.webp\",\"@id\":\"https:\\\/\\\/www.encontracamacari.com.br\\\/sobre\\\/basf-lanca-programa-formula-de-talentos-para-estudantes-da-rede-publica-de-camacari\\\/#mainImage\",\"width\":280,\"height\":280,\"caption\":\"programa F\\u00f3rmula de Talentos\"},\"primaryImageOfPage\":{\"@id\":\"https:\\\/\\\/www.encontracamacari.com.br\\\/sobre\\\/basf-lanca-programa-formula-de-talentos-para-estudantes-da-rede-publica-de-camacari\\\/#mainImage\"},\"datePublished\":\"2026-06-19T06:15:26+00:00\",\"dateModified\":\"2026-06-19T06:15:26+00:00\"},{\"@type\":\"WebSite\",\"@id\":\"https:\\\/\\\/www.encontracamacari.com.br\\\/sobre\\\/#website\",\"url\":\"https:\\\/\\\/www.encontracamacari.com.br\\\/sobre\\\/\",\"name\":\"Encontra Cama\\u00e7ari\",\"description\":\"Not\\u00edcias, eventos, informa\\u00e7\\u00f5es e dicas na cidade de Cama\\u00e7ari e regi\\u00e3o.\",\"inLanguage\":\"pt-BR\",\"publisher\":{\"@id\":\"https:\\\/\\\/www.encontracamacari.com.br\\\/sobre\\\/#organization\"}}]}\n\t\t<\/script>\n\t\t<!-- All in One SEO -->\n\n","aioseo_head_json":{"title":"BASF lan\u00e7a programa \u2018F\u00f3rmula de Talentos\u2019 para estudantes da rede p\u00fablica de Cama\u00e7ari. - Encontra Cama\u00e7ari","description":"Saiba como o programa 'F\u00f3rmula de Talentos' da BASF est\u00e1 transformando a educa\u00e7\u00e3o em Cama\u00e7ari.","canonical_url":"https:\/\/www.encontracamacari.com.br\/sobre\/basf-lanca-programa-formula-de-talentos-para-estudantes-da-rede-publica-de-camacari\/","robots":"max-image-preview:large","keywords":"","webmasterTools":{"miscellaneous":""},"schema":{"@context":"https:\/\/schema.org","@graph":[{"@type":"BlogPosting","@id":"https:\/\/www.encontracamacari.com.br\/sobre\/basf-lanca-programa-formula-de-talentos-para-estudantes-da-rede-publica-de-camacari\/#blogposting","name":"BASF lan\u00e7a programa \u2018F\u00f3rmula de Talentos\u2019 para estudantes da rede p\u00fablica de Cama\u00e7ari. - Encontra Cama\u00e7ari","headline":"BASF lan\u00e7a programa &#8216;F\u00f3rmula de Talentos&#8217; para estudantes da rede p\u00fablica de Cama\u00e7ari.","author":{"@id":"https:\/\/www.encontracamacari.com.br\/sobre\/author\/ecamacari\/#author"},"publisher":{"@id":"https:\/\/www.encontracamacari.com.br\/sobre\/#organization"},"image":{"@type":"ImageObject","url":"https:\/\/www.encontracamacari.com.br\/sobre\/wp-content\/uploads\/2026\/06\/basf-lanca-programa-formula-de-talentos-para-estudantes-da-rede-publica-de-camacari.webp","width":280,"height":280,"caption":"programa F\u00f3rmula de Talentos"},"datePublished":"2026-06-19T06:15:26+00:00","dateModified":"2026-06-19T06:15:26+00:00","inLanguage":"pt-BR","mainEntityOfPage":{"@id":"https:\/\/www.encontracamacari.com.br\/sobre\/basf-lanca-programa-formula-de-talentos-para-estudantes-da-rede-publica-de-camacari\/#webpage"},"isPartOf":{"@id":"https:\/\/www.encontracamacari.com.br\/sobre\/basf-lanca-programa-formula-de-talentos-para-estudantes-da-rede-publica-de-camacari\/#webpage"},"articleSection":"Not\u00edcias Cama\u00e7ari"},{"@type":"BreadcrumbList","@id":"https:\/\/www.encontracamacari.com.br\/sobre\/basf-lanca-programa-formula-de-talentos-para-estudantes-da-rede-publica-de-camacari\/#breadcrumblist","itemListElement":[{"@type":"ListItem","@id":"https:\/\/www.encontracamacari.com.br\/sobre#listItem","position":1,"name":"Home","item":"https:\/\/www.encontracamacari.com.br\/sobre","nextItem":{"@type":"ListItem","@id":"https:\/\/www.encontracamacari.com.br\/sobre\/noticias-em-camacari\/#listItem","name":"Not\u00edcias Cama\u00e7ari"}},{"@type":"ListItem","@id":"https:\/\/www.encontracamacari.com.br\/sobre\/noticias-em-camacari\/#listItem","position":2,"name":"Not\u00edcias Cama\u00e7ari","item":"https:\/\/www.encontracamacari.com.br\/sobre\/noticias-em-camacari\/","nextItem":{"@type":"ListItem","@id":"https:\/\/www.encontracamacari.com.br\/sobre\/basf-lanca-programa-formula-de-talentos-para-estudantes-da-rede-publica-de-camacari\/#listItem","name":"BASF lan\u00e7a programa &#8216;F\u00f3rmula de Talentos&#8217; para estudantes da rede p\u00fablica de Cama\u00e7ari."},"previousItem":{"@type":"ListItem","@id":"https:\/\/www.encontracamacari.com.br\/sobre#listItem","name":"Home"}},{"@type":"ListItem","@id":"https:\/\/www.encontracamacari.com.br\/sobre\/basf-lanca-programa-formula-de-talentos-para-estudantes-da-rede-publica-de-camacari\/#listItem","position":3,"name":"BASF lan\u00e7a programa &#8216;F\u00f3rmula de Talentos&#8217; para estudantes da rede p\u00fablica de Cama\u00e7ari.","previousItem":{"@type":"ListItem","@id":"https:\/\/www.encontracamacari.com.br\/sobre\/noticias-em-camacari\/#listItem","name":"Not\u00edcias Cama\u00e7ari"}}]},{"@type":"Organization","@id":"https:\/\/www.encontracamacari.com.br\/sobre\/#organization","name":"Encontra Cama\u00e7ari","description":"Not\u00edcias, eventos, informa\u00e7\u00f5es e dicas na cidade de Cama\u00e7ari e regi\u00e3o.","url":"https:\/\/www.encontracamacari.com.br\/sobre\/"},{"@type":"Person","@id":"https:\/\/www.encontracamacari.com.br\/sobre\/author\/ecamacari\/#author","url":"https:\/\/www.encontracamacari.com.br\/sobre\/author\/ecamacari\/","name":"Encontra Cama\u00e7ari","image":{"@type":"ImageObject","@id":"https:\/\/www.encontracamacari.com.br\/sobre\/basf-lanca-programa-formula-de-talentos-para-estudantes-da-rede-publica-de-camacari\/#authorImage","url":"https:\/\/secure.gravatar.com\/avatar\/507340682b8270222e1f208e23198b6ae7e2c6a1033ae84e99bc6bce4f82a387?s=96&d=mm&r=g","width":96,"height":96,"caption":"Encontra Cama\u00e7ari"}},{"@type":"WebPage","@id":"https:\/\/www.encontracamacari.com.br\/sobre\/basf-lanca-programa-formula-de-talentos-para-estudantes-da-rede-publica-de-camacari\/#webpage","url":"https:\/\/www.encontracamacari.com.br\/sobre\/basf-lanca-programa-formula-de-talentos-para-estudantes-da-rede-publica-de-camacari\/","name":"BASF lan\u00e7a programa \u2018F\u00f3rmula de Talentos\u2019 para estudantes da rede p\u00fablica de Cama\u00e7ari. - Encontra Cama\u00e7ari","description":"Saiba como o programa 'F\u00f3rmula de Talentos' da BASF est\u00e1 transformando a educa\u00e7\u00e3o em Cama\u00e7ari.","inLanguage":"pt-BR","isPartOf":{"@id":"https:\/\/www.encontracamacari.com.br\/sobre\/#website"},"breadcrumb":{"@id":"https:\/\/www.encontracamacari.com.br\/sobre\/basf-lanca-programa-formula-de-talentos-para-estudantes-da-rede-publica-de-camacari\/#breadcrumblist"},"author":{"@id":"https:\/\/www.encontracamacari.com.br\/sobre\/author\/ecamacari\/#author"},"creator":{"@id":"https:\/\/www.encontracamacari.com.br\/sobre\/author\/ecamacari\/#author"},"image":{"@type":"ImageObject","url":"https:\/\/www.encontracamacari.com.br\/sobre\/wp-content\/uploads\/2026\/06\/basf-lanca-programa-formula-de-talentos-para-estudantes-da-rede-publica-de-camacari.webp","@id":"https:\/\/www.encontracamacari.com.br\/sobre\/basf-lanca-programa-formula-de-talentos-para-estudantes-da-rede-publica-de-camacari\/#mainImage","width":280,"height":280,"caption":"programa F\u00f3rmula de Talentos"},"primaryImageOfPage":{"@id":"https:\/\/www.encontracamacari.com.br\/sobre\/basf-lanca-programa-formula-de-talentos-para-estudantes-da-rede-publica-de-camacari\/#mainImage"},"datePublished":"2026-06-19T06:15:26+00:00","dateModified":"2026-06-19T06:15:26+00:00"},{"@type":"WebSite","@id":"https:\/\/www.encontracamacari.com.br\/sobre\/#website","url":"https:\/\/www.encontracamacari.com.br\/sobre\/","name":"Encontra Cama\u00e7ari","description":"Not\u00edcias, eventos, informa\u00e7\u00f5es e dicas na cidade de Cama\u00e7ari e regi\u00e3o.","inLanguage":"pt-BR","publisher":{"@id":"https:\/\/www.encontracamacari.com.br\/sobre\/#organization"}}]},"og:locale":"pt_BR","og:site_name":"Encontra Cama\u00e7ari - Not\u00edcias, eventos, informa\u00e7\u00f5es e dicas na cidade de Cama\u00e7ari e regi\u00e3o.","og:type":"article","og:title":"BASF lan\u00e7a programa \u2018F\u00f3rmula de Talentos\u2019 para estudantes da rede p\u00fablica de Cama\u00e7ari. - Encontra Cama\u00e7ari","og:description":"Saiba como o programa 'F\u00f3rmula de Talentos' da BASF est\u00e1 transformando a educa\u00e7\u00e3o em Cama\u00e7ari.","og:url":"https:\/\/www.encontracamacari.com.br\/sobre\/basf-lanca-programa-formula-de-talentos-para-estudantes-da-rede-publica-de-camacari\/","article:published_time":"2026-06-19T06:15:26+00:00","article:modified_time":"2026-06-19T06:15:26+00:00","twitter:card":"summary_large_image","twitter:title":"BASF lan\u00e7a programa \u2018F\u00f3rmula de Talentos\u2019 para estudantes da rede p\u00fablica de Cama\u00e7ari. - Encontra Cama\u00e7ari","twitter:description":"Saiba como o programa 'F\u00f3rmula de Talentos' da BASF est\u00e1 transformando a educa\u00e7\u00e3o em Cama\u00e7ari."},"aioseo_meta_data":{"post_id":"1215","title":null,"description":null,"keywords":null,"keyphrases":null,"primary_term":null,"canonical_url":null,"og_title":null,"og_description":null,"og_object_type":"default","og_image_type":"default","og_image_url":null,"og_image_width":null,"og_image_height":null,"og_image_custom_url":null,"og_image_custom_fields":null,"og_video":null,"og_custom_url":null,"og_article_section":null,"og_article_tags":null,"twitter_use_og":false,"twitter_card":"default","twitter_image_type":"default","twitter_image_url":null,"twitter_image_custom_url":null,"twitter_image_custom_fields":null,"twitter_title":null,"twitter_description":null,"schema":{"blockGraphs":[],"customGraphs":[],"default":{"data":{"Article":[],"Course":[],"Dataset":[],"FAQPage":[],"Movie":[],"Person":[],"Product":[],"ProductReview":[],"Car":[],"Recipe":[],"Service":[],"SoftwareApplication":[],"WebPage":[]},"graphName":"BlogPosting","isEnabled":true},"graphs":[]},"schema_type":"default","schema_type_options":null,"pillar_content":false,"robots_default":true,"robots_noindex":false,"robots_noarchive":false,"robots_nosnippet":false,"robots_nofollow":false,"robots_noimageindex":false,"robots_noodp":false,"robots_notranslate":false,"robots_max_snippet":null,"robots_max_videopreview":null,"robots_max_imagepreview":"large","priority":null,"frequency":null,"local_seo":null,"limit_modified_date":false,"created":"2026-06-19 06:15:30","updated":"2026-08-06 03:29:10","focus_keyword":null,"additional_keywords":null,"truseo_locale":null,"ai":null,"breadcrumb_settings":null,"seo_analyzer_scan_date":null},"aioseo_breadcrumb":"<div class=\"aioseo-breadcrumbs\"><span class=\"aioseo-breadcrumb\">\n\t\t\t<a href=\"https:\/\/www.encontracamacari.com.br\/sobre\" title=\"Home\">Home<\/a>\n\t\t<\/span><span class=\"aioseo-breadcrumb-separator\">&raquo;<\/span><span class=\"aioseo-breadcrumb\">\n\t\t\t<a href=\"https:\/\/www.encontracamacari.com.br\/sobre\/noticias-em-camacari\/\" title=\"Not\u00edcias Cama\u00e7ari\">Not\u00edcias Cama\u00e7ari<\/a>\n\t\t<\/span><span class=\"aioseo-breadcrumb-separator\">&raquo;<\/span><span class=\"aioseo-breadcrumb\">\n\t\t\tBASF lan\u00e7a programa \u2018F\u00f3rmula de Talentos\u2019 para estudantes da rede p\u00fablica de Cama\u00e7ari.\n\t\t<\/span><\/div>","aioseo_breadcrumb_json":[{"label":"Home","link":"https:\/\/www.encontracamacari.com.br\/sobre"},{"label":"Not\u00edcias Cama\u00e7ari","link":"https:\/\/www.encontracamacari.com.br\/sobre\/noticias-em-camacari\/"},{"label":"BASF lan\u00e7a programa &#8216;F\u00f3rmula de Talentos&#8217; para estudantes da rede p\u00fablica de Cama\u00e7ari.","link":"https:\/\/www.encontracamacari.com.br\/sobre\/basf-lanca-programa-formula-de-talentos-para-estudantes-da-rede-publica-de-camacari\/"}],"_links":{"self":[{"href":"https:\/\/www.encontracamacari.com.br\/sobre\/wp-json\/wp\/v2\/posts\/1215","targetHints":{"allow":["GET"]}}],"collection":[{"href":"https:\/\/www.encontracamacari.com.br\/sobre\/wp-json\/wp\/v2\/posts"}],"about":[{"href":"https:\/\/www.encontracamacari.com.br\/sobre\/wp-json\/wp\/v2\/types\/post"}],"author":[{"embeddable":true,"href":"https:\/\/www.encontracamacari.com.br\/sobre\/wp-json\/wp\/v2\/users\/1"}],"replies":[{"embeddable":true,"href":"https:\/\/www.encontracamacari.com.br\/sobre\/wp-json\/wp\/v2\/comments?post=1215"}],"version-history":[{"count":0,"href":"https:\/\/www.encontracamacari.com.br\/sobre\/wp-json\/wp\/v2\/posts\/1215\/revisions"}],"wp:featuredmedia":[{"embeddable":true,"href":"https:\/\/www.encontracamacari.com.br\/sobre\/wp-json\/wp\/v2\/media\/1214"}],"wp:attachment":[{"href":"https:\/\/www.encontracamacari.com.br\/sobre\/wp-json\/wp\/v2\/media?parent=1215"}],"wp:term":[{"taxonomy":"category","embeddable":true,"href":"https:\/\/www.encontracamacari.com.br\/sobre\/wp-json\/wp\/v2\/categories?post=1215"},{"taxonomy":"post_tag","embeddable":true,"href":"https:\/\/www.encontracamacari.com.br\/sobre\/wp-json\/wp\/v2\/tags?post=1215"}],"curies":[{"name":"wp","href":"https:\/\/api.w.org\/{rel}","templated":true}]}}