{"id":1201,"date":"2026-06-17T06:27:06","date_gmt":"2026-06-17T06:27:06","guid":{"rendered":"https:\/\/www.encontracamacari.com.br\/sobre\/governo-da-bahia-investe-r-138-milhoes-em-centro-de-reabilitacao-em-camacari\/"},"modified":"2026-06-17T06:27:06","modified_gmt":"2026-06-17T06:27:06","slug":"governo-da-bahia-investe-r-138-milhoes-em-centro-de-reabilitacao-em-camacari","status":"publish","type":"post","link":"https:\/\/www.encontracamacari.com.br\/sobre\/governo-da-bahia-investe-r-138-milhoes-em-centro-de-reabilitacao-em-camacari\/","title":{"rendered":"Governo da Bahia investe R$ 13,8 milh\u00f5es em centro de reabilita\u00e7\u00e3o em Cama\u00e7ari"},"content":{"rendered":"<div class=\"2410bb7248a64bb1f71103797e0f239b\" data-index=\"1\" style=\"float: none; margin:0px;\">\n<ins class=\"adsbygoogle\"\r\n     style=\"display:block\"\r\n     data-ad-client=\"ca-pub-8585364105181520\"\r\n     data-ad-slot=\"8789329856\"\r\n     data-ad-format=\"auto\"\r\n     data-full-width-responsive=\"true\"><\/ins>\r\n<script>\r\n     (adsbygoogle = window.adsbygoogle || []).push({});\r\n<\/script>\n<\/div>\n<h2>Governo da Bahia: Investimento Significativo em Sa\u00fade<\/h2>\n<p>O governo baiano anunciou um investimento de <strong>R$ 13.847.802,40<\/strong> destinado \u00e0 constru\u00e7\u00e3o de um Centro Especializado em Reabilita\u00e7\u00e3o (CER) na cidade de <strong>Cama\u00e7ari<\/strong>, localizada na regi\u00e3o metropolitana de <strong>Salvador<\/strong>. Este projeto foi formalizado pela <strong>Secretaria da Sa\u00fade do Estado da Bahia (Sesab)<\/strong>, com a publica\u00e7\u00e3o do contrato na edi\u00e7\u00e3o do <strong>Di\u00e1rio Oficial da Uni\u00e3o (DOU)<\/strong>.<\/p>\n<h2>Centro de Reabilita\u00e7\u00e3o em Cama\u00e7ari<\/h2>\n<p>O novo Centro Especializado em Reabilita\u00e7\u00e3o ser\u00e1 classificado como Tipo IV, conforme diretrizes estabelecidas pelo <strong>Minist\u00e9rio da Sa\u00fade<\/strong>. Esta classifica\u00e7\u00e3o implica que a unidade estar\u00e1 apta a atender simultaneamente quatro tipos de defici\u00eancia: <strong>f\u00edsica, intelectual, visual e auditiva<\/strong>. O objetivo \u00e9 expandir a rede de servi\u00e7os dedicados \u00e0s pessoas com defici\u00eancia no estado, oferecendo suporte integral e especializado.<\/p>\n<h2>Objetivos do Novo Centro<\/h2>\n<p>Este centro de reabilita\u00e7\u00e3o possui v\u00e1rias metas, incluindo:<\/p>\n<p><img decoding=\"async\" src=\"https:\/\/www.encontracamacari.com.br\/sobre\/wp-content\/uploads\/2026\/06\/governo-da-bahia-investe-r-13-8-milhoes-em-centro-de-reabilitacao-em-camacari.webp\" alt=\"Governo da Bahia\" loading=\"lazy\" \/><\/p>\n<ul>\n<li><strong>Diagn\u00f3stico e Tratamento:<\/strong> Fornecer diagn\u00f3sticos precisos e tratamentos apropriados para as diversas defici\u00eancias.<\/li>\n<li><strong>Concess\u00e3o de Tecnologias Assistivas:<\/strong> Oferecer adapta\u00e7\u00e3o, concess\u00e3o e manuten\u00e7\u00e3o de recursos como \u00f3rteses e pr\u00f3teses.<\/li>\n<li><strong>Integra\u00e7\u00e3o Social:<\/strong> Promover a reintegra\u00e7\u00e3o e o bem-estar das pessoas com defici\u00eancia na sociedade.<\/li>\n<\/ul>\n<h2>A Import\u00e2ncia da Reabilita\u00e7\u00e3o Especializada<\/h2>\n<p>A reabilita\u00e7\u00e3o especializada \u00e9 vital para garantir que as pessoas com defici\u00eancia tenham acesso a servi\u00e7os que atendam suas necessidades espec\u00edficas. A constru\u00e7\u00e3o deste centro representa um avan\u00e7o, pois muitos pacientes de Cama\u00e7ari e arredores atualmente precisam viajar at\u00e9 Salvador para obter atendimentos especializados. Com a nova unidade, o governo espera aumentar a capacidade de atendimento e reduzir o tempo de espera pelos servi\u00e7os.<\/p>\n<h2>Prazos e Execu\u00e7\u00e3o da Obra<\/h2>\n<p>A empresa <strong>Holtz Engenharia Ltda.<\/strong> foi contratada para executar a obra, que est\u00e1 prevista para ser conclu\u00edda em um prazo de <strong>dez meses<\/strong> a partir da emiss\u00e3o da ordem de servi\u00e7o. O contrato estipula que a execu\u00e7\u00e3o ser\u00e1 por <strong>pre\u00e7o unit\u00e1rio<\/strong>, onde cada servi\u00e7o ser\u00e1 pago de acordo com a quantidade executada, com supervis\u00e3o da <strong>Coordena\u00e7\u00e3o Executiva de Infraestrutura da Rede F\u00edsica (CEIRF)<\/strong>.<\/p><div class=\"2410bb7248a64bb1f71103797e0f239b\" data-index=\"2\" style=\"float: none; margin:0px;\">\n<ins class=\"adsbygoogle\"\r\n     style=\"display:block; text-align:center;\"\r\n     data-ad-layout=\"in-article\"\r\n     data-ad-format=\"fluid\"\r\n     data-ad-client=\"ca-pub-8585364105181520\"\r\n     data-ad-slot=\"2899217073\"><\/ins>\r\n<script>\r\n     (adsbygoogle = window.adsbygoogle || []).push({});\r\n<\/script>\r\n\r\n<\/br><\/br>\n<\/div>\n\n<h2>Equipe Especializada no CER<\/h2>\n<p>O CER contar\u00e1 com uma equipe multidisciplinar formada por <strong>m\u00e9dicos, fisioterapeutas, fonoaudi\u00f3logos, psic\u00f3logos, terapeutas ocupacionais e enfermeiros<\/strong>. Essa equipe ser\u00e1 respons\u00e1vel por fornecer um atendimento de qualidade e adaptado \u00e0s necessidades dos pacientes.<\/p>\n<h2>Tecnologia Assistiva Dispon\u00edvel<\/h2>\n<p>A unidade tamb\u00e9m oferecer\u00e1 diversas tecnologias assistivas, vital para promover a autonomia e a qualidade de vida dos usu\u00e1rios. Al\u00e9m das \u00f3rteses e pr\u00f3teses, a unidade poder\u00e1 disponibilizar:<\/p>\n<ul>\n<li><strong>Equipamentos de mobilidade:<\/strong> como cadeiras de rodas e andadores.<\/li>\n<li><strong>Ferramentas de comunica\u00e7\u00e3o:<\/strong> para indiv\u00edduos com dificuldades na fala.<\/li>\n<li><strong>Acess\u00f3rios personalizados:<\/strong> que atendem \u00e0s necessidades individuais dos pacientes.<\/li>\n<\/ul>\n<h2>Impacto na Regi\u00e3o Metropolitana<\/h2>\n<p>Cama\u00e7ari \u00e9 uma cidade com um importante polo industrial e alta densidade populacional. A instala\u00e7\u00e3o do novo centro representar\u00e1 n\u00e3o apenas um avan\u00e7o na sa\u00fade p\u00fablica, mas tamb\u00e9m uma contribui\u00e7\u00e3o significativa para a qualidade de vida da popula\u00e7\u00e3o local, possibilitando que mais pessoas tenham acesso a reabilita\u00e7\u00e3o sem longas desloca\u00e7\u00f5es.<\/p>\n<h2>Acesso \u00e0 Sa\u00fade Para Todos<\/h2>\n<p>Com a nova estrutura, espera-se que os cidad\u00e3os da regi\u00e3o tenham acesso facilitado a servi\u00e7os de sa\u00fade especializados. O governo da Bahia reafirma seu compromisso em descentralizar o atendimento, evitando que pessoas com defici\u00eancia precisem se deslocar para centros urbanos distantes para receber cuidados essenciais.<\/p>\n<h2>Desafios e Oportunidades na Reabilita\u00e7\u00e3o<\/h2>\n<p>Embora a constru\u00e7\u00e3o do CER em Cama\u00e7ari seja uma boa not\u00edcia, ainda existem desafios a serem superados. A expans\u00e3o da infraestrutura deve acompanhar a forma\u00e7\u00e3o cont\u00ednua dos profissionais de sa\u00fade que atuar\u00e3o no novo centro, assim como assegurar que todos os padr\u00f5es de acessibilidade sejam atendidos rigorosamente. O acompanhamento t\u00e9cnico da CEIRF ser\u00e1 crucial para garantir que a unidade ofere\u00e7a condi\u00e7\u00f5es adequadas para todos os usu\u00e1rios.<\/p>\n<p>A constru\u00e7\u00e3o deste centro de reabilita\u00e7\u00e3o \u00e9 mais que uma simples adi\u00e7\u00e3o \u00e0 infraestrutura de sa\u00fade da Bahia; representa um passo significativo para a inclus\u00e3o e dignidade das pessoas com defici\u00eancia, reconhecendo a import\u00e2ncia de um atendimento de sa\u00fade qualificado e acess\u00edvel. Este investimento vai ao encontro das pol\u00edticas p\u00fablicas que promovem a equidade e a universalidade do acesso \u00e0 sa\u00fade.<\/p>\n<p>A equipe de <strong>O TEMPO<\/strong> monitorar\u00e1 de perto todos os desdobramentos dessa obra e seu impacto na sa\u00fade p\u00fablica da Bahia, garantindo que a popula\u00e7\u00e3o esteja informada e tenha acesso a servi\u00e7os adequados.<\/p>\n<p>Desse modo, o futuro do atendimento \u00e0 sa\u00fade na Bahia ganha novas perspectivas com a inaugura\u00e7\u00e3o desta unidade, que tem tudo para transformar a experi\u00eancia de reabilita\u00e7\u00e3o de milhares de cidad\u00e3os.<\/p>\n<div class=\"2410bb7248a64bb1f71103797e0f239b\" data-index=\"3\" style=\"float: none; margin:0px;\">\n<\/br><\/br>\r\n\r\n<ins class=\"adsbygoogle\"\r\n     style=\"display:block\"\r\n     data-ad-format=\"fluid\"\r\n     data-ad-layout-key=\"-63+do+n-1s+9e\"\r\n     data-ad-client=\"ca-pub-8585364105181520\"\r\n     data-ad-slot=\"6838462089\"><\/ins>\r\n<script>\r\n     (adsbygoogle = window.adsbygoogle || []).push({});\r\n<\/script>\n<\/div>\n\n<div style=\"font-size: 0px; height: 0px; line-height: 0px; margin: 0; padding: 0; clear: both;\"><\/div>","protected":false},"excerpt":{"rendered":"<p>R$ 13,8 milh\u00f5es v\u00e3o para centro de reabilita\u00e7\u00e3o em Cama\u00e7ari, Bahia.<\/p>\n","protected":false},"author":1,"featured_media":1200,"comment_status":"open","ping_status":"closed","sticky":false,"template":"","format":"standard","meta":{"footnotes":""},"categories":[1],"tags":[],"class_list":["post-1201","post","type-post","status-publish","format-standard","has-post-thumbnail","hentry","category-noticias-em-camacari","has_thumb"],"aioseo_notices":[],"aioseo_head":"\n\t\t<!-- All in One SEO 5.0.0.1 - aioseo.com -->\n\t<meta name=\"description\" content=\"R$ 13,8 milh\u00f5es v\u00e3o para centro de reabilita\u00e7\u00e3o em Cama\u00e7ari, Bahia.\" \/>\n\t<meta name=\"robots\" content=\"max-image-preview:large\" \/>\n\t<meta name=\"author\" content=\"Encontra Cama\u00e7ari\"\/>\n\t<link rel=\"canonical\" href=\"https:\/\/www.encontracamacari.com.br\/sobre\/governo-da-bahia-investe-r-138-milhoes-em-centro-de-reabilitacao-em-camacari\/\" \/>\n\t<meta name=\"generator\" content=\"All in One SEO (AIOSEO) 5.0.0.1\" \/>\n\t\t<meta property=\"og:locale\" content=\"pt_BR\" \/>\n\t\t<meta property=\"og:site_name\" content=\"Encontra Cama\u00e7ari - Not\u00edcias, eventos, informa\u00e7\u00f5es e dicas na cidade de Cama\u00e7ari e regi\u00e3o.\" \/>\n\t\t<meta property=\"og:type\" content=\"article\" \/>\n\t\t<meta property=\"og:title\" content=\"Governo da Bahia investe R$ 13,8 milh\u00f5es em centro de reabilita\u00e7\u00e3o em Cama\u00e7ari - Encontra Cama\u00e7ari\" \/>\n\t\t<meta property=\"og:description\" content=\"R$ 13,8 milh\u00f5es v\u00e3o para centro de reabilita\u00e7\u00e3o em Cama\u00e7ari, Bahia.\" \/>\n\t\t<meta property=\"og:url\" content=\"https:\/\/www.encontracamacari.com.br\/sobre\/governo-da-bahia-investe-r-138-milhoes-em-centro-de-reabilitacao-em-camacari\/\" \/>\n\t\t<meta property=\"article:published_time\" content=\"2026-06-17T06:27:06+00:00\" \/>\n\t\t<meta property=\"article:modified_time\" content=\"2026-06-17T06:27:06+00:00\" \/>\n\t\t<meta name=\"twitter:card\" content=\"summary_large_image\" \/>\n\t\t<meta name=\"twitter:title\" content=\"Governo da Bahia investe R$ 13,8 milh\u00f5es em centro de reabilita\u00e7\u00e3o em Cama\u00e7ari - Encontra Cama\u00e7ari\" \/>\n\t\t<meta name=\"twitter:description\" content=\"R$ 13,8 milh\u00f5es v\u00e3o para centro de reabilita\u00e7\u00e3o em Cama\u00e7ari, Bahia.\" \/>\n\t\t<script type=\"application\/ld+json\" class=\"aioseo-schema\">\n\t\t\t{\"@context\":\"https:\\\/\\\/schema.org\",\"@graph\":[{\"@type\":\"BlogPosting\",\"@id\":\"https:\\\/\\\/www.encontracamacari.com.br\\\/sobre\\\/governo-da-bahia-investe-r-138-milhoes-em-centro-de-reabilitacao-em-camacari\\\/#blogposting\",\"name\":\"Governo da Bahia investe R$ 13,8 milh\\u00f5es em centro de reabilita\\u00e7\\u00e3o em Cama\\u00e7ari - Encontra Cama\\u00e7ari\",\"headline\":\"Governo da Bahia investe R$ 13,8 milh\\u00f5es em centro de reabilita\\u00e7\\u00e3o em Cama\\u00e7ari\",\"author\":{\"@id\":\"https:\\\/\\\/www.encontracamacari.com.br\\\/sobre\\\/author\\\/ecamacari\\\/#author\"},\"publisher\":{\"@id\":\"https:\\\/\\\/www.encontracamacari.com.br\\\/sobre\\\/#organization\"},\"image\":{\"@type\":\"ImageObject\",\"url\":\"https:\\\/\\\/www.encontracamacari.com.br\\\/sobre\\\/wp-content\\\/uploads\\\/2026\\\/06\\\/governo-da-bahia-investe-r-13-8-milhoes-em-centro-de-reabilitacao-em-camacari.webp\",\"width\":280,\"height\":280,\"caption\":\"Governo da Bahia\"},\"datePublished\":\"2026-06-17T06:27:06+00:00\",\"dateModified\":\"2026-06-17T06:27:06+00:00\",\"inLanguage\":\"pt-BR\",\"mainEntityOfPage\":{\"@id\":\"https:\\\/\\\/www.encontracamacari.com.br\\\/sobre\\\/governo-da-bahia-investe-r-138-milhoes-em-centro-de-reabilitacao-em-camacari\\\/#webpage\"},\"isPartOf\":{\"@id\":\"https:\\\/\\\/www.encontracamacari.com.br\\\/sobre\\\/governo-da-bahia-investe-r-138-milhoes-em-centro-de-reabilitacao-em-camacari\\\/#webpage\"},\"articleSection\":\"Not\\u00edcias Cama\\u00e7ari\"},{\"@type\":\"BreadcrumbList\",\"@id\":\"https:\\\/\\\/www.encontracamacari.com.br\\\/sobre\\\/governo-da-bahia-investe-r-138-milhoes-em-centro-de-reabilitacao-em-camacari\\\/#breadcrumblist\",\"itemListElement\":[{\"@type\":\"ListItem\",\"@id\":\"https:\\\/\\\/www.encontracamacari.com.br\\\/sobre#listItem\",\"position\":1,\"name\":\"Home\",\"item\":\"https:\\\/\\\/www.encontracamacari.com.br\\\/sobre\",\"nextItem\":{\"@type\":\"ListItem\",\"@id\":\"https:\\\/\\\/www.encontracamacari.com.br\\\/sobre\\\/noticias-em-camacari\\\/#listItem\",\"name\":\"Not\\u00edcias Cama\\u00e7ari\"}},{\"@type\":\"ListItem\",\"@id\":\"https:\\\/\\\/www.encontracamacari.com.br\\\/sobre\\\/noticias-em-camacari\\\/#listItem\",\"position\":2,\"name\":\"Not\\u00edcias Cama\\u00e7ari\",\"item\":\"https:\\\/\\\/www.encontracamacari.com.br\\\/sobre\\\/noticias-em-camacari\\\/\",\"nextItem\":{\"@type\":\"ListItem\",\"@id\":\"https:\\\/\\\/www.encontracamacari.com.br\\\/sobre\\\/governo-da-bahia-investe-r-138-milhoes-em-centro-de-reabilitacao-em-camacari\\\/#listItem\",\"name\":\"Governo da Bahia investe R$ 13,8 milh\\u00f5es em centro de reabilita\\u00e7\\u00e3o em Cama\\u00e7ari\"},\"previousItem\":{\"@type\":\"ListItem\",\"@id\":\"https:\\\/\\\/www.encontracamacari.com.br\\\/sobre#listItem\",\"name\":\"Home\"}},{\"@type\":\"ListItem\",\"@id\":\"https:\\\/\\\/www.encontracamacari.com.br\\\/sobre\\\/governo-da-bahia-investe-r-138-milhoes-em-centro-de-reabilitacao-em-camacari\\\/#listItem\",\"position\":3,\"name\":\"Governo da Bahia investe R$ 13,8 milh\\u00f5es em centro de reabilita\\u00e7\\u00e3o em Cama\\u00e7ari\",\"previousItem\":{\"@type\":\"ListItem\",\"@id\":\"https:\\\/\\\/www.encontracamacari.com.br\\\/sobre\\\/noticias-em-camacari\\\/#listItem\",\"name\":\"Not\\u00edcias Cama\\u00e7ari\"}}]},{\"@type\":\"Organization\",\"@id\":\"https:\\\/\\\/www.encontracamacari.com.br\\\/sobre\\\/#organization\",\"name\":\"Encontra Cama\\u00e7ari\",\"description\":\"Not\\u00edcias, eventos, informa\\u00e7\\u00f5es e dicas na cidade de Cama\\u00e7ari e regi\\u00e3o.\",\"url\":\"https:\\\/\\\/www.encontracamacari.com.br\\\/sobre\\\/\"},{\"@type\":\"Person\",\"@id\":\"https:\\\/\\\/www.encontracamacari.com.br\\\/sobre\\\/author\\\/ecamacari\\\/#author\",\"url\":\"https:\\\/\\\/www.encontracamacari.com.br\\\/sobre\\\/author\\\/ecamacari\\\/\",\"name\":\"Encontra Cama\\u00e7ari\",\"image\":{\"@type\":\"ImageObject\",\"@id\":\"https:\\\/\\\/www.encontracamacari.com.br\\\/sobre\\\/governo-da-bahia-investe-r-138-milhoes-em-centro-de-reabilitacao-em-camacari\\\/#authorImage\",\"url\":\"https:\\\/\\\/secure.gravatar.com\\\/avatar\\\/507340682b8270222e1f208e23198b6ae7e2c6a1033ae84e99bc6bce4f82a387?s=96&d=mm&r=g\",\"width\":96,\"height\":96,\"caption\":\"Encontra Cama\\u00e7ari\"}},{\"@type\":\"WebPage\",\"@id\":\"https:\\\/\\\/www.encontracamacari.com.br\\\/sobre\\\/governo-da-bahia-investe-r-138-milhoes-em-centro-de-reabilitacao-em-camacari\\\/#webpage\",\"url\":\"https:\\\/\\\/www.encontracamacari.com.br\\\/sobre\\\/governo-da-bahia-investe-r-138-milhoes-em-centro-de-reabilitacao-em-camacari\\\/\",\"name\":\"Governo da Bahia investe R$ 13,8 milh\\u00f5es em centro de reabilita\\u00e7\\u00e3o em Cama\\u00e7ari - Encontra Cama\\u00e7ari\",\"description\":\"R$ 13,8 milh\\u00f5es v\\u00e3o para centro de reabilita\\u00e7\\u00e3o em Cama\\u00e7ari, Bahia.\",\"inLanguage\":\"pt-BR\",\"isPartOf\":{\"@id\":\"https:\\\/\\\/www.encontracamacari.com.br\\\/sobre\\\/#website\"},\"breadcrumb\":{\"@id\":\"https:\\\/\\\/www.encontracamacari.com.br\\\/sobre\\\/governo-da-bahia-investe-r-138-milhoes-em-centro-de-reabilitacao-em-camacari\\\/#breadcrumblist\"},\"author\":{\"@id\":\"https:\\\/\\\/www.encontracamacari.com.br\\\/sobre\\\/author\\\/ecamacari\\\/#author\"},\"creator\":{\"@id\":\"https:\\\/\\\/www.encontracamacari.com.br\\\/sobre\\\/author\\\/ecamacari\\\/#author\"},\"image\":{\"@type\":\"ImageObject\",\"url\":\"https:\\\/\\\/www.encontracamacari.com.br\\\/sobre\\\/wp-content\\\/uploads\\\/2026\\\/06\\\/governo-da-bahia-investe-r-13-8-milhoes-em-centro-de-reabilitacao-em-camacari.webp\",\"@id\":\"https:\\\/\\\/www.encontracamacari.com.br\\\/sobre\\\/governo-da-bahia-investe-r-138-milhoes-em-centro-de-reabilitacao-em-camacari\\\/#mainImage\",\"width\":280,\"height\":280,\"caption\":\"Governo da Bahia\"},\"primaryImageOfPage\":{\"@id\":\"https:\\\/\\\/www.encontracamacari.com.br\\\/sobre\\\/governo-da-bahia-investe-r-138-milhoes-em-centro-de-reabilitacao-em-camacari\\\/#mainImage\"},\"datePublished\":\"2026-06-17T06:27:06+00:00\",\"dateModified\":\"2026-06-17T06:27:06+00:00\"},{\"@type\":\"WebSite\",\"@id\":\"https:\\\/\\\/www.encontracamacari.com.br\\\/sobre\\\/#website\",\"url\":\"https:\\\/\\\/www.encontracamacari.com.br\\\/sobre\\\/\",\"name\":\"Encontra Cama\\u00e7ari\",\"description\":\"Not\\u00edcias, eventos, informa\\u00e7\\u00f5es e dicas na cidade de Cama\\u00e7ari e regi\\u00e3o.\",\"inLanguage\":\"pt-BR\",\"publisher\":{\"@id\":\"https:\\\/\\\/www.encontracamacari.com.br\\\/sobre\\\/#organization\"}}]}\n\t\t<\/script>\n\t\t<!-- All in One SEO -->\n\n","aioseo_head_json":{"title":"Governo da Bahia investe R$ 13,8 milh\u00f5es em centro de reabilita\u00e7\u00e3o em Cama\u00e7ari - Encontra Cama\u00e7ari","description":"R$ 13,8 milh\u00f5es v\u00e3o para centro de reabilita\u00e7\u00e3o em Cama\u00e7ari, Bahia.","canonical_url":"https:\/\/www.encontracamacari.com.br\/sobre\/governo-da-bahia-investe-r-138-milhoes-em-centro-de-reabilitacao-em-camacari\/","robots":"max-image-preview:large","keywords":"","webmasterTools":{"miscellaneous":""},"schema":{"@context":"https:\/\/schema.org","@graph":[{"@type":"BlogPosting","@id":"https:\/\/www.encontracamacari.com.br\/sobre\/governo-da-bahia-investe-r-138-milhoes-em-centro-de-reabilitacao-em-camacari\/#blogposting","name":"Governo da Bahia investe R$ 13,8 milh\u00f5es em centro de reabilita\u00e7\u00e3o em Cama\u00e7ari - Encontra Cama\u00e7ari","headline":"Governo da Bahia investe R$ 13,8 milh\u00f5es em centro de reabilita\u00e7\u00e3o em Cama\u00e7ari","author":{"@id":"https:\/\/www.encontracamacari.com.br\/sobre\/author\/ecamacari\/#author"},"publisher":{"@id":"https:\/\/www.encontracamacari.com.br\/sobre\/#organization"},"image":{"@type":"ImageObject","url":"https:\/\/www.encontracamacari.com.br\/sobre\/wp-content\/uploads\/2026\/06\/governo-da-bahia-investe-r-13-8-milhoes-em-centro-de-reabilitacao-em-camacari.webp","width":280,"height":280,"caption":"Governo da Bahia"},"datePublished":"2026-06-17T06:27:06+00:00","dateModified":"2026-06-17T06:27:06+00:00","inLanguage":"pt-BR","mainEntityOfPage":{"@id":"https:\/\/www.encontracamacari.com.br\/sobre\/governo-da-bahia-investe-r-138-milhoes-em-centro-de-reabilitacao-em-camacari\/#webpage"},"isPartOf":{"@id":"https:\/\/www.encontracamacari.com.br\/sobre\/governo-da-bahia-investe-r-138-milhoes-em-centro-de-reabilitacao-em-camacari\/#webpage"},"articleSection":"Not\u00edcias Cama\u00e7ari"},{"@type":"BreadcrumbList","@id":"https:\/\/www.encontracamacari.com.br\/sobre\/governo-da-bahia-investe-r-138-milhoes-em-centro-de-reabilitacao-em-camacari\/#breadcrumblist","itemListElement":[{"@type":"ListItem","@id":"https:\/\/www.encontracamacari.com.br\/sobre#listItem","position":1,"name":"Home","item":"https:\/\/www.encontracamacari.com.br\/sobre","nextItem":{"@type":"ListItem","@id":"https:\/\/www.encontracamacari.com.br\/sobre\/noticias-em-camacari\/#listItem","name":"Not\u00edcias Cama\u00e7ari"}},{"@type":"ListItem","@id":"https:\/\/www.encontracamacari.com.br\/sobre\/noticias-em-camacari\/#listItem","position":2,"name":"Not\u00edcias Cama\u00e7ari","item":"https:\/\/www.encontracamacari.com.br\/sobre\/noticias-em-camacari\/","nextItem":{"@type":"ListItem","@id":"https:\/\/www.encontracamacari.com.br\/sobre\/governo-da-bahia-investe-r-138-milhoes-em-centro-de-reabilitacao-em-camacari\/#listItem","name":"Governo da Bahia investe R$ 13,8 milh\u00f5es em centro de reabilita\u00e7\u00e3o em Cama\u00e7ari"},"previousItem":{"@type":"ListItem","@id":"https:\/\/www.encontracamacari.com.br\/sobre#listItem","name":"Home"}},{"@type":"ListItem","@id":"https:\/\/www.encontracamacari.com.br\/sobre\/governo-da-bahia-investe-r-138-milhoes-em-centro-de-reabilitacao-em-camacari\/#listItem","position":3,"name":"Governo da Bahia investe R$ 13,8 milh\u00f5es em centro de reabilita\u00e7\u00e3o em Cama\u00e7ari","previousItem":{"@type":"ListItem","@id":"https:\/\/www.encontracamacari.com.br\/sobre\/noticias-em-camacari\/#listItem","name":"Not\u00edcias Cama\u00e7ari"}}]},{"@type":"Organization","@id":"https:\/\/www.encontracamacari.com.br\/sobre\/#organization","name":"Encontra Cama\u00e7ari","description":"Not\u00edcias, eventos, informa\u00e7\u00f5es e dicas na cidade de Cama\u00e7ari e regi\u00e3o.","url":"https:\/\/www.encontracamacari.com.br\/sobre\/"},{"@type":"Person","@id":"https:\/\/www.encontracamacari.com.br\/sobre\/author\/ecamacari\/#author","url":"https:\/\/www.encontracamacari.com.br\/sobre\/author\/ecamacari\/","name":"Encontra Cama\u00e7ari","image":{"@type":"ImageObject","@id":"https:\/\/www.encontracamacari.com.br\/sobre\/governo-da-bahia-investe-r-138-milhoes-em-centro-de-reabilitacao-em-camacari\/#authorImage","url":"https:\/\/secure.gravatar.com\/avatar\/507340682b8270222e1f208e23198b6ae7e2c6a1033ae84e99bc6bce4f82a387?s=96&d=mm&r=g","width":96,"height":96,"caption":"Encontra Cama\u00e7ari"}},{"@type":"WebPage","@id":"https:\/\/www.encontracamacari.com.br\/sobre\/governo-da-bahia-investe-r-138-milhoes-em-centro-de-reabilitacao-em-camacari\/#webpage","url":"https:\/\/www.encontracamacari.com.br\/sobre\/governo-da-bahia-investe-r-138-milhoes-em-centro-de-reabilitacao-em-camacari\/","name":"Governo da Bahia investe R$ 13,8 milh\u00f5es em centro de reabilita\u00e7\u00e3o em Cama\u00e7ari - Encontra Cama\u00e7ari","description":"R$ 13,8 milh\u00f5es v\u00e3o para centro de reabilita\u00e7\u00e3o em Cama\u00e7ari, Bahia.","inLanguage":"pt-BR","isPartOf":{"@id":"https:\/\/www.encontracamacari.com.br\/sobre\/#website"},"breadcrumb":{"@id":"https:\/\/www.encontracamacari.com.br\/sobre\/governo-da-bahia-investe-r-138-milhoes-em-centro-de-reabilitacao-em-camacari\/#breadcrumblist"},"author":{"@id":"https:\/\/www.encontracamacari.com.br\/sobre\/author\/ecamacari\/#author"},"creator":{"@id":"https:\/\/www.encontracamacari.com.br\/sobre\/author\/ecamacari\/#author"},"image":{"@type":"ImageObject","url":"https:\/\/www.encontracamacari.com.br\/sobre\/wp-content\/uploads\/2026\/06\/governo-da-bahia-investe-r-13-8-milhoes-em-centro-de-reabilitacao-em-camacari.webp","@id":"https:\/\/www.encontracamacari.com.br\/sobre\/governo-da-bahia-investe-r-138-milhoes-em-centro-de-reabilitacao-em-camacari\/#mainImage","width":280,"height":280,"caption":"Governo da Bahia"},"primaryImageOfPage":{"@id":"https:\/\/www.encontracamacari.com.br\/sobre\/governo-da-bahia-investe-r-138-milhoes-em-centro-de-reabilitacao-em-camacari\/#mainImage"},"datePublished":"2026-06-17T06:27:06+00:00","dateModified":"2026-06-17T06:27:06+00:00"},{"@type":"WebSite","@id":"https:\/\/www.encontracamacari.com.br\/sobre\/#website","url":"https:\/\/www.encontracamacari.com.br\/sobre\/","name":"Encontra Cama\u00e7ari","description":"Not\u00edcias, eventos, informa\u00e7\u00f5es e dicas na cidade de Cama\u00e7ari e regi\u00e3o.","inLanguage":"pt-BR","publisher":{"@id":"https:\/\/www.encontracamacari.com.br\/sobre\/#organization"}}]},"og:locale":"pt_BR","og:site_name":"Encontra Cama\u00e7ari - Not\u00edcias, eventos, informa\u00e7\u00f5es e dicas na cidade de Cama\u00e7ari e regi\u00e3o.","og:type":"article","og:title":"Governo da Bahia investe R$ 13,8 milh\u00f5es em centro de reabilita\u00e7\u00e3o em Cama\u00e7ari - Encontra Cama\u00e7ari","og:description":"R$ 13,8 milh\u00f5es v\u00e3o para centro de reabilita\u00e7\u00e3o em Cama\u00e7ari, Bahia.","og:url":"https:\/\/www.encontracamacari.com.br\/sobre\/governo-da-bahia-investe-r-138-milhoes-em-centro-de-reabilitacao-em-camacari\/","article:published_time":"2026-06-17T06:27:06+00:00","article:modified_time":"2026-06-17T06:27:06+00:00","twitter:card":"summary_large_image","twitter:title":"Governo da Bahia investe R$ 13,8 milh\u00f5es em centro de reabilita\u00e7\u00e3o em Cama\u00e7ari - Encontra Cama\u00e7ari","twitter:description":"R$ 13,8 milh\u00f5es v\u00e3o para centro de reabilita\u00e7\u00e3o em Cama\u00e7ari, Bahia."},"aioseo_meta_data":{"post_id":"1201","title":null,"description":null,"keywords":null,"keyphrases":null,"primary_term":null,"canonical_url":null,"og_title":null,"og_description":null,"og_object_type":"default","og_image_type":"default","og_image_url":null,"og_image_width":null,"og_image_height":null,"og_image_custom_url":null,"og_image_custom_fields":null,"og_video":null,"og_custom_url":null,"og_article_section":null,"og_article_tags":null,"twitter_use_og":false,"twitter_card":"default","twitter_image_type":"default","twitter_image_url":null,"twitter_image_custom_url":null,"twitter_image_custom_fields":null,"twitter_title":null,"twitter_description":null,"schema":{"blockGraphs":[],"customGraphs":[],"default":{"data":{"Article":[],"Course":[],"Dataset":[],"FAQPage":[],"Movie":[],"Person":[],"Product":[],"ProductReview":[],"Car":[],"Recipe":[],"Service":[],"SoftwareApplication":[],"WebPage":[]},"graphName":"BlogPosting","isEnabled":true},"graphs":[]},"schema_type":"default","schema_type_options":null,"pillar_content":false,"robots_default":true,"robots_noindex":false,"robots_noarchive":false,"robots_nosnippet":false,"robots_nofollow":false,"robots_noimageindex":false,"robots_noodp":false,"robots_notranslate":false,"robots_max_snippet":null,"robots_max_videopreview":null,"robots_max_imagepreview":"large","priority":null,"frequency":null,"local_seo":null,"limit_modified_date":false,"created":"2026-06-17 06:27:10","updated":"2026-08-06 03:26:58","focus_keyword":null,"additional_keywords":null,"truseo_locale":null,"ai":null,"breadcrumb_settings":null,"seo_analyzer_scan_date":null},"aioseo_breadcrumb":"<div class=\"aioseo-breadcrumbs\"><span class=\"aioseo-breadcrumb\">\n\t\t\t<a href=\"https:\/\/www.encontracamacari.com.br\/sobre\" title=\"Home\">Home<\/a>\n\t\t<\/span><span class=\"aioseo-breadcrumb-separator\">&raquo;<\/span><span class=\"aioseo-breadcrumb\">\n\t\t\t<a href=\"https:\/\/www.encontracamacari.com.br\/sobre\/noticias-em-camacari\/\" title=\"Not\u00edcias Cama\u00e7ari\">Not\u00edcias Cama\u00e7ari<\/a>\n\t\t<\/span><span class=\"aioseo-breadcrumb-separator\">&raquo;<\/span><span class=\"aioseo-breadcrumb\">\n\t\t\tGoverno da Bahia investe R$ 13,8 milh\u00f5es em centro de reabilita\u00e7\u00e3o em Cama\u00e7ari\n\t\t<\/span><\/div>","aioseo_breadcrumb_json":[{"label":"Home","link":"https:\/\/www.encontracamacari.com.br\/sobre"},{"label":"Not\u00edcias Cama\u00e7ari","link":"https:\/\/www.encontracamacari.com.br\/sobre\/noticias-em-camacari\/"},{"label":"Governo da Bahia investe R$ 13,8 milh\u00f5es em centro de reabilita\u00e7\u00e3o em Cama\u00e7ari","link":"https:\/\/www.encontracamacari.com.br\/sobre\/governo-da-bahia-investe-r-138-milhoes-em-centro-de-reabilitacao-em-camacari\/"}],"_links":{"self":[{"href":"https:\/\/www.encontracamacari.com.br\/sobre\/wp-json\/wp\/v2\/posts\/1201","targetHints":{"allow":["GET"]}}],"collection":[{"href":"https:\/\/www.encontracamacari.com.br\/sobre\/wp-json\/wp\/v2\/posts"}],"about":[{"href":"https:\/\/www.encontracamacari.com.br\/sobre\/wp-json\/wp\/v2\/types\/post"}],"author":[{"embeddable":true,"href":"https:\/\/www.encontracamacari.com.br\/sobre\/wp-json\/wp\/v2\/users\/1"}],"replies":[{"embeddable":true,"href":"https:\/\/www.encontracamacari.com.br\/sobre\/wp-json\/wp\/v2\/comments?post=1201"}],"version-history":[{"count":0,"href":"https:\/\/www.encontracamacari.com.br\/sobre\/wp-json\/wp\/v2\/posts\/1201\/revisions"}],"wp:featuredmedia":[{"embeddable":true,"href":"https:\/\/www.encontracamacari.com.br\/sobre\/wp-json\/wp\/v2\/media\/1200"}],"wp:attachment":[{"href":"https:\/\/www.encontracamacari.com.br\/sobre\/wp-json\/wp\/v2\/media?parent=1201"}],"wp:term":[{"taxonomy":"category","embeddable":true,"href":"https:\/\/www.encontracamacari.com.br\/sobre\/wp-json\/wp\/v2\/categories?post=1201"},{"taxonomy":"post_tag","embeddable":true,"href":"https:\/\/www.encontracamacari.com.br\/sobre\/wp-json\/wp\/v2\/tags?post=1201"}],"curies":[{"name":"wp","href":"https:\/\/api.w.org\/{rel}","templated":true}]}}