{"id":1179,"date":"2026-06-11T06:03:47","date_gmt":"2026-06-11T06:03:47","guid":{"rendered":"https:\/\/www.encontracamacari.com.br\/sobre\/byd-lanca-novo-veiculo-s-u-v-que-sera-produzido-em-camacari-na-bahia-veja-detalhes\/"},"modified":"2026-06-11T06:03:47","modified_gmt":"2026-06-11T06:03:47","slug":"byd-lanca-novo-veiculo-s-u-v-que-sera-produzido-em-camacari-na-bahia-veja-detalhes","status":"publish","type":"post","link":"https:\/\/www.encontracamacari.com.br\/sobre\/byd-lanca-novo-veiculo-s-u-v-que-sera-produzido-em-camacari-na-bahia-veja-detalhes\/","title":{"rendered":"BYD LAN\u00c7A NOVO VE\u00cdCULO S.U.V. QUE SER\u00c1 PRODUZIDO EM CAMA\u00c7ARI NA BAHIA; VEJA DETALHES"},"content":{"rendered":"<div class=\"2410bb7248a64bb1f71103797e0f239b\" data-index=\"1\" style=\"float: none; margin:0px;\">\n<ins class=\"adsbygoogle\"\r\n     style=\"display:block\"\r\n     data-ad-client=\"ca-pub-8585364105181520\"\r\n     data-ad-slot=\"8789329856\"\r\n     data-ad-format=\"auto\"\r\n     data-full-width-responsive=\"true\"><\/ins>\r\n<script>\r\n     (adsbygoogle = window.adsbygoogle || []).push({});\r\n<\/script>\n<\/div>\n<h2>A Movimenta\u00e7\u00e3o do Setor Automotivo na Bahia<\/h2>\n<p>A Bahia se destaca na ind\u00fastria automotiva brasileira, apresentando um crescimento significativo em sua capacidade produtiva. A chegada de novas montadoras e a expans\u00e3o de f\u00e1bricas j\u00e1 estabelecidas t\u00eam contribu\u00eddo para o fortalecimento do setor. Nesse cen\u00e1rio, a BYD, uma gigante do mercado de ve\u00edculos el\u00e9tricos, posiciona-se de forma estrat\u00e9gica ao lan\u00e7ar o novo SUV Attos 2 em Cama\u00e7ari, um passo que promete impactar n\u00e3o s\u00f3 a economia local, mas tamb\u00e9m o mercado automotivo nacional.<\/p>\n<h2>O que Torna o Atto 2 Exclusivo?<\/h2>\n<p>O Attos 2 se destaca como um modelo inovador, projetado para atender \u00e0s necessidades do consumidor moderno. \u00c9 um ve\u00edculo que combina tecnologia avan\u00e7ada e sustentabilidade. Seu design contempor\u00e2neo e caracter\u00edsticas \u00fanicas tornam-no uma op\u00e7\u00e3o atraente para quem busca um SUV eficiente e com robustez. A capacidade de oferecer funcionalidades que facilitam a condu\u00e7\u00e3o prova que a BYD est\u00e1 atenta \u00e0s demandas do p\u00fablico.<\/p>\n<h2>Inova\u00e7\u00f5es Tecnol\u00f3gicas no Novo SUV<\/h2>\n<p>O novo SUV da BYD n\u00e3o \u00e9 apenas mais um carro el\u00e9trico no mercado. Ele traz inova\u00e7\u00f5es significativas que o colocam \u00e0 frente da concorr\u00eancia. O Attos 2 conta com:<\/p>\n<p><img decoding=\"async\" src=\"https:\/\/www.encontracamacari.com.br\/sobre\/wp-content\/uploads\/2026\/06\/byd-lanca-novo-veiculo-s-u-v-que-sera-produzido-em-camacari-na-bahia-veja-detalhes.webp\" alt=\"BYD SUV Cama\u00e7ari\" loading=\"lazy\" \/><\/p>\n<ul>\n<li><strong>Bateria Blade:<\/strong> Uma inova\u00e7\u00e3o que promete maior seguran\u00e7a e efici\u00eancia.<\/li>\n<li><strong>Autonomia de at\u00e9 1.045 km:<\/strong> Combinando tr\u00eas elementos de motoriza\u00e7\u00e3o \u2014 gasolina, etanol e eletricidade \u2014, o SUV se demonstra vers\u00e1til em diversas condi\u00e7\u00f5es de uso.<\/li>\n<li><strong>Intelig\u00eancia Artificial:<\/strong> Dois pain\u00e9is interativos que garantem uma experi\u00eancia de usu\u00e1rio imersiva e conectada.<\/li>\n<li><strong>Freio Regenerativo:<\/strong> Um sistema que permite o carregamento da bateria em descidas, contribuindo para uma maior economia de energia.<\/li>\n<\/ul>\n<h2>O Desempenho do Atto 2 no Mercado<\/h2>\n<p>Com um pre\u00e7o sugerido de R$ 149.000, o Attos 2 tem como alvo o p\u00fablico que busca qualidade e inova\u00e7\u00e3o sem comprometer o or\u00e7amento. O modelo, com motor que atinge 187 cavalos de pot\u00eancia, atende tanto motoristas urbanos quanto aqueles que desejam um desempenho robusto em estradas. A expectativa \u00e9 que a chegada do Attos 2 force concorrentes a revisitar suas ofertas.<\/p><div class=\"2410bb7248a64bb1f71103797e0f239b\" data-index=\"2\" style=\"float: none; margin:0px;\">\n<ins class=\"adsbygoogle\"\r\n     style=\"display:block; text-align:center;\"\r\n     data-ad-layout=\"in-article\"\r\n     data-ad-format=\"fluid\"\r\n     data-ad-client=\"ca-pub-8585364105181520\"\r\n     data-ad-slot=\"2899217073\"><\/ins>\r\n<script>\r\n     (adsbygoogle = window.adsbygoogle || []).push({});\r\n<\/script>\r\n\r\n<\/br><\/br>\n<\/div>\n\n<h2>Expectativas sobre a Produ\u00e7\u00e3o em Cama\u00e7ari<\/h2>\n<p>A f\u00e1brica de Cama\u00e7ari, j\u00e1 equipada para iniciar a produ\u00e7\u00e3o, \u00e9 um pilar fundamental para a BYD em sua estrat\u00e9gia no Brasil. O vice-presidente da empresa, Alexandre Baldy, confirmou que a produ\u00e7\u00e3o do Attos 2 ter\u00e1 in\u00edcio imediato. Essa decis\u00e3o vai gerar empregos e estimular a economia local. A produ\u00e7\u00e3o em um polo industrial t\u00e3o forte como Cama\u00e7ari tem o potencial de posicionar a BYD como l\u00edder no segmento de SUVs el\u00e9tricos.<\/p>\n<h2>Compara\u00e7\u00e3o com Outros SUVs El\u00e9tricos<\/h2>\n<p>O Attos 2 se coloca em uma posi\u00e7\u00e3o diferenciada quando comparado a outros SUVs el\u00e9tricos dispon\u00edveis no mercado. Enquanto muitos modelos oferecem autonomia inferior e menor pot\u00eancia, o SUV da BYD se destaca pela sua performance e inova\u00e7\u00e3o tecnol\u00f3gica. Essa compara\u00e7\u00e3o mostra que a marca est\u00e1 disposta a desafiar conceitos estabelecidos e oferecer ao consumidor um produto de destaque no mercado.<\/p>\n<h2>O Impacto do SUV na Economia Local<\/h2>\n<p>A constru\u00e7\u00e3o da nova f\u00e1brica e o lan\u00e7amento do Attos 2 devem ter impactos positivos para a economia baiana. Com a gera\u00e7\u00e3o de empregos diretos e indiretos, al\u00e9m do fortalecimento da cadeia produtiva, espera-se que a presen\u00e7a da BYD contribua para um desenvolvimento econ\u00f4mico sustent\u00e1vel. Isso pode atrair outras empresas do setor para a regi\u00e3o, fomentando ainda mais a competitividade.<\/p>\n<h2>Depoimentos de Especialistas da Ind\u00fastria<\/h2>\n<p>Especialistas do setor automotivo t\u00eam manifestado suas opini\u00f5es sobre a chegada do Attos 2. Muitos acreditam que a inova\u00e7\u00e3o e a proposta sustent\u00e1vel da BYD podem mudar a percep\u00e7\u00e3o dos consumidores sobre carros el\u00e9tricos. A confian\u00e7a depositada na tecnologia da marca e a expectativa em rela\u00e7\u00e3o \u00e0 qualidade do produto colocam a BYD em uma posi\u00e7\u00e3o promissora no Brasil.<\/p>\n<h2>Como o Atto 2 Pode Transformar a Mobilidade<\/h2>\n<p>A transforma\u00e7\u00e3o que o Attos 2 pode trazer vai al\u00e9m do ve\u00edculo em si. A iniciativa da BYD de produzir um SUV el\u00e9trico barato e acess\u00edvel \u00e9 uma tentativa de popularizar a mobilidade el\u00e9trica no Brasil. Com o aumento da implementa\u00e7\u00e3o de infraestruturas para carregamento e a educa\u00e7\u00e3o sobre ve\u00edculos el\u00e9tricos, \u00e9 prov\u00e1vel que o Attos 2 encontre um bom espa\u00e7o no mercado.<\/p>\n<h2>Desafios e Estrat\u00e9gias da BYD no Brasil<\/h2>\n<p>Apesar do otimismo em torno do Attos 2, a BYD enfrenta desafios, como a concorr\u00eancia de outras montadoras e a necessidade de educar o p\u00fablico sobre ve\u00edculos el\u00e9tricos. No entanto, com uma estrat\u00e9gia bem definida e um compromisso com inova\u00e7\u00e3o e qualidade, a empresa est\u00e1 se posicionando para superar as adversidades e promover uma revolu\u00e7\u00e3o no setor automotivo brasileiro.<\/p>\n<div class=\"2410bb7248a64bb1f71103797e0f239b\" data-index=\"3\" style=\"float: none; margin:0px;\">\n<\/br><\/br>\r\n\r\n<ins class=\"adsbygoogle\"\r\n     style=\"display:block\"\r\n     data-ad-format=\"fluid\"\r\n     data-ad-layout-key=\"-63+do+n-1s+9e\"\r\n     data-ad-client=\"ca-pub-8585364105181520\"\r\n     data-ad-slot=\"6838462089\"><\/ins>\r\n<script>\r\n     (adsbygoogle = window.adsbygoogle || []).push({});\r\n<\/script>\n<\/div>\n\n<div style=\"font-size: 0px; height: 0px; line-height: 0px; margin: 0; padding: 0; clear: both;\"><\/div>","protected":false},"excerpt":{"rendered":"<p>BYD apresenta seu novo SUV produzido em Cama\u00e7ari, conhe\u00e7a todos os detalhes.<\/p>\n","protected":false},"author":1,"featured_media":1178,"comment_status":"open","ping_status":"closed","sticky":false,"template":"","format":"standard","meta":{"footnotes":""},"categories":[1],"tags":[],"class_list":["post-1179","post","type-post","status-publish","format-standard","has-post-thumbnail","hentry","category-noticias-em-camacari","has_thumb"],"aioseo_notices":[],"aioseo_head":"\n\t\t<!-- All in One SEO 5.0.0.1 - aioseo.com -->\n\t<meta name=\"description\" content=\"BYD apresenta seu novo SUV produzido em Cama\u00e7ari, conhe\u00e7a todos os detalhes.\" \/>\n\t<meta name=\"robots\" content=\"max-image-preview:large\" \/>\n\t<meta name=\"author\" content=\"Encontra Cama\u00e7ari\"\/>\n\t<link rel=\"canonical\" href=\"https:\/\/www.encontracamacari.com.br\/sobre\/byd-lanca-novo-veiculo-s-u-v-que-sera-produzido-em-camacari-na-bahia-veja-detalhes\/\" \/>\n\t<meta name=\"generator\" content=\"All in One SEO (AIOSEO) 5.0.0.1\" \/>\n\t\t<meta property=\"og:locale\" content=\"pt_BR\" \/>\n\t\t<meta property=\"og:site_name\" content=\"Encontra Cama\u00e7ari - Not\u00edcias, eventos, informa\u00e7\u00f5es e dicas na cidade de Cama\u00e7ari e regi\u00e3o.\" \/>\n\t\t<meta property=\"og:type\" content=\"article\" \/>\n\t\t<meta property=\"og:title\" content=\"BYD LAN\u00c7A NOVO VE\u00cdCULO S.U.V. QUE SER\u00c1 PRODUZIDO EM CAMA\u00c7ARI NA BAHIA; VEJA DETALHES - Encontra Cama\u00e7ari\" \/>\n\t\t<meta property=\"og:description\" content=\"BYD apresenta seu novo SUV produzido em Cama\u00e7ari, conhe\u00e7a todos os detalhes.\" \/>\n\t\t<meta property=\"og:url\" content=\"https:\/\/www.encontracamacari.com.br\/sobre\/byd-lanca-novo-veiculo-s-u-v-que-sera-produzido-em-camacari-na-bahia-veja-detalhes\/\" \/>\n\t\t<meta property=\"article:published_time\" content=\"2026-06-11T06:03:47+00:00\" \/>\n\t\t<meta property=\"article:modified_time\" content=\"2026-06-11T06:03:47+00:00\" \/>\n\t\t<meta name=\"twitter:card\" content=\"summary_large_image\" \/>\n\t\t<meta name=\"twitter:title\" content=\"BYD LAN\u00c7A NOVO VE\u00cdCULO S.U.V. QUE SER\u00c1 PRODUZIDO EM CAMA\u00c7ARI NA BAHIA; VEJA DETALHES - Encontra Cama\u00e7ari\" \/>\n\t\t<meta name=\"twitter:description\" content=\"BYD apresenta seu novo SUV produzido em Cama\u00e7ari, conhe\u00e7a todos os detalhes.\" \/>\n\t\t<script type=\"application\/ld+json\" class=\"aioseo-schema\">\n\t\t\t{\"@context\":\"https:\\\/\\\/schema.org\",\"@graph\":[{\"@type\":\"BlogPosting\",\"@id\":\"https:\\\/\\\/www.encontracamacari.com.br\\\/sobre\\\/byd-lanca-novo-veiculo-s-u-v-que-sera-produzido-em-camacari-na-bahia-veja-detalhes\\\/#blogposting\",\"name\":\"BYD LAN\\u00c7A NOVO VE\\u00cdCULO S.U.V. QUE SER\\u00c1 PRODUZIDO EM CAMA\\u00c7ARI NA BAHIA; VEJA DETALHES - Encontra Cama\\u00e7ari\",\"headline\":\"BYD LAN\\u00c7A NOVO VE\\u00cdCULO S.U.V. QUE SER\\u00c1 PRODUZIDO EM CAMA\\u00c7ARI NA BAHIA; VEJA DETALHES\",\"author\":{\"@id\":\"https:\\\/\\\/www.encontracamacari.com.br\\\/sobre\\\/author\\\/ecamacari\\\/#author\"},\"publisher\":{\"@id\":\"https:\\\/\\\/www.encontracamacari.com.br\\\/sobre\\\/#organization\"},\"image\":{\"@type\":\"ImageObject\",\"url\":\"https:\\\/\\\/www.encontracamacari.com.br\\\/sobre\\\/wp-content\\\/uploads\\\/2026\\\/06\\\/byd-lanca-novo-veiculo-s-u-v-que-sera-produzido-em-camacari-na-bahia-veja-detalhes.webp\",\"width\":280,\"height\":280,\"caption\":\"BYD SUV Cama\\u00e7ari\"},\"datePublished\":\"2026-06-11T06:03:47+00:00\",\"dateModified\":\"2026-06-11T06:03:47+00:00\",\"inLanguage\":\"pt-BR\",\"mainEntityOfPage\":{\"@id\":\"https:\\\/\\\/www.encontracamacari.com.br\\\/sobre\\\/byd-lanca-novo-veiculo-s-u-v-que-sera-produzido-em-camacari-na-bahia-veja-detalhes\\\/#webpage\"},\"isPartOf\":{\"@id\":\"https:\\\/\\\/www.encontracamacari.com.br\\\/sobre\\\/byd-lanca-novo-veiculo-s-u-v-que-sera-produzido-em-camacari-na-bahia-veja-detalhes\\\/#webpage\"},\"articleSection\":\"Not\\u00edcias Cama\\u00e7ari\"},{\"@type\":\"BreadcrumbList\",\"@id\":\"https:\\\/\\\/www.encontracamacari.com.br\\\/sobre\\\/byd-lanca-novo-veiculo-s-u-v-que-sera-produzido-em-camacari-na-bahia-veja-detalhes\\\/#breadcrumblist\",\"itemListElement\":[{\"@type\":\"ListItem\",\"@id\":\"https:\\\/\\\/www.encontracamacari.com.br\\\/sobre#listItem\",\"position\":1,\"name\":\"Home\",\"item\":\"https:\\\/\\\/www.encontracamacari.com.br\\\/sobre\",\"nextItem\":{\"@type\":\"ListItem\",\"@id\":\"https:\\\/\\\/www.encontracamacari.com.br\\\/sobre\\\/noticias-em-camacari\\\/#listItem\",\"name\":\"Not\\u00edcias Cama\\u00e7ari\"}},{\"@type\":\"ListItem\",\"@id\":\"https:\\\/\\\/www.encontracamacari.com.br\\\/sobre\\\/noticias-em-camacari\\\/#listItem\",\"position\":2,\"name\":\"Not\\u00edcias Cama\\u00e7ari\",\"item\":\"https:\\\/\\\/www.encontracamacari.com.br\\\/sobre\\\/noticias-em-camacari\\\/\",\"nextItem\":{\"@type\":\"ListItem\",\"@id\":\"https:\\\/\\\/www.encontracamacari.com.br\\\/sobre\\\/byd-lanca-novo-veiculo-s-u-v-que-sera-produzido-em-camacari-na-bahia-veja-detalhes\\\/#listItem\",\"name\":\"BYD LAN\\u00c7A NOVO VE\\u00cdCULO S.U.V. QUE SER\\u00c1 PRODUZIDO EM CAMA\\u00c7ARI NA BAHIA; VEJA DETALHES\"},\"previousItem\":{\"@type\":\"ListItem\",\"@id\":\"https:\\\/\\\/www.encontracamacari.com.br\\\/sobre#listItem\",\"name\":\"Home\"}},{\"@type\":\"ListItem\",\"@id\":\"https:\\\/\\\/www.encontracamacari.com.br\\\/sobre\\\/byd-lanca-novo-veiculo-s-u-v-que-sera-produzido-em-camacari-na-bahia-veja-detalhes\\\/#listItem\",\"position\":3,\"name\":\"BYD LAN\\u00c7A NOVO VE\\u00cdCULO S.U.V. QUE SER\\u00c1 PRODUZIDO EM CAMA\\u00c7ARI NA BAHIA; VEJA DETALHES\",\"previousItem\":{\"@type\":\"ListItem\",\"@id\":\"https:\\\/\\\/www.encontracamacari.com.br\\\/sobre\\\/noticias-em-camacari\\\/#listItem\",\"name\":\"Not\\u00edcias Cama\\u00e7ari\"}}]},{\"@type\":\"Organization\",\"@id\":\"https:\\\/\\\/www.encontracamacari.com.br\\\/sobre\\\/#organization\",\"name\":\"Encontra Cama\\u00e7ari\",\"description\":\"Not\\u00edcias, eventos, informa\\u00e7\\u00f5es e dicas na cidade de Cama\\u00e7ari e regi\\u00e3o.\",\"url\":\"https:\\\/\\\/www.encontracamacari.com.br\\\/sobre\\\/\"},{\"@type\":\"Person\",\"@id\":\"https:\\\/\\\/www.encontracamacari.com.br\\\/sobre\\\/author\\\/ecamacari\\\/#author\",\"url\":\"https:\\\/\\\/www.encontracamacari.com.br\\\/sobre\\\/author\\\/ecamacari\\\/\",\"name\":\"Encontra Cama\\u00e7ari\",\"image\":{\"@type\":\"ImageObject\",\"@id\":\"https:\\\/\\\/www.encontracamacari.com.br\\\/sobre\\\/byd-lanca-novo-veiculo-s-u-v-que-sera-produzido-em-camacari-na-bahia-veja-detalhes\\\/#authorImage\",\"url\":\"https:\\\/\\\/secure.gravatar.com\\\/avatar\\\/507340682b8270222e1f208e23198b6ae7e2c6a1033ae84e99bc6bce4f82a387?s=96&d=mm&r=g\",\"width\":96,\"height\":96,\"caption\":\"Encontra Cama\\u00e7ari\"}},{\"@type\":\"WebPage\",\"@id\":\"https:\\\/\\\/www.encontracamacari.com.br\\\/sobre\\\/byd-lanca-novo-veiculo-s-u-v-que-sera-produzido-em-camacari-na-bahia-veja-detalhes\\\/#webpage\",\"url\":\"https:\\\/\\\/www.encontracamacari.com.br\\\/sobre\\\/byd-lanca-novo-veiculo-s-u-v-que-sera-produzido-em-camacari-na-bahia-veja-detalhes\\\/\",\"name\":\"BYD LAN\\u00c7A NOVO VE\\u00cdCULO S.U.V. QUE SER\\u00c1 PRODUZIDO EM CAMA\\u00c7ARI NA BAHIA; VEJA DETALHES - Encontra Cama\\u00e7ari\",\"description\":\"BYD apresenta seu novo SUV produzido em Cama\\u00e7ari, conhe\\u00e7a todos os detalhes.\",\"inLanguage\":\"pt-BR\",\"isPartOf\":{\"@id\":\"https:\\\/\\\/www.encontracamacari.com.br\\\/sobre\\\/#website\"},\"breadcrumb\":{\"@id\":\"https:\\\/\\\/www.encontracamacari.com.br\\\/sobre\\\/byd-lanca-novo-veiculo-s-u-v-que-sera-produzido-em-camacari-na-bahia-veja-detalhes\\\/#breadcrumblist\"},\"author\":{\"@id\":\"https:\\\/\\\/www.encontracamacari.com.br\\\/sobre\\\/author\\\/ecamacari\\\/#author\"},\"creator\":{\"@id\":\"https:\\\/\\\/www.encontracamacari.com.br\\\/sobre\\\/author\\\/ecamacari\\\/#author\"},\"image\":{\"@type\":\"ImageObject\",\"url\":\"https:\\\/\\\/www.encontracamacari.com.br\\\/sobre\\\/wp-content\\\/uploads\\\/2026\\\/06\\\/byd-lanca-novo-veiculo-s-u-v-que-sera-produzido-em-camacari-na-bahia-veja-detalhes.webp\",\"@id\":\"https:\\\/\\\/www.encontracamacari.com.br\\\/sobre\\\/byd-lanca-novo-veiculo-s-u-v-que-sera-produzido-em-camacari-na-bahia-veja-detalhes\\\/#mainImage\",\"width\":280,\"height\":280,\"caption\":\"BYD SUV Cama\\u00e7ari\"},\"primaryImageOfPage\":{\"@id\":\"https:\\\/\\\/www.encontracamacari.com.br\\\/sobre\\\/byd-lanca-novo-veiculo-s-u-v-que-sera-produzido-em-camacari-na-bahia-veja-detalhes\\\/#mainImage\"},\"datePublished\":\"2026-06-11T06:03:47+00:00\",\"dateModified\":\"2026-06-11T06:03:47+00:00\"},{\"@type\":\"WebSite\",\"@id\":\"https:\\\/\\\/www.encontracamacari.com.br\\\/sobre\\\/#website\",\"url\":\"https:\\\/\\\/www.encontracamacari.com.br\\\/sobre\\\/\",\"name\":\"Encontra Cama\\u00e7ari\",\"description\":\"Not\\u00edcias, eventos, informa\\u00e7\\u00f5es e dicas na cidade de Cama\\u00e7ari e regi\\u00e3o.\",\"inLanguage\":\"pt-BR\",\"publisher\":{\"@id\":\"https:\\\/\\\/www.encontracamacari.com.br\\\/sobre\\\/#organization\"}}]}\n\t\t<\/script>\n\t\t<!-- All in One SEO -->\n\n","aioseo_head_json":{"title":"BYD LAN\u00c7A NOVO VE\u00cdCULO S.U.V. QUE SER\u00c1 PRODUZIDO EM CAMA\u00c7ARI NA BAHIA; VEJA DETALHES - Encontra Cama\u00e7ari","description":"BYD apresenta seu novo SUV produzido em Cama\u00e7ari, conhe\u00e7a todos os detalhes.","canonical_url":"https:\/\/www.encontracamacari.com.br\/sobre\/byd-lanca-novo-veiculo-s-u-v-que-sera-produzido-em-camacari-na-bahia-veja-detalhes\/","robots":"max-image-preview:large","keywords":"","webmasterTools":{"miscellaneous":""},"schema":{"@context":"https:\/\/schema.org","@graph":[{"@type":"BlogPosting","@id":"https:\/\/www.encontracamacari.com.br\/sobre\/byd-lanca-novo-veiculo-s-u-v-que-sera-produzido-em-camacari-na-bahia-veja-detalhes\/#blogposting","name":"BYD LAN\u00c7A NOVO VE\u00cdCULO S.U.V. QUE SER\u00c1 PRODUZIDO EM CAMA\u00c7ARI NA BAHIA; VEJA DETALHES - Encontra Cama\u00e7ari","headline":"BYD LAN\u00c7A NOVO VE\u00cdCULO S.U.V. QUE SER\u00c1 PRODUZIDO EM CAMA\u00c7ARI NA BAHIA; VEJA DETALHES","author":{"@id":"https:\/\/www.encontracamacari.com.br\/sobre\/author\/ecamacari\/#author"},"publisher":{"@id":"https:\/\/www.encontracamacari.com.br\/sobre\/#organization"},"image":{"@type":"ImageObject","url":"https:\/\/www.encontracamacari.com.br\/sobre\/wp-content\/uploads\/2026\/06\/byd-lanca-novo-veiculo-s-u-v-que-sera-produzido-em-camacari-na-bahia-veja-detalhes.webp","width":280,"height":280,"caption":"BYD SUV Cama\u00e7ari"},"datePublished":"2026-06-11T06:03:47+00:00","dateModified":"2026-06-11T06:03:47+00:00","inLanguage":"pt-BR","mainEntityOfPage":{"@id":"https:\/\/www.encontracamacari.com.br\/sobre\/byd-lanca-novo-veiculo-s-u-v-que-sera-produzido-em-camacari-na-bahia-veja-detalhes\/#webpage"},"isPartOf":{"@id":"https:\/\/www.encontracamacari.com.br\/sobre\/byd-lanca-novo-veiculo-s-u-v-que-sera-produzido-em-camacari-na-bahia-veja-detalhes\/#webpage"},"articleSection":"Not\u00edcias Cama\u00e7ari"},{"@type":"BreadcrumbList","@id":"https:\/\/www.encontracamacari.com.br\/sobre\/byd-lanca-novo-veiculo-s-u-v-que-sera-produzido-em-camacari-na-bahia-veja-detalhes\/#breadcrumblist","itemListElement":[{"@type":"ListItem","@id":"https:\/\/www.encontracamacari.com.br\/sobre#listItem","position":1,"name":"Home","item":"https:\/\/www.encontracamacari.com.br\/sobre","nextItem":{"@type":"ListItem","@id":"https:\/\/www.encontracamacari.com.br\/sobre\/noticias-em-camacari\/#listItem","name":"Not\u00edcias Cama\u00e7ari"}},{"@type":"ListItem","@id":"https:\/\/www.encontracamacari.com.br\/sobre\/noticias-em-camacari\/#listItem","position":2,"name":"Not\u00edcias Cama\u00e7ari","item":"https:\/\/www.encontracamacari.com.br\/sobre\/noticias-em-camacari\/","nextItem":{"@type":"ListItem","@id":"https:\/\/www.encontracamacari.com.br\/sobre\/byd-lanca-novo-veiculo-s-u-v-que-sera-produzido-em-camacari-na-bahia-veja-detalhes\/#listItem","name":"BYD LAN\u00c7A NOVO VE\u00cdCULO S.U.V. QUE SER\u00c1 PRODUZIDO EM CAMA\u00c7ARI NA BAHIA; VEJA DETALHES"},"previousItem":{"@type":"ListItem","@id":"https:\/\/www.encontracamacari.com.br\/sobre#listItem","name":"Home"}},{"@type":"ListItem","@id":"https:\/\/www.encontracamacari.com.br\/sobre\/byd-lanca-novo-veiculo-s-u-v-que-sera-produzido-em-camacari-na-bahia-veja-detalhes\/#listItem","position":3,"name":"BYD LAN\u00c7A NOVO VE\u00cdCULO S.U.V. QUE SER\u00c1 PRODUZIDO EM CAMA\u00c7ARI NA BAHIA; VEJA DETALHES","previousItem":{"@type":"ListItem","@id":"https:\/\/www.encontracamacari.com.br\/sobre\/noticias-em-camacari\/#listItem","name":"Not\u00edcias Cama\u00e7ari"}}]},{"@type":"Organization","@id":"https:\/\/www.encontracamacari.com.br\/sobre\/#organization","name":"Encontra Cama\u00e7ari","description":"Not\u00edcias, eventos, informa\u00e7\u00f5es e dicas na cidade de Cama\u00e7ari e regi\u00e3o.","url":"https:\/\/www.encontracamacari.com.br\/sobre\/"},{"@type":"Person","@id":"https:\/\/www.encontracamacari.com.br\/sobre\/author\/ecamacari\/#author","url":"https:\/\/www.encontracamacari.com.br\/sobre\/author\/ecamacari\/","name":"Encontra Cama\u00e7ari","image":{"@type":"ImageObject","@id":"https:\/\/www.encontracamacari.com.br\/sobre\/byd-lanca-novo-veiculo-s-u-v-que-sera-produzido-em-camacari-na-bahia-veja-detalhes\/#authorImage","url":"https:\/\/secure.gravatar.com\/avatar\/507340682b8270222e1f208e23198b6ae7e2c6a1033ae84e99bc6bce4f82a387?s=96&d=mm&r=g","width":96,"height":96,"caption":"Encontra Cama\u00e7ari"}},{"@type":"WebPage","@id":"https:\/\/www.encontracamacari.com.br\/sobre\/byd-lanca-novo-veiculo-s-u-v-que-sera-produzido-em-camacari-na-bahia-veja-detalhes\/#webpage","url":"https:\/\/www.encontracamacari.com.br\/sobre\/byd-lanca-novo-veiculo-s-u-v-que-sera-produzido-em-camacari-na-bahia-veja-detalhes\/","name":"BYD LAN\u00c7A NOVO VE\u00cdCULO S.U.V. QUE SER\u00c1 PRODUZIDO EM CAMA\u00c7ARI NA BAHIA; VEJA DETALHES - Encontra Cama\u00e7ari","description":"BYD apresenta seu novo SUV produzido em Cama\u00e7ari, conhe\u00e7a todos os detalhes.","inLanguage":"pt-BR","isPartOf":{"@id":"https:\/\/www.encontracamacari.com.br\/sobre\/#website"},"breadcrumb":{"@id":"https:\/\/www.encontracamacari.com.br\/sobre\/byd-lanca-novo-veiculo-s-u-v-que-sera-produzido-em-camacari-na-bahia-veja-detalhes\/#breadcrumblist"},"author":{"@id":"https:\/\/www.encontracamacari.com.br\/sobre\/author\/ecamacari\/#author"},"creator":{"@id":"https:\/\/www.encontracamacari.com.br\/sobre\/author\/ecamacari\/#author"},"image":{"@type":"ImageObject","url":"https:\/\/www.encontracamacari.com.br\/sobre\/wp-content\/uploads\/2026\/06\/byd-lanca-novo-veiculo-s-u-v-que-sera-produzido-em-camacari-na-bahia-veja-detalhes.webp","@id":"https:\/\/www.encontracamacari.com.br\/sobre\/byd-lanca-novo-veiculo-s-u-v-que-sera-produzido-em-camacari-na-bahia-veja-detalhes\/#mainImage","width":280,"height":280,"caption":"BYD SUV Cama\u00e7ari"},"primaryImageOfPage":{"@id":"https:\/\/www.encontracamacari.com.br\/sobre\/byd-lanca-novo-veiculo-s-u-v-que-sera-produzido-em-camacari-na-bahia-veja-detalhes\/#mainImage"},"datePublished":"2026-06-11T06:03:47+00:00","dateModified":"2026-06-11T06:03:47+00:00"},{"@type":"WebSite","@id":"https:\/\/www.encontracamacari.com.br\/sobre\/#website","url":"https:\/\/www.encontracamacari.com.br\/sobre\/","name":"Encontra Cama\u00e7ari","description":"Not\u00edcias, eventos, informa\u00e7\u00f5es e dicas na cidade de Cama\u00e7ari e regi\u00e3o.","inLanguage":"pt-BR","publisher":{"@id":"https:\/\/www.encontracamacari.com.br\/sobre\/#organization"}}]},"og:locale":"pt_BR","og:site_name":"Encontra Cama\u00e7ari - Not\u00edcias, eventos, informa\u00e7\u00f5es e dicas na cidade de Cama\u00e7ari e regi\u00e3o.","og:type":"article","og:title":"BYD LAN\u00c7A NOVO VE\u00cdCULO S.U.V. QUE SER\u00c1 PRODUZIDO EM CAMA\u00c7ARI NA BAHIA; VEJA DETALHES - Encontra Cama\u00e7ari","og:description":"BYD apresenta seu novo SUV produzido em Cama\u00e7ari, conhe\u00e7a todos os detalhes.","og:url":"https:\/\/www.encontracamacari.com.br\/sobre\/byd-lanca-novo-veiculo-s-u-v-que-sera-produzido-em-camacari-na-bahia-veja-detalhes\/","article:published_time":"2026-06-11T06:03:47+00:00","article:modified_time":"2026-06-11T06:03:47+00:00","twitter:card":"summary_large_image","twitter:title":"BYD LAN\u00c7A NOVO VE\u00cdCULO S.U.V. QUE SER\u00c1 PRODUZIDO EM CAMA\u00c7ARI NA BAHIA; VEJA DETALHES - Encontra Cama\u00e7ari","twitter:description":"BYD apresenta seu novo SUV produzido em Cama\u00e7ari, conhe\u00e7a todos os detalhes."},"aioseo_meta_data":{"post_id":"1179","title":null,"description":null,"keywords":null,"keyphrases":null,"primary_term":null,"canonical_url":null,"og_title":null,"og_description":null,"og_object_type":"default","og_image_type":"default","og_image_url":null,"og_image_width":null,"og_image_height":null,"og_image_custom_url":null,"og_image_custom_fields":null,"og_video":null,"og_custom_url":null,"og_article_section":null,"og_article_tags":null,"twitter_use_og":false,"twitter_card":"default","twitter_image_type":"default","twitter_image_url":null,"twitter_image_custom_url":null,"twitter_image_custom_fields":null,"twitter_title":null,"twitter_description":null,"schema":{"blockGraphs":[],"customGraphs":[],"default":{"data":{"Article":[],"Course":[],"Dataset":[],"FAQPage":[],"Movie":[],"Person":[],"Product":[],"ProductReview":[],"Car":[],"Recipe":[],"Service":[],"SoftwareApplication":[],"WebPage":[]},"graphName":"BlogPosting","isEnabled":true},"graphs":[]},"schema_type":"default","schema_type_options":null,"pillar_content":false,"robots_default":true,"robots_noindex":false,"robots_noarchive":false,"robots_nosnippet":false,"robots_nofollow":false,"robots_noimageindex":false,"robots_noodp":false,"robots_notranslate":false,"robots_max_snippet":null,"robots_max_videopreview":null,"robots_max_imagepreview":"large","priority":null,"frequency":null,"local_seo":null,"limit_modified_date":false,"created":"2026-06-11 06:03:55","updated":"2026-08-06 03:24:02","focus_keyword":null,"additional_keywords":null,"truseo_locale":null,"ai":null,"breadcrumb_settings":null,"seo_analyzer_scan_date":null},"aioseo_breadcrumb":"<div class=\"aioseo-breadcrumbs\"><span class=\"aioseo-breadcrumb\">\n\t\t\t<a href=\"https:\/\/www.encontracamacari.com.br\/sobre\" title=\"Home\">Home<\/a>\n\t\t<\/span><span class=\"aioseo-breadcrumb-separator\">&raquo;<\/span><span class=\"aioseo-breadcrumb\">\n\t\t\t<a href=\"https:\/\/www.encontracamacari.com.br\/sobre\/noticias-em-camacari\/\" title=\"Not\u00edcias Cama\u00e7ari\">Not\u00edcias Cama\u00e7ari<\/a>\n\t\t<\/span><span class=\"aioseo-breadcrumb-separator\">&raquo;<\/span><span class=\"aioseo-breadcrumb\">\n\t\t\tBYD LAN\u00c7A NOVO VE\u00cdCULO S.U.V. QUE SER\u00c1 PRODUZIDO EM CAMA\u00c7ARI NA BAHIA; VEJA DETALHES\n\t\t<\/span><\/div>","aioseo_breadcrumb_json":[{"label":"Home","link":"https:\/\/www.encontracamacari.com.br\/sobre"},{"label":"Not\u00edcias Cama\u00e7ari","link":"https:\/\/www.encontracamacari.com.br\/sobre\/noticias-em-camacari\/"},{"label":"BYD LAN\u00c7A NOVO VE\u00cdCULO S.U.V. QUE SER\u00c1 PRODUZIDO EM CAMA\u00c7ARI NA BAHIA; VEJA DETALHES","link":"https:\/\/www.encontracamacari.com.br\/sobre\/byd-lanca-novo-veiculo-s-u-v-que-sera-produzido-em-camacari-na-bahia-veja-detalhes\/"}],"_links":{"self":[{"href":"https:\/\/www.encontracamacari.com.br\/sobre\/wp-json\/wp\/v2\/posts\/1179","targetHints":{"allow":["GET"]}}],"collection":[{"href":"https:\/\/www.encontracamacari.com.br\/sobre\/wp-json\/wp\/v2\/posts"}],"about":[{"href":"https:\/\/www.encontracamacari.com.br\/sobre\/wp-json\/wp\/v2\/types\/post"}],"author":[{"embeddable":true,"href":"https:\/\/www.encontracamacari.com.br\/sobre\/wp-json\/wp\/v2\/users\/1"}],"replies":[{"embeddable":true,"href":"https:\/\/www.encontracamacari.com.br\/sobre\/wp-json\/wp\/v2\/comments?post=1179"}],"version-history":[{"count":0,"href":"https:\/\/www.encontracamacari.com.br\/sobre\/wp-json\/wp\/v2\/posts\/1179\/revisions"}],"wp:featuredmedia":[{"embeddable":true,"href":"https:\/\/www.encontracamacari.com.br\/sobre\/wp-json\/wp\/v2\/media\/1178"}],"wp:attachment":[{"href":"https:\/\/www.encontracamacari.com.br\/sobre\/wp-json\/wp\/v2\/media?parent=1179"}],"wp:term":[{"taxonomy":"category","embeddable":true,"href":"https:\/\/www.encontracamacari.com.br\/sobre\/wp-json\/wp\/v2\/categories?post=1179"},{"taxonomy":"post_tag","embeddable":true,"href":"https:\/\/www.encontracamacari.com.br\/sobre\/wp-json\/wp\/v2\/tags?post=1179"}],"curies":[{"name":"wp","href":"https:\/\/api.w.org\/{rel}","templated":true}]}}