{"id":1175,"date":"2026-06-10T06:06:12","date_gmt":"2026-06-10T06:06:12","guid":{"rendered":"https:\/\/www.encontracamacari.com.br\/sobre\/byd-reforca-compromisso-com-a-sustentabilidade-e-participa-do-ecojunho-2026-em-camacari\/"},"modified":"2026-06-10T06:06:12","modified_gmt":"2026-06-10T06:06:12","slug":"byd-reforca-compromisso-com-a-sustentabilidade-e-participa-do-ecojunho-2026-em-camacari","status":"publish","type":"post","link":"https:\/\/www.encontracamacari.com.br\/sobre\/byd-reforca-compromisso-com-a-sustentabilidade-e-participa-do-ecojunho-2026-em-camacari\/","title":{"rendered":"BYD refor\u00e7a compromisso com a sustentabilidade e participa do \u2018EcoJunho 2026\u2019 em Cama\u00e7ari"},"content":{"rendered":"<div class=\"2410bb7248a64bb1f71103797e0f239b\" data-index=\"1\" style=\"float: none; margin:0px;\">\n<ins class=\"adsbygoogle\"\r\n     style=\"display:block\"\r\n     data-ad-client=\"ca-pub-8585364105181520\"\r\n     data-ad-slot=\"8789329856\"\r\n     data-ad-format=\"auto\"\r\n     data-full-width-responsive=\"true\"><\/ins>\r\n<script>\r\n     (adsbygoogle = window.adsbygoogle || []).push({});\r\n<\/script>\n<\/div>\n<h2>O que \u00e9 o EcoJunho 2026?<\/h2>\n<p>O EcoJunho 2026 \u00e9 um evento promovido pela Prefeitura de Cama\u00e7ari, onde diversas iniciativas est\u00e3o focadas na conscientiza\u00e7\u00e3o e promo\u00e7\u00e3o da sustentabilidade. Este evento, que ocorre de 08 a 12 de junho, \u00e9 uma plataforma para discuss\u00f5es acerca de desenvolvimento urbano sustent\u00e1vel, inova\u00e7\u00e3o, e governan\u00e7a clim\u00e1tica. Sob o tema \u201cCama\u00e7ari com Ra\u00edzes no Futuro\u201d, o f\u00f3rum se consolida como um espa\u00e7o importante na regi\u00e3o, reunindo autoridades, empresas e a comunidade para debater solu\u00e7\u00f5es sustent\u00e1veis.<\/p>\n<h2>Compromisso da BYD com a Sustentabilidade<\/h2>\n<p>A BYD, uma das l\u00edderes no mercado de ve\u00edculos el\u00e9tricos, tem um forte compromisso com a sustentabilidade e a preserva\u00e7\u00e3o ambiental. Sua participa\u00e7\u00e3o no EcoJunho 2026 demonstra esse compromisso e refor\u00e7a a import\u00e2ncia das pr\u00e1ticas sustent\u00e1veis no desenvolvimento das comunidades onde atua. Como parte deste evento, a empresa n\u00e3o apenas apresenta suas iniciativas, mas tamb\u00e9m participa ativamente de a\u00e7\u00f5es que visam a conserva\u00e7\u00e3o dos recursos naturais e a mobilidade sustent\u00e1vel.<\/p>\n<h2>ASG: Pr\u00e1ticas Ambientais, Sociais e de Governan\u00e7a<\/h2>\n<p>As pr\u00e1ticas ASG (Ambientais, Sociais e de Governan\u00e7a) s\u00e3o fundamentais para empresas que buscam uma atua\u00e7\u00e3o respons\u00e1vel e sustent\u00e1vel. A BYD tem procurado implementar pol\u00edticas que atendam a esses crit\u00e9rios em seu funcionamento di\u00e1rio. Estas pol\u00edticas visam n\u00e3o s\u00f3 minimizar impactos ambientais, mas tamb\u00e9m fomentar responsabilidade social e assegurar governan\u00e7a eficaz nas tomadas de decis\u00e3o.<\/p>\n<p><img decoding=\"async\" src=\"https:\/\/www.encontracamacari.com.br\/sobre\/wp-content\/uploads\/2026\/06\/byd-reforca-compromisso-com-a-sustentabilidade-e-participa-do-ecojunho-2026-em-camacari.webp\" alt=\"sustentabilidade\" loading=\"lazy\" \/><\/p>\n<h2>Painel Institucional da BYD<\/h2>\n<p>Durante o EcoJunho 2026, a BYD realizar\u00e1 um painel institucional intitulado \u201cASG no Territ\u00f3rio \u2013 Empresas, territ\u00f3rio e compromisso com o futuro\u201d no dia 9 de junho. Este painel proporcionar\u00e1 um debate sobre como pr\u00e1ticas de sustentabilidade est\u00e3o sendo integradas no ecossistema local de Cama\u00e7ari. Com a representa\u00e7\u00e3o de Bruno de Oliveira, engenheiro respons\u00e1vel por ESG na empresa, ser\u00e3o discutidas as pol\u00edticas globais de sustentabilidade da BYD e como elas s\u00e3o adaptadas \u00e0s necessidades espec\u00edficas da regi\u00e3o.<\/p>\n<h2>A\u00e7\u00e3o de Limpeza no Manguezal de Itacimirim<\/h2>\n<p>Al\u00e9m do painel, a BYD participar\u00e1 de uma a\u00e7\u00e3o volunt\u00e1ria no dia 11 de junho, visando a preserva\u00e7\u00e3o do manguezal em Itacimirim. Este mutir\u00e3o contar\u00e1 com a participa\u00e7\u00e3o de colaboradores da empresa e alunos do Ensino Fundamental II da rede p\u00fablica. A limpeza e fiscaliza\u00e7\u00e3o ambiental do manguezal \u00e9 uma atividade crucial para manter a biodiversidade local e promover a conscientiza\u00e7\u00e3o sobre a import\u00e2ncia desses ecossistemas para a identidade e a natureza da regi\u00e3o.<\/p><div class=\"2410bb7248a64bb1f71103797e0f239b\" data-index=\"2\" style=\"float: none; margin:0px;\">\n<ins class=\"adsbygoogle\"\r\n     style=\"display:block; text-align:center;\"\r\n     data-ad-layout=\"in-article\"\r\n     data-ad-format=\"fluid\"\r\n     data-ad-client=\"ca-pub-8585364105181520\"\r\n     data-ad-slot=\"2899217073\"><\/ins>\r\n<script>\r\n     (adsbygoogle = window.adsbygoogle || []).push({});\r\n<\/script>\r\n\r\n<\/br><\/br>\n<\/div>\n\n<h2>A Import\u00e2ncia da Educa\u00e7\u00e3o Ambiental<\/h2>\n<p>A educa\u00e7\u00e3o ambiental \u00e9 uma ferramenta essencial para a forma\u00e7\u00e3o de cidad\u00e3os mais conscientes sobre a import\u00e2ncia da sustentabilidade. Iniciativas como a a\u00e7\u00e3o de limpeza no manguezal n\u00e3o apenas promovem a conserva\u00e7\u00e3o do meio ambiente, mas tamb\u00e9m educam as novas gera\u00e7\u00f5es. A participa\u00e7\u00e3o de estudantes neste tipo de atividade proporciona uma viv\u00eancia pr\u00e1tica, ajudando a criar um v\u00ednculo com a natureza e promovendo a conscientiza\u00e7\u00e3o sobre os problemas ambientais locais.<\/p>\n<h2>BYD e o Desenvolvimento da Comunidade Local<\/h2>\n<p>A presen\u00e7a da BYD em Cama\u00e7ari n\u00e3o se resume apenas \u00e0 produ\u00e7\u00e3o de ve\u00edculos sustent\u00e1veis. A empresa atua como um agente de desenvolvimento local, criando oportunidades de emprego e contribuindo para a economia da regi\u00e3o. O relacionamento com a comunidade \u00e9 fundamental, e eventos como o EcoJunho 2026 oferecem uma excelente oportunidade para fortalecer esses la\u00e7os, promovendo uma cultura de responsabilidade e colabora\u00e7\u00e3o.<\/p>\n<h2>O Papel da Mobilidade Sustent\u00e1vel<\/h2>\n<p>A mobilidade sustent\u00e1vel \u00e9 um dos pilares da estrat\u00e9gia da BYD. Com produtos voltados para a redu\u00e7\u00e3o de emiss\u00f5es de carbono, a empresa se posiciona como l\u00edder na transforma\u00e7\u00e3o do setor de transporte. A promo\u00e7\u00e3o de ve\u00edculos el\u00e9tricos n\u00e3o apenas contribui para a diminui\u00e7\u00e3o da polui\u00e7\u00e3o, mas tamb\u00e9m incentiva a ado\u00e7\u00e3o de solu\u00e7\u00f5es de transporte que respeitem o meio ambiente e promovam a sa\u00fade p\u00fablica.<\/p>\n<h2>Inova\u00e7\u00e3o e Sustentabilidade em Cama\u00e7ari<\/h2>\n<p>A inova\u00e7\u00e3o desempenha um papel central na sustentabilidade. A BYD investe em tecnologia e pesquisa para desenvolver ve\u00edculos que atendam \u00e0s exig\u00eancias modernas de efici\u00eancia energ\u00e9tica e menor impacto ambiental. A f\u00e1brica em Cama\u00e7ari \u00e9 um exemplo dessa inova\u00e7\u00e3o, trazendo tecnologia de ponta para o Brasil e contribuindo para a transi\u00e7\u00e3o energ\u00e9tica que o pa\u00eds busca.<\/p>\n<h2>O Futuro da Ind\u00fastria Automotiva Verde<\/h2>\n<p>O futuro da ind\u00fastria automotiva est\u00e1 sendo moldado por iniciativas que buscam uma maior sustentabilidade. A evolu\u00e7\u00e3o rumo a ve\u00edculos el\u00e9tricos representa uma resposta \u00e0s preocupa\u00e7\u00f5es globais sobre mudan\u00e7as clim\u00e1ticas e a necessidade de uma mudan\u00e7a no paradigma energ\u00e9tico. A BYD, com seu comprometimento com a inova\u00e7\u00e3o e a responsabilidade ambiental, est\u00e1 na vanguarda desta transforma\u00e7\u00e3o no Brasil e no mundo.<\/p>\n<div class=\"2410bb7248a64bb1f71103797e0f239b\" data-index=\"3\" style=\"float: none; margin:0px;\">\n<\/br><\/br>\r\n\r\n<ins class=\"adsbygoogle\"\r\n     style=\"display:block\"\r\n     data-ad-format=\"fluid\"\r\n     data-ad-layout-key=\"-63+do+n-1s+9e\"\r\n     data-ad-client=\"ca-pub-8585364105181520\"\r\n     data-ad-slot=\"6838462089\"><\/ins>\r\n<script>\r\n     (adsbygoogle = window.adsbygoogle || []).push({});\r\n<\/script>\n<\/div>\n\n<div style=\"font-size: 0px; height: 0px; line-height: 0px; margin: 0; padding: 0; clear: both;\"><\/div>","protected":false},"excerpt":{"rendered":"<p>A BYD refor\u00e7a seu compromisso com a sustentabilidade no EcoJunho 2026 em Cama\u00e7ari.<\/p>\n","protected":false},"author":1,"featured_media":1174,"comment_status":"open","ping_status":"closed","sticky":false,"template":"","format":"standard","meta":{"footnotes":""},"categories":[1],"tags":[],"class_list":["post-1175","post","type-post","status-publish","format-standard","has-post-thumbnail","hentry","category-noticias-em-camacari","has_thumb"],"aioseo_notices":[],"aioseo_head":"\n\t\t<!-- All in One SEO 5.0.0.1 - aioseo.com -->\n\t<meta name=\"description\" content=\"A BYD refor\u00e7a seu compromisso com a sustentabilidade no EcoJunho 2026 em Cama\u00e7ari.\" \/>\n\t<meta name=\"robots\" content=\"max-image-preview:large\" \/>\n\t<meta name=\"author\" content=\"Encontra Cama\u00e7ari\"\/>\n\t<link rel=\"canonical\" href=\"https:\/\/www.encontracamacari.com.br\/sobre\/byd-reforca-compromisso-com-a-sustentabilidade-e-participa-do-ecojunho-2026-em-camacari\/\" \/>\n\t<meta name=\"generator\" content=\"All in One SEO (AIOSEO) 5.0.0.1\" \/>\n\t\t<meta property=\"og:locale\" content=\"pt_BR\" \/>\n\t\t<meta property=\"og:site_name\" content=\"Encontra Cama\u00e7ari - Not\u00edcias, eventos, informa\u00e7\u00f5es e dicas na cidade de Cama\u00e7ari e regi\u00e3o.\" \/>\n\t\t<meta property=\"og:type\" content=\"article\" \/>\n\t\t<meta property=\"og:title\" content=\"BYD refor\u00e7a compromisso com a sustentabilidade e participa do \u2018EcoJunho 2026\u2019 em Cama\u00e7ari - Encontra Cama\u00e7ari\" \/>\n\t\t<meta property=\"og:description\" content=\"A BYD refor\u00e7a seu compromisso com a sustentabilidade no EcoJunho 2026 em Cama\u00e7ari.\" \/>\n\t\t<meta property=\"og:url\" content=\"https:\/\/www.encontracamacari.com.br\/sobre\/byd-reforca-compromisso-com-a-sustentabilidade-e-participa-do-ecojunho-2026-em-camacari\/\" \/>\n\t\t<meta property=\"article:published_time\" content=\"2026-06-10T06:06:12+00:00\" \/>\n\t\t<meta property=\"article:modified_time\" content=\"2026-06-10T06:06:12+00:00\" \/>\n\t\t<meta name=\"twitter:card\" content=\"summary_large_image\" \/>\n\t\t<meta name=\"twitter:title\" content=\"BYD refor\u00e7a compromisso com a sustentabilidade e participa do \u2018EcoJunho 2026\u2019 em Cama\u00e7ari - Encontra Cama\u00e7ari\" \/>\n\t\t<meta name=\"twitter:description\" content=\"A BYD refor\u00e7a seu compromisso com a sustentabilidade no EcoJunho 2026 em Cama\u00e7ari.\" \/>\n\t\t<script type=\"application\/ld+json\" class=\"aioseo-schema\">\n\t\t\t{\"@context\":\"https:\\\/\\\/schema.org\",\"@graph\":[{\"@type\":\"BlogPosting\",\"@id\":\"https:\\\/\\\/www.encontracamacari.com.br\\\/sobre\\\/byd-reforca-compromisso-com-a-sustentabilidade-e-participa-do-ecojunho-2026-em-camacari\\\/#blogposting\",\"name\":\"BYD refor\\u00e7a compromisso com a sustentabilidade e participa do \\u2018EcoJunho 2026\\u2019 em Cama\\u00e7ari - Encontra Cama\\u00e7ari\",\"headline\":\"BYD refor\\u00e7a compromisso com a sustentabilidade e participa do \\u2018EcoJunho 2026\\u2019 em Cama\\u00e7ari\",\"author\":{\"@id\":\"https:\\\/\\\/www.encontracamacari.com.br\\\/sobre\\\/author\\\/ecamacari\\\/#author\"},\"publisher\":{\"@id\":\"https:\\\/\\\/www.encontracamacari.com.br\\\/sobre\\\/#organization\"},\"image\":{\"@type\":\"ImageObject\",\"url\":\"https:\\\/\\\/www.encontracamacari.com.br\\\/sobre\\\/wp-content\\\/uploads\\\/2026\\\/06\\\/byd-reforca-compromisso-com-a-sustentabilidade-e-participa-do-ecojunho-2026-em-camacari.webp\",\"width\":280,\"height\":280,\"caption\":\"sustentabilidade\"},\"datePublished\":\"2026-06-10T06:06:12+00:00\",\"dateModified\":\"2026-06-10T06:06:12+00:00\",\"inLanguage\":\"pt-BR\",\"mainEntityOfPage\":{\"@id\":\"https:\\\/\\\/www.encontracamacari.com.br\\\/sobre\\\/byd-reforca-compromisso-com-a-sustentabilidade-e-participa-do-ecojunho-2026-em-camacari\\\/#webpage\"},\"isPartOf\":{\"@id\":\"https:\\\/\\\/www.encontracamacari.com.br\\\/sobre\\\/byd-reforca-compromisso-com-a-sustentabilidade-e-participa-do-ecojunho-2026-em-camacari\\\/#webpage\"},\"articleSection\":\"Not\\u00edcias Cama\\u00e7ari\"},{\"@type\":\"BreadcrumbList\",\"@id\":\"https:\\\/\\\/www.encontracamacari.com.br\\\/sobre\\\/byd-reforca-compromisso-com-a-sustentabilidade-e-participa-do-ecojunho-2026-em-camacari\\\/#breadcrumblist\",\"itemListElement\":[{\"@type\":\"ListItem\",\"@id\":\"https:\\\/\\\/www.encontracamacari.com.br\\\/sobre#listItem\",\"position\":1,\"name\":\"Home\",\"item\":\"https:\\\/\\\/www.encontracamacari.com.br\\\/sobre\",\"nextItem\":{\"@type\":\"ListItem\",\"@id\":\"https:\\\/\\\/www.encontracamacari.com.br\\\/sobre\\\/noticias-em-camacari\\\/#listItem\",\"name\":\"Not\\u00edcias Cama\\u00e7ari\"}},{\"@type\":\"ListItem\",\"@id\":\"https:\\\/\\\/www.encontracamacari.com.br\\\/sobre\\\/noticias-em-camacari\\\/#listItem\",\"position\":2,\"name\":\"Not\\u00edcias Cama\\u00e7ari\",\"item\":\"https:\\\/\\\/www.encontracamacari.com.br\\\/sobre\\\/noticias-em-camacari\\\/\",\"nextItem\":{\"@type\":\"ListItem\",\"@id\":\"https:\\\/\\\/www.encontracamacari.com.br\\\/sobre\\\/byd-reforca-compromisso-com-a-sustentabilidade-e-participa-do-ecojunho-2026-em-camacari\\\/#listItem\",\"name\":\"BYD refor\\u00e7a compromisso com a sustentabilidade e participa do \\u2018EcoJunho 2026\\u2019 em Cama\\u00e7ari\"},\"previousItem\":{\"@type\":\"ListItem\",\"@id\":\"https:\\\/\\\/www.encontracamacari.com.br\\\/sobre#listItem\",\"name\":\"Home\"}},{\"@type\":\"ListItem\",\"@id\":\"https:\\\/\\\/www.encontracamacari.com.br\\\/sobre\\\/byd-reforca-compromisso-com-a-sustentabilidade-e-participa-do-ecojunho-2026-em-camacari\\\/#listItem\",\"position\":3,\"name\":\"BYD refor\\u00e7a compromisso com a sustentabilidade e participa do \\u2018EcoJunho 2026\\u2019 em Cama\\u00e7ari\",\"previousItem\":{\"@type\":\"ListItem\",\"@id\":\"https:\\\/\\\/www.encontracamacari.com.br\\\/sobre\\\/noticias-em-camacari\\\/#listItem\",\"name\":\"Not\\u00edcias Cama\\u00e7ari\"}}]},{\"@type\":\"Organization\",\"@id\":\"https:\\\/\\\/www.encontracamacari.com.br\\\/sobre\\\/#organization\",\"name\":\"Encontra Cama\\u00e7ari\",\"description\":\"Not\\u00edcias, eventos, informa\\u00e7\\u00f5es e dicas na cidade de Cama\\u00e7ari e regi\\u00e3o.\",\"url\":\"https:\\\/\\\/www.encontracamacari.com.br\\\/sobre\\\/\"},{\"@type\":\"Person\",\"@id\":\"https:\\\/\\\/www.encontracamacari.com.br\\\/sobre\\\/author\\\/ecamacari\\\/#author\",\"url\":\"https:\\\/\\\/www.encontracamacari.com.br\\\/sobre\\\/author\\\/ecamacari\\\/\",\"name\":\"Encontra Cama\\u00e7ari\",\"image\":{\"@type\":\"ImageObject\",\"@id\":\"https:\\\/\\\/www.encontracamacari.com.br\\\/sobre\\\/byd-reforca-compromisso-com-a-sustentabilidade-e-participa-do-ecojunho-2026-em-camacari\\\/#authorImage\",\"url\":\"https:\\\/\\\/secure.gravatar.com\\\/avatar\\\/507340682b8270222e1f208e23198b6ae7e2c6a1033ae84e99bc6bce4f82a387?s=96&d=mm&r=g\",\"width\":96,\"height\":96,\"caption\":\"Encontra Cama\\u00e7ari\"}},{\"@type\":\"WebPage\",\"@id\":\"https:\\\/\\\/www.encontracamacari.com.br\\\/sobre\\\/byd-reforca-compromisso-com-a-sustentabilidade-e-participa-do-ecojunho-2026-em-camacari\\\/#webpage\",\"url\":\"https:\\\/\\\/www.encontracamacari.com.br\\\/sobre\\\/byd-reforca-compromisso-com-a-sustentabilidade-e-participa-do-ecojunho-2026-em-camacari\\\/\",\"name\":\"BYD refor\\u00e7a compromisso com a sustentabilidade e participa do \\u2018EcoJunho 2026\\u2019 em Cama\\u00e7ari - Encontra Cama\\u00e7ari\",\"description\":\"A BYD refor\\u00e7a seu compromisso com a sustentabilidade no EcoJunho 2026 em Cama\\u00e7ari.\",\"inLanguage\":\"pt-BR\",\"isPartOf\":{\"@id\":\"https:\\\/\\\/www.encontracamacari.com.br\\\/sobre\\\/#website\"},\"breadcrumb\":{\"@id\":\"https:\\\/\\\/www.encontracamacari.com.br\\\/sobre\\\/byd-reforca-compromisso-com-a-sustentabilidade-e-participa-do-ecojunho-2026-em-camacari\\\/#breadcrumblist\"},\"author\":{\"@id\":\"https:\\\/\\\/www.encontracamacari.com.br\\\/sobre\\\/author\\\/ecamacari\\\/#author\"},\"creator\":{\"@id\":\"https:\\\/\\\/www.encontracamacari.com.br\\\/sobre\\\/author\\\/ecamacari\\\/#author\"},\"image\":{\"@type\":\"ImageObject\",\"url\":\"https:\\\/\\\/www.encontracamacari.com.br\\\/sobre\\\/wp-content\\\/uploads\\\/2026\\\/06\\\/byd-reforca-compromisso-com-a-sustentabilidade-e-participa-do-ecojunho-2026-em-camacari.webp\",\"@id\":\"https:\\\/\\\/www.encontracamacari.com.br\\\/sobre\\\/byd-reforca-compromisso-com-a-sustentabilidade-e-participa-do-ecojunho-2026-em-camacari\\\/#mainImage\",\"width\":280,\"height\":280,\"caption\":\"sustentabilidade\"},\"primaryImageOfPage\":{\"@id\":\"https:\\\/\\\/www.encontracamacari.com.br\\\/sobre\\\/byd-reforca-compromisso-com-a-sustentabilidade-e-participa-do-ecojunho-2026-em-camacari\\\/#mainImage\"},\"datePublished\":\"2026-06-10T06:06:12+00:00\",\"dateModified\":\"2026-06-10T06:06:12+00:00\"},{\"@type\":\"WebSite\",\"@id\":\"https:\\\/\\\/www.encontracamacari.com.br\\\/sobre\\\/#website\",\"url\":\"https:\\\/\\\/www.encontracamacari.com.br\\\/sobre\\\/\",\"name\":\"Encontra Cama\\u00e7ari\",\"description\":\"Not\\u00edcias, eventos, informa\\u00e7\\u00f5es e dicas na cidade de Cama\\u00e7ari e regi\\u00e3o.\",\"inLanguage\":\"pt-BR\",\"publisher\":{\"@id\":\"https:\\\/\\\/www.encontracamacari.com.br\\\/sobre\\\/#organization\"}}]}\n\t\t<\/script>\n\t\t<!-- All in One SEO -->\n\n","aioseo_head_json":{"title":"BYD refor\u00e7a compromisso com a sustentabilidade e participa do \u2018EcoJunho 2026\u2019 em Cama\u00e7ari - Encontra Cama\u00e7ari","description":"A BYD refor\u00e7a seu compromisso com a sustentabilidade no EcoJunho 2026 em Cama\u00e7ari.","canonical_url":"https:\/\/www.encontracamacari.com.br\/sobre\/byd-reforca-compromisso-com-a-sustentabilidade-e-participa-do-ecojunho-2026-em-camacari\/","robots":"max-image-preview:large","keywords":"","webmasterTools":{"miscellaneous":""},"schema":{"@context":"https:\/\/schema.org","@graph":[{"@type":"BlogPosting","@id":"https:\/\/www.encontracamacari.com.br\/sobre\/byd-reforca-compromisso-com-a-sustentabilidade-e-participa-do-ecojunho-2026-em-camacari\/#blogposting","name":"BYD refor\u00e7a compromisso com a sustentabilidade e participa do \u2018EcoJunho 2026\u2019 em Cama\u00e7ari - Encontra Cama\u00e7ari","headline":"BYD refor\u00e7a compromisso com a sustentabilidade e participa do \u2018EcoJunho 2026\u2019 em Cama\u00e7ari","author":{"@id":"https:\/\/www.encontracamacari.com.br\/sobre\/author\/ecamacari\/#author"},"publisher":{"@id":"https:\/\/www.encontracamacari.com.br\/sobre\/#organization"},"image":{"@type":"ImageObject","url":"https:\/\/www.encontracamacari.com.br\/sobre\/wp-content\/uploads\/2026\/06\/byd-reforca-compromisso-com-a-sustentabilidade-e-participa-do-ecojunho-2026-em-camacari.webp","width":280,"height":280,"caption":"sustentabilidade"},"datePublished":"2026-06-10T06:06:12+00:00","dateModified":"2026-06-10T06:06:12+00:00","inLanguage":"pt-BR","mainEntityOfPage":{"@id":"https:\/\/www.encontracamacari.com.br\/sobre\/byd-reforca-compromisso-com-a-sustentabilidade-e-participa-do-ecojunho-2026-em-camacari\/#webpage"},"isPartOf":{"@id":"https:\/\/www.encontracamacari.com.br\/sobre\/byd-reforca-compromisso-com-a-sustentabilidade-e-participa-do-ecojunho-2026-em-camacari\/#webpage"},"articleSection":"Not\u00edcias Cama\u00e7ari"},{"@type":"BreadcrumbList","@id":"https:\/\/www.encontracamacari.com.br\/sobre\/byd-reforca-compromisso-com-a-sustentabilidade-e-participa-do-ecojunho-2026-em-camacari\/#breadcrumblist","itemListElement":[{"@type":"ListItem","@id":"https:\/\/www.encontracamacari.com.br\/sobre#listItem","position":1,"name":"Home","item":"https:\/\/www.encontracamacari.com.br\/sobre","nextItem":{"@type":"ListItem","@id":"https:\/\/www.encontracamacari.com.br\/sobre\/noticias-em-camacari\/#listItem","name":"Not\u00edcias Cama\u00e7ari"}},{"@type":"ListItem","@id":"https:\/\/www.encontracamacari.com.br\/sobre\/noticias-em-camacari\/#listItem","position":2,"name":"Not\u00edcias Cama\u00e7ari","item":"https:\/\/www.encontracamacari.com.br\/sobre\/noticias-em-camacari\/","nextItem":{"@type":"ListItem","@id":"https:\/\/www.encontracamacari.com.br\/sobre\/byd-reforca-compromisso-com-a-sustentabilidade-e-participa-do-ecojunho-2026-em-camacari\/#listItem","name":"BYD refor\u00e7a compromisso com a sustentabilidade e participa do \u2018EcoJunho 2026\u2019 em Cama\u00e7ari"},"previousItem":{"@type":"ListItem","@id":"https:\/\/www.encontracamacari.com.br\/sobre#listItem","name":"Home"}},{"@type":"ListItem","@id":"https:\/\/www.encontracamacari.com.br\/sobre\/byd-reforca-compromisso-com-a-sustentabilidade-e-participa-do-ecojunho-2026-em-camacari\/#listItem","position":3,"name":"BYD refor\u00e7a compromisso com a sustentabilidade e participa do \u2018EcoJunho 2026\u2019 em Cama\u00e7ari","previousItem":{"@type":"ListItem","@id":"https:\/\/www.encontracamacari.com.br\/sobre\/noticias-em-camacari\/#listItem","name":"Not\u00edcias Cama\u00e7ari"}}]},{"@type":"Organization","@id":"https:\/\/www.encontracamacari.com.br\/sobre\/#organization","name":"Encontra Cama\u00e7ari","description":"Not\u00edcias, eventos, informa\u00e7\u00f5es e dicas na cidade de Cama\u00e7ari e regi\u00e3o.","url":"https:\/\/www.encontracamacari.com.br\/sobre\/"},{"@type":"Person","@id":"https:\/\/www.encontracamacari.com.br\/sobre\/author\/ecamacari\/#author","url":"https:\/\/www.encontracamacari.com.br\/sobre\/author\/ecamacari\/","name":"Encontra Cama\u00e7ari","image":{"@type":"ImageObject","@id":"https:\/\/www.encontracamacari.com.br\/sobre\/byd-reforca-compromisso-com-a-sustentabilidade-e-participa-do-ecojunho-2026-em-camacari\/#authorImage","url":"https:\/\/secure.gravatar.com\/avatar\/507340682b8270222e1f208e23198b6ae7e2c6a1033ae84e99bc6bce4f82a387?s=96&d=mm&r=g","width":96,"height":96,"caption":"Encontra Cama\u00e7ari"}},{"@type":"WebPage","@id":"https:\/\/www.encontracamacari.com.br\/sobre\/byd-reforca-compromisso-com-a-sustentabilidade-e-participa-do-ecojunho-2026-em-camacari\/#webpage","url":"https:\/\/www.encontracamacari.com.br\/sobre\/byd-reforca-compromisso-com-a-sustentabilidade-e-participa-do-ecojunho-2026-em-camacari\/","name":"BYD refor\u00e7a compromisso com a sustentabilidade e participa do \u2018EcoJunho 2026\u2019 em Cama\u00e7ari - Encontra Cama\u00e7ari","description":"A BYD refor\u00e7a seu compromisso com a sustentabilidade no EcoJunho 2026 em Cama\u00e7ari.","inLanguage":"pt-BR","isPartOf":{"@id":"https:\/\/www.encontracamacari.com.br\/sobre\/#website"},"breadcrumb":{"@id":"https:\/\/www.encontracamacari.com.br\/sobre\/byd-reforca-compromisso-com-a-sustentabilidade-e-participa-do-ecojunho-2026-em-camacari\/#breadcrumblist"},"author":{"@id":"https:\/\/www.encontracamacari.com.br\/sobre\/author\/ecamacari\/#author"},"creator":{"@id":"https:\/\/www.encontracamacari.com.br\/sobre\/author\/ecamacari\/#author"},"image":{"@type":"ImageObject","url":"https:\/\/www.encontracamacari.com.br\/sobre\/wp-content\/uploads\/2026\/06\/byd-reforca-compromisso-com-a-sustentabilidade-e-participa-do-ecojunho-2026-em-camacari.webp","@id":"https:\/\/www.encontracamacari.com.br\/sobre\/byd-reforca-compromisso-com-a-sustentabilidade-e-participa-do-ecojunho-2026-em-camacari\/#mainImage","width":280,"height":280,"caption":"sustentabilidade"},"primaryImageOfPage":{"@id":"https:\/\/www.encontracamacari.com.br\/sobre\/byd-reforca-compromisso-com-a-sustentabilidade-e-participa-do-ecojunho-2026-em-camacari\/#mainImage"},"datePublished":"2026-06-10T06:06:12+00:00","dateModified":"2026-06-10T06:06:12+00:00"},{"@type":"WebSite","@id":"https:\/\/www.encontracamacari.com.br\/sobre\/#website","url":"https:\/\/www.encontracamacari.com.br\/sobre\/","name":"Encontra Cama\u00e7ari","description":"Not\u00edcias, eventos, informa\u00e7\u00f5es e dicas na cidade de Cama\u00e7ari e regi\u00e3o.","inLanguage":"pt-BR","publisher":{"@id":"https:\/\/www.encontracamacari.com.br\/sobre\/#organization"}}]},"og:locale":"pt_BR","og:site_name":"Encontra Cama\u00e7ari - Not\u00edcias, eventos, informa\u00e7\u00f5es e dicas na cidade de Cama\u00e7ari e regi\u00e3o.","og:type":"article","og:title":"BYD refor\u00e7a compromisso com a sustentabilidade e participa do \u2018EcoJunho 2026\u2019 em Cama\u00e7ari - Encontra Cama\u00e7ari","og:description":"A BYD refor\u00e7a seu compromisso com a sustentabilidade no EcoJunho 2026 em Cama\u00e7ari.","og:url":"https:\/\/www.encontracamacari.com.br\/sobre\/byd-reforca-compromisso-com-a-sustentabilidade-e-participa-do-ecojunho-2026-em-camacari\/","article:published_time":"2026-06-10T06:06:12+00:00","article:modified_time":"2026-06-10T06:06:12+00:00","twitter:card":"summary_large_image","twitter:title":"BYD refor\u00e7a compromisso com a sustentabilidade e participa do \u2018EcoJunho 2026\u2019 em Cama\u00e7ari - Encontra Cama\u00e7ari","twitter:description":"A BYD refor\u00e7a seu compromisso com a sustentabilidade no EcoJunho 2026 em Cama\u00e7ari."},"aioseo_meta_data":{"post_id":"1175","title":null,"description":null,"keywords":null,"keyphrases":null,"primary_term":null,"canonical_url":null,"og_title":null,"og_description":null,"og_object_type":"default","og_image_type":"default","og_image_url":null,"og_image_width":null,"og_image_height":null,"og_image_custom_url":null,"og_image_custom_fields":null,"og_video":null,"og_custom_url":null,"og_article_section":null,"og_article_tags":null,"twitter_use_og":false,"twitter_card":"default","twitter_image_type":"default","twitter_image_url":null,"twitter_image_custom_url":null,"twitter_image_custom_fields":null,"twitter_title":null,"twitter_description":null,"schema":{"blockGraphs":[],"customGraphs":[],"default":{"data":{"Article":[],"Course":[],"Dataset":[],"FAQPage":[],"Movie":[],"Person":[],"Product":[],"ProductReview":[],"Car":[],"Recipe":[],"Service":[],"SoftwareApplication":[],"WebPage":[]},"graphName":"BlogPosting","isEnabled":true},"graphs":[]},"schema_type":"default","schema_type_options":null,"pillar_content":false,"robots_default":true,"robots_noindex":false,"robots_noarchive":false,"robots_nosnippet":false,"robots_nofollow":false,"robots_noimageindex":false,"robots_noodp":false,"robots_notranslate":false,"robots_max_snippet":null,"robots_max_videopreview":null,"robots_max_imagepreview":"large","priority":null,"frequency":null,"local_seo":null,"limit_modified_date":false,"created":"2026-06-10 06:06:16","updated":"2026-08-06 03:24:01","focus_keyword":null,"additional_keywords":null,"truseo_locale":null,"ai":null,"breadcrumb_settings":null,"seo_analyzer_scan_date":null},"aioseo_breadcrumb":"<div class=\"aioseo-breadcrumbs\"><span class=\"aioseo-breadcrumb\">\n\t\t\t<a href=\"https:\/\/www.encontracamacari.com.br\/sobre\" title=\"Home\">Home<\/a>\n\t\t<\/span><span class=\"aioseo-breadcrumb-separator\">&raquo;<\/span><span class=\"aioseo-breadcrumb\">\n\t\t\t<a href=\"https:\/\/www.encontracamacari.com.br\/sobre\/noticias-em-camacari\/\" title=\"Not\u00edcias Cama\u00e7ari\">Not\u00edcias Cama\u00e7ari<\/a>\n\t\t<\/span><span class=\"aioseo-breadcrumb-separator\">&raquo;<\/span><span class=\"aioseo-breadcrumb\">\n\t\t\tBYD refor\u00e7a compromisso com a sustentabilidade e participa do \u2018EcoJunho 2026\u2019 em Cama\u00e7ari\n\t\t<\/span><\/div>","aioseo_breadcrumb_json":[{"label":"Home","link":"https:\/\/www.encontracamacari.com.br\/sobre"},{"label":"Not\u00edcias Cama\u00e7ari","link":"https:\/\/www.encontracamacari.com.br\/sobre\/noticias-em-camacari\/"},{"label":"BYD refor\u00e7a compromisso com a sustentabilidade e participa do \u2018EcoJunho 2026\u2019 em Cama\u00e7ari","link":"https:\/\/www.encontracamacari.com.br\/sobre\/byd-reforca-compromisso-com-a-sustentabilidade-e-participa-do-ecojunho-2026-em-camacari\/"}],"_links":{"self":[{"href":"https:\/\/www.encontracamacari.com.br\/sobre\/wp-json\/wp\/v2\/posts\/1175","targetHints":{"allow":["GET"]}}],"collection":[{"href":"https:\/\/www.encontracamacari.com.br\/sobre\/wp-json\/wp\/v2\/posts"}],"about":[{"href":"https:\/\/www.encontracamacari.com.br\/sobre\/wp-json\/wp\/v2\/types\/post"}],"author":[{"embeddable":true,"href":"https:\/\/www.encontracamacari.com.br\/sobre\/wp-json\/wp\/v2\/users\/1"}],"replies":[{"embeddable":true,"href":"https:\/\/www.encontracamacari.com.br\/sobre\/wp-json\/wp\/v2\/comments?post=1175"}],"version-history":[{"count":0,"href":"https:\/\/www.encontracamacari.com.br\/sobre\/wp-json\/wp\/v2\/posts\/1175\/revisions"}],"wp:featuredmedia":[{"embeddable":true,"href":"https:\/\/www.encontracamacari.com.br\/sobre\/wp-json\/wp\/v2\/media\/1174"}],"wp:attachment":[{"href":"https:\/\/www.encontracamacari.com.br\/sobre\/wp-json\/wp\/v2\/media?parent=1175"}],"wp:term":[{"taxonomy":"category","embeddable":true,"href":"https:\/\/www.encontracamacari.com.br\/sobre\/wp-json\/wp\/v2\/categories?post=1175"},{"taxonomy":"post_tag","embeddable":true,"href":"https:\/\/www.encontracamacari.com.br\/sobre\/wp-json\/wp\/v2\/tags?post=1175"}],"curies":[{"name":"wp","href":"https:\/\/api.w.org\/{rel}","templated":true}]}}