{"id":1173,"date":"2026-06-10T06:05:02","date_gmt":"2026-06-10T06:05:02","guid":{"rendered":"https:\/\/www.encontracamacari.com.br\/sobre\/2a-reuniao-da-comissao-especial-para-analise-das-contas-do-executivo-municipal\/"},"modified":"2026-06-10T06:05:02","modified_gmt":"2026-06-10T06:05:02","slug":"2a-reuniao-da-comissao-especial-para-analise-das-contas-do-executivo-municipal","status":"publish","type":"post","link":"https:\/\/www.encontracamacari.com.br\/sobre\/2a-reuniao-da-comissao-especial-para-analise-das-contas-do-executivo-municipal\/","title":{"rendered":"2\u00aa Reuni\u00e3o da Comiss\u00e3o Especial para an\u00e1lise das Contas do Executivo Municipal"},"content":{"rendered":"<div class=\"2410bb7248a64bb1f71103797e0f239b\" data-index=\"1\" style=\"float: none; margin:0px;\">\n<ins class=\"adsbygoogle\"\r\n     style=\"display:block\"\r\n     data-ad-client=\"ca-pub-8585364105181520\"\r\n     data-ad-slot=\"8789329856\"\r\n     data-ad-format=\"auto\"\r\n     data-full-width-responsive=\"true\"><\/ins>\r\n<script>\r\n     (adsbygoogle = window.adsbygoogle || []).push({});\r\n<\/script>\n<\/div>\n<h2>O que ocorreu na 2\u00aa Reuni\u00e3o da Comiss\u00e3o Especial<\/h2>\n<p>A 2\u00aa Reuni\u00e3o da Comiss\u00e3o Especial destinada \u00e0 avalia\u00e7\u00e3o das Contas do Executivo Municipal do exerc\u00edcio financeiro de 2024 ocorreu no dia 2 de junho de 2026. O evento teve in\u00edcio \u00e0s 9 horas e foi realizado na Sala de Reuni\u00f5es e Comiss\u00f5es da C\u00e2mara Municipal de Cama\u00e7ari, com a presen\u00e7a do Vereador Dr. Samuka na presid\u00eancia e do Vereador Herbinho na relatoria. Estavam tamb\u00e9m presentes os Vereadores Elias Natan e Dentinho do Sindicato, reafirmando assim a representatividade da comiss\u00e3o.<\/p>\n<h2>Import\u00e2ncia da An\u00e1lise das Contas do Executivo<\/h2>\n<p>A an\u00e1lise das contas do Executivo Municipal \u00e9 uma etapa fundamental para a transpar\u00eancia e a responsabilidade fiscal. Por meio desse exame, a comiss\u00e3o avalia a regularidade das contas apresentadas pelo prefeito, assegurando que os recursos p\u00fablicos est\u00e3o sendo empregados de maneira correta e conforme a legisla\u00e7\u00e3o vigente. Esta pr\u00e1tica n\u00e3o s\u00f3 fomenta a boa gest\u00e3o, mas tamb\u00e9m garante que a popula\u00e7\u00e3o tenha acesso a informa\u00e7\u00f5es relevantes sobre o uso do dinheiro p\u00fablico, influenciando diretamente na fiscalidade e na confian\u00e7a nos \u00f3rg\u00e3os p\u00fablicos.<\/p>\n<h2>Quem Participou da Reuni\u00e3o?<\/h2>\n<p>Al\u00e9m do presidente e do relator, a reuni\u00e3o contou com a participa\u00e7\u00e3o dos seguintes vereadores:<\/p>\n<p><img decoding=\"async\" src=\"https:\/\/www.encontracamacari.com.br\/sobre\/wp-content\/uploads\/2026\/06\/2-reuniao-da-comissao-especial-para-analise-das-contas-do-executivo-municipal.webp\" alt=\"2\u00aa Reuni\u00e3o da Comiss\u00e3o Especial\" loading=\"lazy\" \/><\/p>\n<ul>\n<li><strong>Dentinho do Sindicato<\/strong> &#8211; Presente<\/li>\n<li><strong>Dr. Elias Natan<\/strong> &#8211; Presente<\/li>\n<li><strong>Herbinho<\/strong> &#8211; Presente<\/li>\n<li><strong>Dr. Samuka<\/strong> &#8211; Presente<\/li>\n<li><strong>Jamessom<\/strong> &#8211; Ausente<\/li>\n<\/ul>\n<p>O suporte t\u00e9cnico foi fornecido pelos servidores Giussepi Mario Reis D\u2019 Errico, Coordenador das Comiss\u00f5es, Gleidson Santana Gomes, Assistente Legislativo, e Felipe Sacramento, T\u00e9cnico de TI.<\/p>\n<h2>Como A Comiss\u00e3o Especial Funciona?<\/h2>\n<p>A Comiss\u00e3o Especial \u00e9 composta por vereadores designados para fun\u00e7\u00f5es espec\u00edficas, neste caso, para a an\u00e1lise das contas do Executivo. Durante a reuni\u00e3o ocorrida, o qu\u00f3rum foi confirmado e a pauta inicial tratou da aprova\u00e7\u00e3o do cronograma proposto. Essa estrutura\u00e7\u00e3o permite um acompanhamento sistem\u00e1tico e tempestivo dos processos que envolvem a fiscaliza\u00e7\u00e3o das contas p\u00fablicas, promovendo a efic\u00e1cia dos trabalhos realizados.<\/p><div class=\"2410bb7248a64bb1f71103797e0f239b\" data-index=\"2\" style=\"float: none; margin:0px;\">\n<ins class=\"adsbygoogle\"\r\n     style=\"display:block; text-align:center;\"\r\n     data-ad-layout=\"in-article\"\r\n     data-ad-format=\"fluid\"\r\n     data-ad-client=\"ca-pub-8585364105181520\"\r\n     data-ad-slot=\"2899217073\"><\/ins>\r\n<script>\r\n     (adsbygoogle = window.adsbygoogle || []).push({});\r\n<\/script>\r\n\r\n<\/br><\/br>\n<\/div>\n\n<h2>O Papel do Tribunal de Contas<\/h2>\n<p>O Tribunal de Contas dos Munic\u00edpios exerce um papel vital na supervis\u00e3o da gest\u00e3o fiscal e financeira. No contexto da reuni\u00e3o, foi apresentado o Processo de Julgamento de Contas do Executivo Municipal, o n\u00famero 1\/2026, que se referia ao exerc\u00edcio financeiro de 2024. Este tribunal fornece pareceres que subsidiam as decis\u00f5es da c\u00e2mara e auxiliam nas delibera\u00e7\u00f5es sobre a aprova\u00e7\u00e3o das contas do prefeito, assegurando a legalidade e a regularidade das opera\u00e7\u00f5es financeiras.<\/p>\n<h2>An\u00e1lise do Cronograma Proposto<\/h2>\n<p>O cronograma proposto foi uma das principais pautas discutidas. As datas sugeridas foram:<\/p>\n<ul>\n<li><strong>1\u00aa reuni\u00e3o:<\/strong> 28\/05\/2026, \u00e0s 10h22 &#8211; escolha de Presidente e Relator.<\/li>\n<li><strong>2\u00aa reuni\u00e3o:<\/strong> 02\/06\/2026, \u00e0s 8h55 &#8211; Aprova\u00e7\u00e3o do Cronograma Proposto.<\/li>\n<li><strong>3\u00aa reuni\u00e3o:<\/strong> 09\/06\/2026, \u00e0s 8h &#8211; reuni\u00e3o na Sala de Reuni\u00f5es e Comiss\u00f5es.<\/li>\n<li><strong>Reuni\u00e3o final:<\/strong> 16\/06\/2026, \u00e0s 8h &#8211; apresenta\u00e7\u00e3o dos Pareceres Conclusivos e encaminhamento \u00e0 Mesa Diretora.<\/li>\n<\/ul>\n<p>A an\u00e1lise e vota\u00e7\u00e3o do cronograma foram un\u00e2nimes, refor\u00e7ando a organiza\u00e7\u00e3o e a efic\u00e1cia da comiss\u00e3o na execu\u00e7\u00e3o de suas tarefas.<\/p>\n<h2>Resultados da Vota\u00e7\u00e3o<\/h2>\n<p>Durante a reuni\u00e3o, o cronograma foi aprovada por todos os presentes, evidenciando um consenso em torno da necessidade de um planejamento adequado para a an\u00e1lise das contas municipais. A aprova\u00e7\u00e3o desse cronograma tamb\u00e9m reflete o compromisso dos vereadores com a transpar\u00eancia e a responsabilidade fiscal.<\/p>\n<h2>Documentos e Materiais Relacionados<\/h2>\n<p>No momento, n\u00e3o houve materiais ou documentos adicionais apresentados na reuni\u00e3o. O acompanhamento das decis\u00f5es e a documenta\u00e7\u00e3o pertinentes \u00e9 essencial para a manuten\u00e7\u00e3o da transpar\u00eancia e rastreabilidade das a\u00e7\u00f5es da comiss\u00e3o. Registros como atas e pareceres posteriores s\u00e3o fundamentais.<\/p>\n<h2>Como A Reuni\u00e3o Contribui para a Transpar\u00eancia<\/h2>\n<p>A realiza\u00e7\u00e3o desta reuni\u00e3o e o debate aberto sobre o cronograma de an\u00e1lise das contas do Executivo garantem que a popula\u00e7\u00e3o tenha acesso a informa\u00e7\u00f5es sobre o uso dos recursos p\u00fablicos. A divulga\u00e7\u00e3o das atas e dos pareceres conclusivos promovem um ambiente de transpar\u00eancia, onde a comunidade pode acompanhar de perto as decis\u00f5es que impactam diretamente seu cotidiano.<\/p>\n<h2>Pr\u00f3ximos Passos da Comiss\u00e3o<\/h2>\n<p>Os pr\u00f3ximos passos contemplam a realiza\u00e7\u00e3o da 3\u00aa reuni\u00e3o marcada para o dia 9 de junho de 2026, onde ser\u00e1 dada continuidade \u00e0s discuss\u00f5es e \u00e0 an\u00e1lise das contas do exerc\u00edcio 2024. \u00c9 fundamental que todos os envolvidos continuem a trabalhar em conjunto para assegurar a integridade e a responsabilidade na gest\u00e3o dos recursos do munic\u00edpio. A conclus\u00e3o deste processo culminar\u00e1 na apresenta\u00e7\u00e3o dos pareceres finais, que ser\u00e3o encaminhados \u00e0 Mesa Diretora, conforme estabelecido no cronograma aprovado.<\/p>\n<div class=\"2410bb7248a64bb1f71103797e0f239b\" data-index=\"3\" style=\"float: none; margin:0px;\">\n<\/br><\/br>\r\n\r\n<ins class=\"adsbygoogle\"\r\n     style=\"display:block\"\r\n     data-ad-format=\"fluid\"\r\n     data-ad-layout-key=\"-63+do+n-1s+9e\"\r\n     data-ad-client=\"ca-pub-8585364105181520\"\r\n     data-ad-slot=\"6838462089\"><\/ins>\r\n<script>\r\n     (adsbygoogle = window.adsbygoogle || []).push({});\r\n<\/script>\n<\/div>\n\n<div style=\"font-size: 0px; height: 0px; line-height: 0px; margin: 0; padding: 0; clear: both;\"><\/div>","protected":false},"excerpt":{"rendered":"<p>2\u00aa Reuni\u00e3o da Comiss\u00e3o Especial para an\u00e1lise das Contas do Executivo Municipal de 2024.<\/p>\n","protected":false},"author":1,"featured_media":1172,"comment_status":"open","ping_status":"closed","sticky":false,"template":"","format":"standard","meta":{"footnotes":""},"categories":[1],"tags":[],"class_list":["post-1173","post","type-post","status-publish","format-standard","has-post-thumbnail","hentry","category-noticias-em-camacari","has_thumb"],"aioseo_notices":[],"aioseo_head":"\n\t\t<!-- All in One SEO 5.0.0.1 - aioseo.com -->\n\t<meta name=\"description\" content=\"2\u00aa Reuni\u00e3o da Comiss\u00e3o Especial para an\u00e1lise das Contas do Executivo Municipal de 2024.\" \/>\n\t<meta name=\"robots\" content=\"max-image-preview:large\" \/>\n\t<meta name=\"author\" content=\"Encontra Cama\u00e7ari\"\/>\n\t<link rel=\"canonical\" href=\"https:\/\/www.encontracamacari.com.br\/sobre\/2a-reuniao-da-comissao-especial-para-analise-das-contas-do-executivo-municipal\/\" \/>\n\t<meta name=\"generator\" content=\"All in One SEO (AIOSEO) 5.0.0.1\" \/>\n\t\t<meta property=\"og:locale\" content=\"pt_BR\" \/>\n\t\t<meta property=\"og:site_name\" content=\"Encontra Cama\u00e7ari - Not\u00edcias, eventos, informa\u00e7\u00f5es e dicas na cidade de Cama\u00e7ari e regi\u00e3o.\" \/>\n\t\t<meta property=\"og:type\" content=\"article\" \/>\n\t\t<meta property=\"og:title\" content=\"2\u00aa Reuni\u00e3o da Comiss\u00e3o Especial para an\u00e1lise das Contas do Executivo Municipal - Encontra Cama\u00e7ari\" \/>\n\t\t<meta property=\"og:description\" content=\"2\u00aa Reuni\u00e3o da Comiss\u00e3o Especial para an\u00e1lise das Contas do Executivo Municipal de 2024.\" \/>\n\t\t<meta property=\"og:url\" content=\"https:\/\/www.encontracamacari.com.br\/sobre\/2a-reuniao-da-comissao-especial-para-analise-das-contas-do-executivo-municipal\/\" \/>\n\t\t<meta property=\"article:published_time\" content=\"2026-06-10T06:05:02+00:00\" \/>\n\t\t<meta property=\"article:modified_time\" content=\"2026-06-10T06:05:02+00:00\" \/>\n\t\t<meta name=\"twitter:card\" content=\"summary_large_image\" \/>\n\t\t<meta name=\"twitter:title\" content=\"2\u00aa Reuni\u00e3o da Comiss\u00e3o Especial para an\u00e1lise das Contas do Executivo Municipal - Encontra Cama\u00e7ari\" \/>\n\t\t<meta name=\"twitter:description\" content=\"2\u00aa Reuni\u00e3o da Comiss\u00e3o Especial para an\u00e1lise das Contas do Executivo Municipal de 2024.\" \/>\n\t\t<script type=\"application\/ld+json\" class=\"aioseo-schema\">\n\t\t\t{\"@context\":\"https:\\\/\\\/schema.org\",\"@graph\":[{\"@type\":\"BlogPosting\",\"@id\":\"https:\\\/\\\/www.encontracamacari.com.br\\\/sobre\\\/2a-reuniao-da-comissao-especial-para-analise-das-contas-do-executivo-municipal\\\/#blogposting\",\"name\":\"2\\u00aa Reuni\\u00e3o da Comiss\\u00e3o Especial para an\\u00e1lise das Contas do Executivo Municipal - Encontra Cama\\u00e7ari\",\"headline\":\"2\\u00aa Reuni\\u00e3o da Comiss\\u00e3o Especial para an\\u00e1lise das Contas do Executivo Municipal\",\"author\":{\"@id\":\"https:\\\/\\\/www.encontracamacari.com.br\\\/sobre\\\/author\\\/ecamacari\\\/#author\"},\"publisher\":{\"@id\":\"https:\\\/\\\/www.encontracamacari.com.br\\\/sobre\\\/#organization\"},\"image\":{\"@type\":\"ImageObject\",\"url\":\"https:\\\/\\\/www.encontracamacari.com.br\\\/sobre\\\/wp-content\\\/uploads\\\/2026\\\/06\\\/2-reuniao-da-comissao-especial-para-analise-das-contas-do-executivo-municipal.webp\",\"width\":280,\"height\":280,\"caption\":\"2\\u00aa Reuni\\u00e3o da Comiss\\u00e3o Especial\"},\"datePublished\":\"2026-06-10T06:05:02+00:00\",\"dateModified\":\"2026-06-10T06:05:02+00:00\",\"inLanguage\":\"pt-BR\",\"mainEntityOfPage\":{\"@id\":\"https:\\\/\\\/www.encontracamacari.com.br\\\/sobre\\\/2a-reuniao-da-comissao-especial-para-analise-das-contas-do-executivo-municipal\\\/#webpage\"},\"isPartOf\":{\"@id\":\"https:\\\/\\\/www.encontracamacari.com.br\\\/sobre\\\/2a-reuniao-da-comissao-especial-para-analise-das-contas-do-executivo-municipal\\\/#webpage\"},\"articleSection\":\"Not\\u00edcias Cama\\u00e7ari\"},{\"@type\":\"BreadcrumbList\",\"@id\":\"https:\\\/\\\/www.encontracamacari.com.br\\\/sobre\\\/2a-reuniao-da-comissao-especial-para-analise-das-contas-do-executivo-municipal\\\/#breadcrumblist\",\"itemListElement\":[{\"@type\":\"ListItem\",\"@id\":\"https:\\\/\\\/www.encontracamacari.com.br\\\/sobre#listItem\",\"position\":1,\"name\":\"Home\",\"item\":\"https:\\\/\\\/www.encontracamacari.com.br\\\/sobre\",\"nextItem\":{\"@type\":\"ListItem\",\"@id\":\"https:\\\/\\\/www.encontracamacari.com.br\\\/sobre\\\/noticias-em-camacari\\\/#listItem\",\"name\":\"Not\\u00edcias Cama\\u00e7ari\"}},{\"@type\":\"ListItem\",\"@id\":\"https:\\\/\\\/www.encontracamacari.com.br\\\/sobre\\\/noticias-em-camacari\\\/#listItem\",\"position\":2,\"name\":\"Not\\u00edcias Cama\\u00e7ari\",\"item\":\"https:\\\/\\\/www.encontracamacari.com.br\\\/sobre\\\/noticias-em-camacari\\\/\",\"nextItem\":{\"@type\":\"ListItem\",\"@id\":\"https:\\\/\\\/www.encontracamacari.com.br\\\/sobre\\\/2a-reuniao-da-comissao-especial-para-analise-das-contas-do-executivo-municipal\\\/#listItem\",\"name\":\"2\\u00aa Reuni\\u00e3o da Comiss\\u00e3o Especial para an\\u00e1lise das Contas do Executivo Municipal\"},\"previousItem\":{\"@type\":\"ListItem\",\"@id\":\"https:\\\/\\\/www.encontracamacari.com.br\\\/sobre#listItem\",\"name\":\"Home\"}},{\"@type\":\"ListItem\",\"@id\":\"https:\\\/\\\/www.encontracamacari.com.br\\\/sobre\\\/2a-reuniao-da-comissao-especial-para-analise-das-contas-do-executivo-municipal\\\/#listItem\",\"position\":3,\"name\":\"2\\u00aa Reuni\\u00e3o da Comiss\\u00e3o Especial para an\\u00e1lise das Contas do Executivo Municipal\",\"previousItem\":{\"@type\":\"ListItem\",\"@id\":\"https:\\\/\\\/www.encontracamacari.com.br\\\/sobre\\\/noticias-em-camacari\\\/#listItem\",\"name\":\"Not\\u00edcias Cama\\u00e7ari\"}}]},{\"@type\":\"Organization\",\"@id\":\"https:\\\/\\\/www.encontracamacari.com.br\\\/sobre\\\/#organization\",\"name\":\"Encontra Cama\\u00e7ari\",\"description\":\"Not\\u00edcias, eventos, informa\\u00e7\\u00f5es e dicas na cidade de Cama\\u00e7ari e regi\\u00e3o.\",\"url\":\"https:\\\/\\\/www.encontracamacari.com.br\\\/sobre\\\/\"},{\"@type\":\"Person\",\"@id\":\"https:\\\/\\\/www.encontracamacari.com.br\\\/sobre\\\/author\\\/ecamacari\\\/#author\",\"url\":\"https:\\\/\\\/www.encontracamacari.com.br\\\/sobre\\\/author\\\/ecamacari\\\/\",\"name\":\"Encontra Cama\\u00e7ari\",\"image\":{\"@type\":\"ImageObject\",\"@id\":\"https:\\\/\\\/www.encontracamacari.com.br\\\/sobre\\\/2a-reuniao-da-comissao-especial-para-analise-das-contas-do-executivo-municipal\\\/#authorImage\",\"url\":\"https:\\\/\\\/secure.gravatar.com\\\/avatar\\\/507340682b8270222e1f208e23198b6ae7e2c6a1033ae84e99bc6bce4f82a387?s=96&d=mm&r=g\",\"width\":96,\"height\":96,\"caption\":\"Encontra Cama\\u00e7ari\"}},{\"@type\":\"WebPage\",\"@id\":\"https:\\\/\\\/www.encontracamacari.com.br\\\/sobre\\\/2a-reuniao-da-comissao-especial-para-analise-das-contas-do-executivo-municipal\\\/#webpage\",\"url\":\"https:\\\/\\\/www.encontracamacari.com.br\\\/sobre\\\/2a-reuniao-da-comissao-especial-para-analise-das-contas-do-executivo-municipal\\\/\",\"name\":\"2\\u00aa Reuni\\u00e3o da Comiss\\u00e3o Especial para an\\u00e1lise das Contas do Executivo Municipal - Encontra Cama\\u00e7ari\",\"description\":\"2\\u00aa Reuni\\u00e3o da Comiss\\u00e3o Especial para an\\u00e1lise das Contas do Executivo Municipal de 2024.\",\"inLanguage\":\"pt-BR\",\"isPartOf\":{\"@id\":\"https:\\\/\\\/www.encontracamacari.com.br\\\/sobre\\\/#website\"},\"breadcrumb\":{\"@id\":\"https:\\\/\\\/www.encontracamacari.com.br\\\/sobre\\\/2a-reuniao-da-comissao-especial-para-analise-das-contas-do-executivo-municipal\\\/#breadcrumblist\"},\"author\":{\"@id\":\"https:\\\/\\\/www.encontracamacari.com.br\\\/sobre\\\/author\\\/ecamacari\\\/#author\"},\"creator\":{\"@id\":\"https:\\\/\\\/www.encontracamacari.com.br\\\/sobre\\\/author\\\/ecamacari\\\/#author\"},\"image\":{\"@type\":\"ImageObject\",\"url\":\"https:\\\/\\\/www.encontracamacari.com.br\\\/sobre\\\/wp-content\\\/uploads\\\/2026\\\/06\\\/2-reuniao-da-comissao-especial-para-analise-das-contas-do-executivo-municipal.webp\",\"@id\":\"https:\\\/\\\/www.encontracamacari.com.br\\\/sobre\\\/2a-reuniao-da-comissao-especial-para-analise-das-contas-do-executivo-municipal\\\/#mainImage\",\"width\":280,\"height\":280,\"caption\":\"2\\u00aa Reuni\\u00e3o da Comiss\\u00e3o Especial\"},\"primaryImageOfPage\":{\"@id\":\"https:\\\/\\\/www.encontracamacari.com.br\\\/sobre\\\/2a-reuniao-da-comissao-especial-para-analise-das-contas-do-executivo-municipal\\\/#mainImage\"},\"datePublished\":\"2026-06-10T06:05:02+00:00\",\"dateModified\":\"2026-06-10T06:05:02+00:00\"},{\"@type\":\"WebSite\",\"@id\":\"https:\\\/\\\/www.encontracamacari.com.br\\\/sobre\\\/#website\",\"url\":\"https:\\\/\\\/www.encontracamacari.com.br\\\/sobre\\\/\",\"name\":\"Encontra Cama\\u00e7ari\",\"description\":\"Not\\u00edcias, eventos, informa\\u00e7\\u00f5es e dicas na cidade de Cama\\u00e7ari e regi\\u00e3o.\",\"inLanguage\":\"pt-BR\",\"publisher\":{\"@id\":\"https:\\\/\\\/www.encontracamacari.com.br\\\/sobre\\\/#organization\"}}]}\n\t\t<\/script>\n\t\t<!-- All in One SEO -->\n\n","aioseo_head_json":{"title":"2\u00aa Reuni\u00e3o da Comiss\u00e3o Especial para an\u00e1lise das Contas do Executivo Municipal - Encontra Cama\u00e7ari","description":"2\u00aa Reuni\u00e3o da Comiss\u00e3o Especial para an\u00e1lise das Contas do Executivo Municipal de 2024.","canonical_url":"https:\/\/www.encontracamacari.com.br\/sobre\/2a-reuniao-da-comissao-especial-para-analise-das-contas-do-executivo-municipal\/","robots":"max-image-preview:large","keywords":"","webmasterTools":{"miscellaneous":""},"schema":{"@context":"https:\/\/schema.org","@graph":[{"@type":"BlogPosting","@id":"https:\/\/www.encontracamacari.com.br\/sobre\/2a-reuniao-da-comissao-especial-para-analise-das-contas-do-executivo-municipal\/#blogposting","name":"2\u00aa Reuni\u00e3o da Comiss\u00e3o Especial para an\u00e1lise das Contas do Executivo Municipal - Encontra Cama\u00e7ari","headline":"2\u00aa Reuni\u00e3o da Comiss\u00e3o Especial para an\u00e1lise das Contas do Executivo Municipal","author":{"@id":"https:\/\/www.encontracamacari.com.br\/sobre\/author\/ecamacari\/#author"},"publisher":{"@id":"https:\/\/www.encontracamacari.com.br\/sobre\/#organization"},"image":{"@type":"ImageObject","url":"https:\/\/www.encontracamacari.com.br\/sobre\/wp-content\/uploads\/2026\/06\/2-reuniao-da-comissao-especial-para-analise-das-contas-do-executivo-municipal.webp","width":280,"height":280,"caption":"2\u00aa Reuni\u00e3o da Comiss\u00e3o Especial"},"datePublished":"2026-06-10T06:05:02+00:00","dateModified":"2026-06-10T06:05:02+00:00","inLanguage":"pt-BR","mainEntityOfPage":{"@id":"https:\/\/www.encontracamacari.com.br\/sobre\/2a-reuniao-da-comissao-especial-para-analise-das-contas-do-executivo-municipal\/#webpage"},"isPartOf":{"@id":"https:\/\/www.encontracamacari.com.br\/sobre\/2a-reuniao-da-comissao-especial-para-analise-das-contas-do-executivo-municipal\/#webpage"},"articleSection":"Not\u00edcias Cama\u00e7ari"},{"@type":"BreadcrumbList","@id":"https:\/\/www.encontracamacari.com.br\/sobre\/2a-reuniao-da-comissao-especial-para-analise-das-contas-do-executivo-municipal\/#breadcrumblist","itemListElement":[{"@type":"ListItem","@id":"https:\/\/www.encontracamacari.com.br\/sobre#listItem","position":1,"name":"Home","item":"https:\/\/www.encontracamacari.com.br\/sobre","nextItem":{"@type":"ListItem","@id":"https:\/\/www.encontracamacari.com.br\/sobre\/noticias-em-camacari\/#listItem","name":"Not\u00edcias Cama\u00e7ari"}},{"@type":"ListItem","@id":"https:\/\/www.encontracamacari.com.br\/sobre\/noticias-em-camacari\/#listItem","position":2,"name":"Not\u00edcias Cama\u00e7ari","item":"https:\/\/www.encontracamacari.com.br\/sobre\/noticias-em-camacari\/","nextItem":{"@type":"ListItem","@id":"https:\/\/www.encontracamacari.com.br\/sobre\/2a-reuniao-da-comissao-especial-para-analise-das-contas-do-executivo-municipal\/#listItem","name":"2\u00aa Reuni\u00e3o da Comiss\u00e3o Especial para an\u00e1lise das Contas do Executivo Municipal"},"previousItem":{"@type":"ListItem","@id":"https:\/\/www.encontracamacari.com.br\/sobre#listItem","name":"Home"}},{"@type":"ListItem","@id":"https:\/\/www.encontracamacari.com.br\/sobre\/2a-reuniao-da-comissao-especial-para-analise-das-contas-do-executivo-municipal\/#listItem","position":3,"name":"2\u00aa Reuni\u00e3o da Comiss\u00e3o Especial para an\u00e1lise das Contas do Executivo Municipal","previousItem":{"@type":"ListItem","@id":"https:\/\/www.encontracamacari.com.br\/sobre\/noticias-em-camacari\/#listItem","name":"Not\u00edcias Cama\u00e7ari"}}]},{"@type":"Organization","@id":"https:\/\/www.encontracamacari.com.br\/sobre\/#organization","name":"Encontra Cama\u00e7ari","description":"Not\u00edcias, eventos, informa\u00e7\u00f5es e dicas na cidade de Cama\u00e7ari e regi\u00e3o.","url":"https:\/\/www.encontracamacari.com.br\/sobre\/"},{"@type":"Person","@id":"https:\/\/www.encontracamacari.com.br\/sobre\/author\/ecamacari\/#author","url":"https:\/\/www.encontracamacari.com.br\/sobre\/author\/ecamacari\/","name":"Encontra Cama\u00e7ari","image":{"@type":"ImageObject","@id":"https:\/\/www.encontracamacari.com.br\/sobre\/2a-reuniao-da-comissao-especial-para-analise-das-contas-do-executivo-municipal\/#authorImage","url":"https:\/\/secure.gravatar.com\/avatar\/507340682b8270222e1f208e23198b6ae7e2c6a1033ae84e99bc6bce4f82a387?s=96&d=mm&r=g","width":96,"height":96,"caption":"Encontra Cama\u00e7ari"}},{"@type":"WebPage","@id":"https:\/\/www.encontracamacari.com.br\/sobre\/2a-reuniao-da-comissao-especial-para-analise-das-contas-do-executivo-municipal\/#webpage","url":"https:\/\/www.encontracamacari.com.br\/sobre\/2a-reuniao-da-comissao-especial-para-analise-das-contas-do-executivo-municipal\/","name":"2\u00aa Reuni\u00e3o da Comiss\u00e3o Especial para an\u00e1lise das Contas do Executivo Municipal - Encontra Cama\u00e7ari","description":"2\u00aa Reuni\u00e3o da Comiss\u00e3o Especial para an\u00e1lise das Contas do Executivo Municipal de 2024.","inLanguage":"pt-BR","isPartOf":{"@id":"https:\/\/www.encontracamacari.com.br\/sobre\/#website"},"breadcrumb":{"@id":"https:\/\/www.encontracamacari.com.br\/sobre\/2a-reuniao-da-comissao-especial-para-analise-das-contas-do-executivo-municipal\/#breadcrumblist"},"author":{"@id":"https:\/\/www.encontracamacari.com.br\/sobre\/author\/ecamacari\/#author"},"creator":{"@id":"https:\/\/www.encontracamacari.com.br\/sobre\/author\/ecamacari\/#author"},"image":{"@type":"ImageObject","url":"https:\/\/www.encontracamacari.com.br\/sobre\/wp-content\/uploads\/2026\/06\/2-reuniao-da-comissao-especial-para-analise-das-contas-do-executivo-municipal.webp","@id":"https:\/\/www.encontracamacari.com.br\/sobre\/2a-reuniao-da-comissao-especial-para-analise-das-contas-do-executivo-municipal\/#mainImage","width":280,"height":280,"caption":"2\u00aa Reuni\u00e3o da Comiss\u00e3o Especial"},"primaryImageOfPage":{"@id":"https:\/\/www.encontracamacari.com.br\/sobre\/2a-reuniao-da-comissao-especial-para-analise-das-contas-do-executivo-municipal\/#mainImage"},"datePublished":"2026-06-10T06:05:02+00:00","dateModified":"2026-06-10T06:05:02+00:00"},{"@type":"WebSite","@id":"https:\/\/www.encontracamacari.com.br\/sobre\/#website","url":"https:\/\/www.encontracamacari.com.br\/sobre\/","name":"Encontra Cama\u00e7ari","description":"Not\u00edcias, eventos, informa\u00e7\u00f5es e dicas na cidade de Cama\u00e7ari e regi\u00e3o.","inLanguage":"pt-BR","publisher":{"@id":"https:\/\/www.encontracamacari.com.br\/sobre\/#organization"}}]},"og:locale":"pt_BR","og:site_name":"Encontra Cama\u00e7ari - Not\u00edcias, eventos, informa\u00e7\u00f5es e dicas na cidade de Cama\u00e7ari e regi\u00e3o.","og:type":"article","og:title":"2\u00aa Reuni\u00e3o da Comiss\u00e3o Especial para an\u00e1lise das Contas do Executivo Municipal - Encontra Cama\u00e7ari","og:description":"2\u00aa Reuni\u00e3o da Comiss\u00e3o Especial para an\u00e1lise das Contas do Executivo Municipal de 2024.","og:url":"https:\/\/www.encontracamacari.com.br\/sobre\/2a-reuniao-da-comissao-especial-para-analise-das-contas-do-executivo-municipal\/","article:published_time":"2026-06-10T06:05:02+00:00","article:modified_time":"2026-06-10T06:05:02+00:00","twitter:card":"summary_large_image","twitter:title":"2\u00aa Reuni\u00e3o da Comiss\u00e3o Especial para an\u00e1lise das Contas do Executivo Municipal - Encontra Cama\u00e7ari","twitter:description":"2\u00aa Reuni\u00e3o da Comiss\u00e3o Especial para an\u00e1lise das Contas do Executivo Municipal de 2024."},"aioseo_meta_data":{"post_id":"1173","title":null,"description":null,"keywords":null,"keyphrases":null,"primary_term":null,"canonical_url":null,"og_title":null,"og_description":null,"og_object_type":"default","og_image_type":"default","og_image_url":null,"og_image_width":null,"og_image_height":null,"og_image_custom_url":null,"og_image_custom_fields":null,"og_video":null,"og_custom_url":null,"og_article_section":null,"og_article_tags":null,"twitter_use_og":false,"twitter_card":"default","twitter_image_type":"default","twitter_image_url":null,"twitter_image_custom_url":null,"twitter_image_custom_fields":null,"twitter_title":null,"twitter_description":null,"schema":{"blockGraphs":[],"customGraphs":[],"default":{"data":{"Article":[],"Course":[],"Dataset":[],"FAQPage":[],"Movie":[],"Person":[],"Product":[],"ProductReview":[],"Car":[],"Recipe":[],"Service":[],"SoftwareApplication":[],"WebPage":[]},"graphName":"BlogPosting","isEnabled":true},"graphs":[]},"schema_type":"default","schema_type_options":null,"pillar_content":false,"robots_default":true,"robots_noindex":false,"robots_noarchive":false,"robots_nosnippet":false,"robots_nofollow":false,"robots_noimageindex":false,"robots_noodp":false,"robots_notranslate":false,"robots_max_snippet":null,"robots_max_videopreview":null,"robots_max_imagepreview":"large","priority":null,"frequency":null,"local_seo":null,"limit_modified_date":false,"created":"2026-06-10 06:05:05","updated":"2026-08-06 03:24:01","focus_keyword":null,"additional_keywords":null,"truseo_locale":null,"ai":null,"breadcrumb_settings":null,"seo_analyzer_scan_date":null},"aioseo_breadcrumb":"<div class=\"aioseo-breadcrumbs\"><span class=\"aioseo-breadcrumb\">\n\t\t\t<a href=\"https:\/\/www.encontracamacari.com.br\/sobre\" title=\"Home\">Home<\/a>\n\t\t<\/span><span class=\"aioseo-breadcrumb-separator\">&raquo;<\/span><span class=\"aioseo-breadcrumb\">\n\t\t\t<a href=\"https:\/\/www.encontracamacari.com.br\/sobre\/noticias-em-camacari\/\" title=\"Not\u00edcias Cama\u00e7ari\">Not\u00edcias Cama\u00e7ari<\/a>\n\t\t<\/span><span class=\"aioseo-breadcrumb-separator\">&raquo;<\/span><span class=\"aioseo-breadcrumb\">\n\t\t\t2\u00aa Reuni\u00e3o da Comiss\u00e3o Especial para an\u00e1lise das Contas do Executivo Municipal\n\t\t<\/span><\/div>","aioseo_breadcrumb_json":[{"label":"Home","link":"https:\/\/www.encontracamacari.com.br\/sobre"},{"label":"Not\u00edcias Cama\u00e7ari","link":"https:\/\/www.encontracamacari.com.br\/sobre\/noticias-em-camacari\/"},{"label":"2\u00aa Reuni\u00e3o da Comiss\u00e3o Especial para an\u00e1lise das Contas do Executivo Municipal","link":"https:\/\/www.encontracamacari.com.br\/sobre\/2a-reuniao-da-comissao-especial-para-analise-das-contas-do-executivo-municipal\/"}],"_links":{"self":[{"href":"https:\/\/www.encontracamacari.com.br\/sobre\/wp-json\/wp\/v2\/posts\/1173","targetHints":{"allow":["GET"]}}],"collection":[{"href":"https:\/\/www.encontracamacari.com.br\/sobre\/wp-json\/wp\/v2\/posts"}],"about":[{"href":"https:\/\/www.encontracamacari.com.br\/sobre\/wp-json\/wp\/v2\/types\/post"}],"author":[{"embeddable":true,"href":"https:\/\/www.encontracamacari.com.br\/sobre\/wp-json\/wp\/v2\/users\/1"}],"replies":[{"embeddable":true,"href":"https:\/\/www.encontracamacari.com.br\/sobre\/wp-json\/wp\/v2\/comments?post=1173"}],"version-history":[{"count":0,"href":"https:\/\/www.encontracamacari.com.br\/sobre\/wp-json\/wp\/v2\/posts\/1173\/revisions"}],"wp:featuredmedia":[{"embeddable":true,"href":"https:\/\/www.encontracamacari.com.br\/sobre\/wp-json\/wp\/v2\/media\/1172"}],"wp:attachment":[{"href":"https:\/\/www.encontracamacari.com.br\/sobre\/wp-json\/wp\/v2\/media?parent=1173"}],"wp:term":[{"taxonomy":"category","embeddable":true,"href":"https:\/\/www.encontracamacari.com.br\/sobre\/wp-json\/wp\/v2\/categories?post=1173"},{"taxonomy":"post_tag","embeddable":true,"href":"https:\/\/www.encontracamacari.com.br\/sobre\/wp-json\/wp\/v2\/tags?post=1173"}],"curies":[{"name":"wp","href":"https:\/\/api.w.org\/{rel}","templated":true}]}}