{"id":1124,"date":"2026-05-29T06:02:30","date_gmt":"2026-05-29T06:02:30","guid":{"rendered":"https:\/\/www.encontracamacari.com.br\/sobre\/encontro-da-periferia-brasileira-de-letras-acontece-em-camacari\/"},"modified":"2026-05-29T06:02:30","modified_gmt":"2026-05-29T06:02:30","slug":"encontro-da-periferia-brasileira-de-letras-acontece-em-camacari","status":"publish","type":"post","link":"https:\/\/www.encontracamacari.com.br\/sobre\/encontro-da-periferia-brasileira-de-letras-acontece-em-camacari\/","title":{"rendered":"Encontro da Periferia Brasileira de Letras acontece em Cama\u00e7ari"},"content":{"rendered":"<div class=\"2410bb7248a64bb1f71103797e0f239b\" data-index=\"1\" style=\"float: none; margin:0px;\">\n<ins class=\"adsbygoogle\"\r\n     style=\"display:block\"\r\n     data-ad-client=\"ca-pub-8585364105181520\"\r\n     data-ad-slot=\"8789329856\"\r\n     data-ad-format=\"auto\"\r\n     data-full-width-responsive=\"true\"><\/ins>\r\n<script>\r\n     (adsbygoogle = window.adsbygoogle || []).push({});\r\n<\/script>\n<\/div>\n<h2>Literatura Perif\u00e9rica e Transforma\u00e7\u00e3o Social<\/h2>\n<p>O <strong>2\u00ba Encontro Estadual da Periferia Brasileira de Letras<\/strong> em Cama\u00e7ari surge como uma importante plataforma para dialogar sobre a literatura que emerge das periferias, a cultura popular e seu potencial de transforma\u00e7\u00e3o social. Este evento, agendado para 30 de maio de 2026, prop\u00f5e uma profunda investiga\u00e7\u00e3o sobre como a literatura pode servir como um motor de mudan\u00e7a nas comunidades marginalizadas, refletindo sobre as viv\u00eancias e os desafios enfrentados por esses grupos.<\/p>\n<h2>O Papel da Cultura Popular no Encontro<\/h2>\n<p>Atrav\u00e9s da reuni\u00e3o de coletivos liter\u00e1rios, artistas, e representantes do poder p\u00fablico, o encontro busca enfatizar a import\u00e2ncia da cultura popular. Os participantes se re\u00fanem para discutir como a arte, a literatura e a poesia podem atuar como ve\u00edculos de resist\u00eancia e empoderamento. A escolha do tema &#8220;Livro, Literatura, Antirracismo e Direitos Humanos&#8221; evidencia a interconex\u00e3o entre a produ\u00e7\u00e3o cultural e as lutas sociais, promovendo uma reflex\u00e3o sobre a identidade e a cidadania.<\/p>\n<h2>Identidade e Cidadania nas Palavras<\/h2>\n<p>A literatura perif\u00e9rica, ao articular as vozes dos marginalizados, contribui para a reivindica\u00e7\u00e3o de identidade e cidadania. Ao longo do encontro ser\u00e3o abordados temas relacionados \u00e0 representa\u00e7\u00e3o e \u00e0 valoriza\u00e7\u00e3o da cultura nas periferias. Os textos produzidos por esses autores s\u00e3o reflexos de suas hist\u00f3rias, lutas e aspira\u00e7\u00f5es, e o evento serve para amplificar essas vozes, promovendo uma maior inclus\u00e3o social e cultural.<\/p>\n<p><img decoding=\"async\" src=\"https:\/\/www.encontracamacari.com.br\/sobre\/wp-content\/uploads\/2026\/05\/encontro-da-periferia-brasileira-de-letras-acontece-em-camacari.webp\" alt=\"Encontro da Periferia Brasileira de Letras\" loading=\"lazy\" \/><\/p>\n<h2>Programa\u00e7\u00e3o do Evento em Cama\u00e7ari<\/h2>\n<p>O evento acontecer\u00e1 em duas localiza\u00e7\u00f5es distintas, com uma programa\u00e7\u00e3o variada que abrange oficinas, apresenta\u00e7\u00f5es culturais e mesas de debate. Na sede do <strong>Coletivo Bahia Pela Paz<\/strong>, a programa\u00e7\u00e3o matutina incluir\u00e1 uma oficina de poesia perform\u00e1tica e um sarau, enquanto \u00e0 tarde o <strong>Col\u00e9gio Estadual de Tempo Integral Gon\u00e7alo Muniz<\/strong> acolher\u00e1 palestras e trocas de experi\u00eancias, criando um espa\u00e7o de di\u00e1logo entre os participantes.<\/p>\n<h2>Artistas e Coletivos em Destaque<\/h2>\n<p>Durante o encontro, v\u00e1rias personalidades da literatura e da cultura ser\u00e3o homenageadas, contribuindo para uma rede de troca e reconhecimento entre os participantes. Esta intera\u00e7\u00e3o n\u00e3o apenas enriquece a experi\u00eancia de todos, mas tamb\u00e9m brinda a oportunidade de novos projetos colaborativos. O destaque ser\u00e1 a apresenta\u00e7\u00e3o da pesquisa &#8220;Coletivos Liter\u00e1rios nas Periferias Brasileiras: um retrato&#8221;, que servir\u00e1 para construir pol\u00edticas p\u00fablicas mais eficazes para a cultura.<\/p><div class=\"2410bb7248a64bb1f71103797e0f239b\" data-index=\"2\" style=\"float: none; margin:0px;\">\n<ins class=\"adsbygoogle\"\r\n     style=\"display:block; text-align:center;\"\r\n     data-ad-layout=\"in-article\"\r\n     data-ad-format=\"fluid\"\r\n     data-ad-client=\"ca-pub-8585364105181520\"\r\n     data-ad-slot=\"2899217073\"><\/ins>\r\n<script>\r\n     (adsbygoogle = window.adsbygoogle || []).push({});\r\n<\/script>\r\n\r\n<\/br><\/br>\n<\/div>\n\n<h2>Oficinas e Debates no Encontro<\/h2>\n<p>As oficinas promovidas durante o evento ser\u00e3o fundamentais para a forma\u00e7\u00e3o dos participantes, abrangendo diversos aspectos da literatura e da cultura. As discuss\u00f5es ter\u00e3o como objetivo explorar a interse\u00e7\u00e3o entre literatura, arte e direitos humanos, al\u00e9m de abordar a necessidade de pol\u00edticas p\u00fablicas que garantam o acesso \u00e0 leitura e \u00e0 produ\u00e7\u00e3o liter\u00e1ria nas comunidades perif\u00e9ricas.<\/p>\n<h2>A Import\u00e2ncia do Antirracismo na Literatura<\/h2>\n<p>Um dos focos do encontro \u00e9 a promo\u00e7\u00e3o do antirracismo por meio da literatura. A literatura perif\u00e9rica se destaca por trazer \u00e0 tona quest\u00f5es relacionadas ao racismo estrutural e \u00e0 desigualdade social, desafiando estere\u00f3tipos e preconceitos. Ao incentivar a reflex\u00e3o sobre a import\u00e2ncia de uma narrativa plural, o evento visa criar um espa\u00e7o onde todas as vozes possam ser ouvidas e respeitadas.<\/p>\n<h2>Reflex\u00f5es sobre Direitos Humanos<\/h2>\n<p>O encontro tamb\u00e9m busca fomentar discuss\u00f5es sobre direitos humanos, promovendo uma conscientiza\u00e7\u00e3o cr\u00edtica entre os participantes. A rela\u00e7\u00e3o entre literatura e direitos humanos \u00e9 essencial, pois textos que abordam injusti\u00e7as sociais e desigualdades criam um espa\u00e7o para que hist\u00f3rias de resist\u00eancia sejam divulgadas. Essa discuss\u00e3o \u00e9 vital para garantir que as experi\u00eancias da periferia sejam reconhecidas e valorizadas.<\/p>\n<h2>Como Participar do Encontro<\/h2>\n<p>O <strong>2\u00ba Encontro Estadual da Periferia Brasileira de Letras<\/strong> em Cama\u00e7ari \u00e9 gratuito e aberto ao p\u00fablico, garantindo que todos tenham a oportunidade de participar e contribuir para as discuss\u00f5es. Os interessados podem se inscrever previamente para participar das oficinas, que possuem vagas limitadas, al\u00e9m de garantir presen\u00e7a nas atividades programadas ao longo do dia.<\/p>\n<h2>O Futuro da Literatura nas Periferias<\/h2>\n<p>O futuro da literatura nas periferias depende da continuidade de iniciativas como o Encontro da Periferia Brasileira de Letras. Atrav\u00e9s da articula\u00e7\u00e3o entre coletivos e a promo\u00e7\u00e3o de pol\u00edticas culturais, \u00e9 poss\u00edvel criar um ambiente onde a literatura n\u00e3o s\u00f3 reflita a realidade das periferias, mas tamb\u00e9m contribua para a sua transforma\u00e7\u00e3o. \u00c9 fundamental que esse di\u00e1logo se mantenha ativo, com novas edi\u00e7\u00f5es do encontro e um envolvimento constante entre as comunidades e o poder p\u00fablico, reafirmando a palavra como um instrumento potente de mudan\u00e7a social.<\/p>\n<div class=\"2410bb7248a64bb1f71103797e0f239b\" data-index=\"3\" style=\"float: none; margin:0px;\">\n<\/br><\/br>\r\n\r\n<ins class=\"adsbygoogle\"\r\n     style=\"display:block\"\r\n     data-ad-format=\"fluid\"\r\n     data-ad-layout-key=\"-63+do+n-1s+9e\"\r\n     data-ad-client=\"ca-pub-8585364105181520\"\r\n     data-ad-slot=\"6838462089\"><\/ins>\r\n<script>\r\n     (adsbygoogle = window.adsbygoogle || []).push({});\r\n<\/script>\n<\/div>\n\n<div style=\"font-size: 0px; height: 0px; line-height: 0px; margin: 0; padding: 0; clear: both;\"><\/div>","protected":false},"excerpt":{"rendered":"<p>Encontro da Periferia Brasileira de Letras traz cultura e arte para Cama\u00e7ari.<\/p>\n","protected":false},"author":1,"featured_media":1123,"comment_status":"open","ping_status":"closed","sticky":false,"template":"","format":"standard","meta":{"footnotes":""},"categories":[1],"tags":[],"class_list":["post-1124","post","type-post","status-publish","format-standard","has-post-thumbnail","hentry","category-noticias-em-camacari","has_thumb"],"aioseo_notices":[],"aioseo_head":"\n\t\t<!-- All in One SEO 5.0.0.1 - aioseo.com -->\n\t<meta name=\"description\" content=\"Encontro da Periferia Brasileira de Letras traz cultura e arte para Cama\u00e7ari.\" \/>\n\t<meta name=\"robots\" content=\"max-image-preview:large\" \/>\n\t<meta name=\"author\" content=\"Encontra Cama\u00e7ari\"\/>\n\t<link rel=\"canonical\" href=\"https:\/\/www.encontracamacari.com.br\/sobre\/encontro-da-periferia-brasileira-de-letras-acontece-em-camacari\/\" \/>\n\t<meta name=\"generator\" content=\"All in One SEO (AIOSEO) 5.0.0.1\" \/>\n\t\t<meta property=\"og:locale\" content=\"pt_BR\" \/>\n\t\t<meta property=\"og:site_name\" content=\"Encontra Cama\u00e7ari - Not\u00edcias, eventos, informa\u00e7\u00f5es e dicas na cidade de Cama\u00e7ari e regi\u00e3o.\" \/>\n\t\t<meta property=\"og:type\" content=\"article\" \/>\n\t\t<meta property=\"og:title\" content=\"Encontro da Periferia Brasileira de Letras acontece em Cama\u00e7ari - Encontra Cama\u00e7ari\" \/>\n\t\t<meta property=\"og:description\" content=\"Encontro da Periferia Brasileira de Letras traz cultura e arte para Cama\u00e7ari.\" \/>\n\t\t<meta property=\"og:url\" content=\"https:\/\/www.encontracamacari.com.br\/sobre\/encontro-da-periferia-brasileira-de-letras-acontece-em-camacari\/\" \/>\n\t\t<meta property=\"article:published_time\" content=\"2026-05-29T06:02:30+00:00\" \/>\n\t\t<meta property=\"article:modified_time\" content=\"2026-05-29T06:02:30+00:00\" \/>\n\t\t<meta name=\"twitter:card\" content=\"summary_large_image\" \/>\n\t\t<meta name=\"twitter:title\" content=\"Encontro da Periferia Brasileira de Letras acontece em Cama\u00e7ari - Encontra Cama\u00e7ari\" \/>\n\t\t<meta name=\"twitter:description\" content=\"Encontro da Periferia Brasileira de Letras traz cultura e arte para Cama\u00e7ari.\" \/>\n\t\t<script type=\"application\/ld+json\" class=\"aioseo-schema\">\n\t\t\t{\"@context\":\"https:\\\/\\\/schema.org\",\"@graph\":[{\"@type\":\"BlogPosting\",\"@id\":\"https:\\\/\\\/www.encontracamacari.com.br\\\/sobre\\\/encontro-da-periferia-brasileira-de-letras-acontece-em-camacari\\\/#blogposting\",\"name\":\"Encontro da Periferia Brasileira de Letras acontece em Cama\\u00e7ari - Encontra Cama\\u00e7ari\",\"headline\":\"Encontro da Periferia Brasileira de Letras acontece em Cama\\u00e7ari\",\"author\":{\"@id\":\"https:\\\/\\\/www.encontracamacari.com.br\\\/sobre\\\/author\\\/ecamacari\\\/#author\"},\"publisher\":{\"@id\":\"https:\\\/\\\/www.encontracamacari.com.br\\\/sobre\\\/#organization\"},\"image\":{\"@type\":\"ImageObject\",\"url\":\"https:\\\/\\\/www.encontracamacari.com.br\\\/sobre\\\/wp-content\\\/uploads\\\/2026\\\/05\\\/encontro-da-periferia-brasileira-de-letras-acontece-em-camacari.webp\",\"width\":280,\"height\":280,\"caption\":\"Encontro da Periferia Brasileira de Letras\"},\"datePublished\":\"2026-05-29T06:02:30+00:00\",\"dateModified\":\"2026-05-29T06:02:30+00:00\",\"inLanguage\":\"pt-BR\",\"mainEntityOfPage\":{\"@id\":\"https:\\\/\\\/www.encontracamacari.com.br\\\/sobre\\\/encontro-da-periferia-brasileira-de-letras-acontece-em-camacari\\\/#webpage\"},\"isPartOf\":{\"@id\":\"https:\\\/\\\/www.encontracamacari.com.br\\\/sobre\\\/encontro-da-periferia-brasileira-de-letras-acontece-em-camacari\\\/#webpage\"},\"articleSection\":\"Not\\u00edcias Cama\\u00e7ari\"},{\"@type\":\"BreadcrumbList\",\"@id\":\"https:\\\/\\\/www.encontracamacari.com.br\\\/sobre\\\/encontro-da-periferia-brasileira-de-letras-acontece-em-camacari\\\/#breadcrumblist\",\"itemListElement\":[{\"@type\":\"ListItem\",\"@id\":\"https:\\\/\\\/www.encontracamacari.com.br\\\/sobre#listItem\",\"position\":1,\"name\":\"Home\",\"item\":\"https:\\\/\\\/www.encontracamacari.com.br\\\/sobre\",\"nextItem\":{\"@type\":\"ListItem\",\"@id\":\"https:\\\/\\\/www.encontracamacari.com.br\\\/sobre\\\/noticias-em-camacari\\\/#listItem\",\"name\":\"Not\\u00edcias Cama\\u00e7ari\"}},{\"@type\":\"ListItem\",\"@id\":\"https:\\\/\\\/www.encontracamacari.com.br\\\/sobre\\\/noticias-em-camacari\\\/#listItem\",\"position\":2,\"name\":\"Not\\u00edcias Cama\\u00e7ari\",\"item\":\"https:\\\/\\\/www.encontracamacari.com.br\\\/sobre\\\/noticias-em-camacari\\\/\",\"nextItem\":{\"@type\":\"ListItem\",\"@id\":\"https:\\\/\\\/www.encontracamacari.com.br\\\/sobre\\\/encontro-da-periferia-brasileira-de-letras-acontece-em-camacari\\\/#listItem\",\"name\":\"Encontro da Periferia Brasileira de Letras acontece em Cama\\u00e7ari\"},\"previousItem\":{\"@type\":\"ListItem\",\"@id\":\"https:\\\/\\\/www.encontracamacari.com.br\\\/sobre#listItem\",\"name\":\"Home\"}},{\"@type\":\"ListItem\",\"@id\":\"https:\\\/\\\/www.encontracamacari.com.br\\\/sobre\\\/encontro-da-periferia-brasileira-de-letras-acontece-em-camacari\\\/#listItem\",\"position\":3,\"name\":\"Encontro da Periferia Brasileira de Letras acontece em Cama\\u00e7ari\",\"previousItem\":{\"@type\":\"ListItem\",\"@id\":\"https:\\\/\\\/www.encontracamacari.com.br\\\/sobre\\\/noticias-em-camacari\\\/#listItem\",\"name\":\"Not\\u00edcias Cama\\u00e7ari\"}}]},{\"@type\":\"Organization\",\"@id\":\"https:\\\/\\\/www.encontracamacari.com.br\\\/sobre\\\/#organization\",\"name\":\"Encontra Cama\\u00e7ari\",\"description\":\"Not\\u00edcias, eventos, informa\\u00e7\\u00f5es e dicas na cidade de Cama\\u00e7ari e regi\\u00e3o.\",\"url\":\"https:\\\/\\\/www.encontracamacari.com.br\\\/sobre\\\/\"},{\"@type\":\"Person\",\"@id\":\"https:\\\/\\\/www.encontracamacari.com.br\\\/sobre\\\/author\\\/ecamacari\\\/#author\",\"url\":\"https:\\\/\\\/www.encontracamacari.com.br\\\/sobre\\\/author\\\/ecamacari\\\/\",\"name\":\"Encontra Cama\\u00e7ari\",\"image\":{\"@type\":\"ImageObject\",\"@id\":\"https:\\\/\\\/www.encontracamacari.com.br\\\/sobre\\\/encontro-da-periferia-brasileira-de-letras-acontece-em-camacari\\\/#authorImage\",\"url\":\"https:\\\/\\\/secure.gravatar.com\\\/avatar\\\/507340682b8270222e1f208e23198b6ae7e2c6a1033ae84e99bc6bce4f82a387?s=96&d=mm&r=g\",\"width\":96,\"height\":96,\"caption\":\"Encontra Cama\\u00e7ari\"}},{\"@type\":\"WebPage\",\"@id\":\"https:\\\/\\\/www.encontracamacari.com.br\\\/sobre\\\/encontro-da-periferia-brasileira-de-letras-acontece-em-camacari\\\/#webpage\",\"url\":\"https:\\\/\\\/www.encontracamacari.com.br\\\/sobre\\\/encontro-da-periferia-brasileira-de-letras-acontece-em-camacari\\\/\",\"name\":\"Encontro da Periferia Brasileira de Letras acontece em Cama\\u00e7ari - Encontra Cama\\u00e7ari\",\"description\":\"Encontro da Periferia Brasileira de Letras traz cultura e arte para Cama\\u00e7ari.\",\"inLanguage\":\"pt-BR\",\"isPartOf\":{\"@id\":\"https:\\\/\\\/www.encontracamacari.com.br\\\/sobre\\\/#website\"},\"breadcrumb\":{\"@id\":\"https:\\\/\\\/www.encontracamacari.com.br\\\/sobre\\\/encontro-da-periferia-brasileira-de-letras-acontece-em-camacari\\\/#breadcrumblist\"},\"author\":{\"@id\":\"https:\\\/\\\/www.encontracamacari.com.br\\\/sobre\\\/author\\\/ecamacari\\\/#author\"},\"creator\":{\"@id\":\"https:\\\/\\\/www.encontracamacari.com.br\\\/sobre\\\/author\\\/ecamacari\\\/#author\"},\"image\":{\"@type\":\"ImageObject\",\"url\":\"https:\\\/\\\/www.encontracamacari.com.br\\\/sobre\\\/wp-content\\\/uploads\\\/2026\\\/05\\\/encontro-da-periferia-brasileira-de-letras-acontece-em-camacari.webp\",\"@id\":\"https:\\\/\\\/www.encontracamacari.com.br\\\/sobre\\\/encontro-da-periferia-brasileira-de-letras-acontece-em-camacari\\\/#mainImage\",\"width\":280,\"height\":280,\"caption\":\"Encontro da Periferia Brasileira de Letras\"},\"primaryImageOfPage\":{\"@id\":\"https:\\\/\\\/www.encontracamacari.com.br\\\/sobre\\\/encontro-da-periferia-brasileira-de-letras-acontece-em-camacari\\\/#mainImage\"},\"datePublished\":\"2026-05-29T06:02:30+00:00\",\"dateModified\":\"2026-05-29T06:02:30+00:00\"},{\"@type\":\"WebSite\",\"@id\":\"https:\\\/\\\/www.encontracamacari.com.br\\\/sobre\\\/#website\",\"url\":\"https:\\\/\\\/www.encontracamacari.com.br\\\/sobre\\\/\",\"name\":\"Encontra Cama\\u00e7ari\",\"description\":\"Not\\u00edcias, eventos, informa\\u00e7\\u00f5es e dicas na cidade de Cama\\u00e7ari e regi\\u00e3o.\",\"inLanguage\":\"pt-BR\",\"publisher\":{\"@id\":\"https:\\\/\\\/www.encontracamacari.com.br\\\/sobre\\\/#organization\"}}]}\n\t\t<\/script>\n\t\t<!-- All in One SEO -->\n\n","aioseo_head_json":{"title":"Encontro da Periferia Brasileira de Letras acontece em Cama\u00e7ari - Encontra Cama\u00e7ari","description":"Encontro da Periferia Brasileira de Letras traz cultura e arte para Cama\u00e7ari.","canonical_url":"https:\/\/www.encontracamacari.com.br\/sobre\/encontro-da-periferia-brasileira-de-letras-acontece-em-camacari\/","robots":"max-image-preview:large","keywords":"","webmasterTools":{"miscellaneous":""},"schema":{"@context":"https:\/\/schema.org","@graph":[{"@type":"BlogPosting","@id":"https:\/\/www.encontracamacari.com.br\/sobre\/encontro-da-periferia-brasileira-de-letras-acontece-em-camacari\/#blogposting","name":"Encontro da Periferia Brasileira de Letras acontece em Cama\u00e7ari - Encontra Cama\u00e7ari","headline":"Encontro da Periferia Brasileira de Letras acontece em Cama\u00e7ari","author":{"@id":"https:\/\/www.encontracamacari.com.br\/sobre\/author\/ecamacari\/#author"},"publisher":{"@id":"https:\/\/www.encontracamacari.com.br\/sobre\/#organization"},"image":{"@type":"ImageObject","url":"https:\/\/www.encontracamacari.com.br\/sobre\/wp-content\/uploads\/2026\/05\/encontro-da-periferia-brasileira-de-letras-acontece-em-camacari.webp","width":280,"height":280,"caption":"Encontro da Periferia Brasileira de Letras"},"datePublished":"2026-05-29T06:02:30+00:00","dateModified":"2026-05-29T06:02:30+00:00","inLanguage":"pt-BR","mainEntityOfPage":{"@id":"https:\/\/www.encontracamacari.com.br\/sobre\/encontro-da-periferia-brasileira-de-letras-acontece-em-camacari\/#webpage"},"isPartOf":{"@id":"https:\/\/www.encontracamacari.com.br\/sobre\/encontro-da-periferia-brasileira-de-letras-acontece-em-camacari\/#webpage"},"articleSection":"Not\u00edcias Cama\u00e7ari"},{"@type":"BreadcrumbList","@id":"https:\/\/www.encontracamacari.com.br\/sobre\/encontro-da-periferia-brasileira-de-letras-acontece-em-camacari\/#breadcrumblist","itemListElement":[{"@type":"ListItem","@id":"https:\/\/www.encontracamacari.com.br\/sobre#listItem","position":1,"name":"Home","item":"https:\/\/www.encontracamacari.com.br\/sobre","nextItem":{"@type":"ListItem","@id":"https:\/\/www.encontracamacari.com.br\/sobre\/noticias-em-camacari\/#listItem","name":"Not\u00edcias Cama\u00e7ari"}},{"@type":"ListItem","@id":"https:\/\/www.encontracamacari.com.br\/sobre\/noticias-em-camacari\/#listItem","position":2,"name":"Not\u00edcias Cama\u00e7ari","item":"https:\/\/www.encontracamacari.com.br\/sobre\/noticias-em-camacari\/","nextItem":{"@type":"ListItem","@id":"https:\/\/www.encontracamacari.com.br\/sobre\/encontro-da-periferia-brasileira-de-letras-acontece-em-camacari\/#listItem","name":"Encontro da Periferia Brasileira de Letras acontece em Cama\u00e7ari"},"previousItem":{"@type":"ListItem","@id":"https:\/\/www.encontracamacari.com.br\/sobre#listItem","name":"Home"}},{"@type":"ListItem","@id":"https:\/\/www.encontracamacari.com.br\/sobre\/encontro-da-periferia-brasileira-de-letras-acontece-em-camacari\/#listItem","position":3,"name":"Encontro da Periferia Brasileira de Letras acontece em Cama\u00e7ari","previousItem":{"@type":"ListItem","@id":"https:\/\/www.encontracamacari.com.br\/sobre\/noticias-em-camacari\/#listItem","name":"Not\u00edcias Cama\u00e7ari"}}]},{"@type":"Organization","@id":"https:\/\/www.encontracamacari.com.br\/sobre\/#organization","name":"Encontra Cama\u00e7ari","description":"Not\u00edcias, eventos, informa\u00e7\u00f5es e dicas na cidade de Cama\u00e7ari e regi\u00e3o.","url":"https:\/\/www.encontracamacari.com.br\/sobre\/"},{"@type":"Person","@id":"https:\/\/www.encontracamacari.com.br\/sobre\/author\/ecamacari\/#author","url":"https:\/\/www.encontracamacari.com.br\/sobre\/author\/ecamacari\/","name":"Encontra Cama\u00e7ari","image":{"@type":"ImageObject","@id":"https:\/\/www.encontracamacari.com.br\/sobre\/encontro-da-periferia-brasileira-de-letras-acontece-em-camacari\/#authorImage","url":"https:\/\/secure.gravatar.com\/avatar\/507340682b8270222e1f208e23198b6ae7e2c6a1033ae84e99bc6bce4f82a387?s=96&d=mm&r=g","width":96,"height":96,"caption":"Encontra Cama\u00e7ari"}},{"@type":"WebPage","@id":"https:\/\/www.encontracamacari.com.br\/sobre\/encontro-da-periferia-brasileira-de-letras-acontece-em-camacari\/#webpage","url":"https:\/\/www.encontracamacari.com.br\/sobre\/encontro-da-periferia-brasileira-de-letras-acontece-em-camacari\/","name":"Encontro da Periferia Brasileira de Letras acontece em Cama\u00e7ari - Encontra Cama\u00e7ari","description":"Encontro da Periferia Brasileira de Letras traz cultura e arte para Cama\u00e7ari.","inLanguage":"pt-BR","isPartOf":{"@id":"https:\/\/www.encontracamacari.com.br\/sobre\/#website"},"breadcrumb":{"@id":"https:\/\/www.encontracamacari.com.br\/sobre\/encontro-da-periferia-brasileira-de-letras-acontece-em-camacari\/#breadcrumblist"},"author":{"@id":"https:\/\/www.encontracamacari.com.br\/sobre\/author\/ecamacari\/#author"},"creator":{"@id":"https:\/\/www.encontracamacari.com.br\/sobre\/author\/ecamacari\/#author"},"image":{"@type":"ImageObject","url":"https:\/\/www.encontracamacari.com.br\/sobre\/wp-content\/uploads\/2026\/05\/encontro-da-periferia-brasileira-de-letras-acontece-em-camacari.webp","@id":"https:\/\/www.encontracamacari.com.br\/sobre\/encontro-da-periferia-brasileira-de-letras-acontece-em-camacari\/#mainImage","width":280,"height":280,"caption":"Encontro da Periferia Brasileira de Letras"},"primaryImageOfPage":{"@id":"https:\/\/www.encontracamacari.com.br\/sobre\/encontro-da-periferia-brasileira-de-letras-acontece-em-camacari\/#mainImage"},"datePublished":"2026-05-29T06:02:30+00:00","dateModified":"2026-05-29T06:02:30+00:00"},{"@type":"WebSite","@id":"https:\/\/www.encontracamacari.com.br\/sobre\/#website","url":"https:\/\/www.encontracamacari.com.br\/sobre\/","name":"Encontra Cama\u00e7ari","description":"Not\u00edcias, eventos, informa\u00e7\u00f5es e dicas na cidade de Cama\u00e7ari e regi\u00e3o.","inLanguage":"pt-BR","publisher":{"@id":"https:\/\/www.encontracamacari.com.br\/sobre\/#organization"}}]},"og:locale":"pt_BR","og:site_name":"Encontra Cama\u00e7ari - Not\u00edcias, eventos, informa\u00e7\u00f5es e dicas na cidade de Cama\u00e7ari e regi\u00e3o.","og:type":"article","og:title":"Encontro da Periferia Brasileira de Letras acontece em Cama\u00e7ari - Encontra Cama\u00e7ari","og:description":"Encontro da Periferia Brasileira de Letras traz cultura e arte para Cama\u00e7ari.","og:url":"https:\/\/www.encontracamacari.com.br\/sobre\/encontro-da-periferia-brasileira-de-letras-acontece-em-camacari\/","article:published_time":"2026-05-29T06:02:30+00:00","article:modified_time":"2026-05-29T06:02:30+00:00","twitter:card":"summary_large_image","twitter:title":"Encontro da Periferia Brasileira de Letras acontece em Cama\u00e7ari - Encontra Cama\u00e7ari","twitter:description":"Encontro da Periferia Brasileira de Letras traz cultura e arte para Cama\u00e7ari."},"aioseo_meta_data":{"post_id":"1124","title":null,"description":null,"keywords":null,"keyphrases":null,"primary_term":null,"canonical_url":null,"og_title":null,"og_description":null,"og_object_type":"default","og_image_type":"default","og_image_url":null,"og_image_width":null,"og_image_height":null,"og_image_custom_url":null,"og_image_custom_fields":null,"og_video":null,"og_custom_url":null,"og_article_section":null,"og_article_tags":null,"twitter_use_og":false,"twitter_card":"default","twitter_image_type":"default","twitter_image_url":null,"twitter_image_custom_url":null,"twitter_image_custom_fields":null,"twitter_title":null,"twitter_description":null,"schema":{"blockGraphs":[],"customGraphs":[],"default":{"data":{"Article":[],"Course":[],"Dataset":[],"FAQPage":[],"Movie":[],"Person":[],"Product":[],"ProductReview":[],"Car":[],"Recipe":[],"Service":[],"SoftwareApplication":[],"WebPage":[]},"graphName":"BlogPosting","isEnabled":true},"graphs":[]},"schema_type":"default","schema_type_options":null,"pillar_content":false,"robots_default":true,"robots_noindex":false,"robots_noarchive":false,"robots_nosnippet":false,"robots_nofollow":false,"robots_noimageindex":false,"robots_noodp":false,"robots_notranslate":false,"robots_max_snippet":null,"robots_max_videopreview":null,"robots_max_imagepreview":"large","priority":null,"frequency":null,"local_seo":null,"limit_modified_date":false,"created":"2026-05-29 06:02:35","updated":"2026-08-06 03:15:07","focus_keyword":null,"additional_keywords":null,"truseo_locale":null,"ai":null,"breadcrumb_settings":null,"seo_analyzer_scan_date":null},"aioseo_breadcrumb":"<div class=\"aioseo-breadcrumbs\"><span class=\"aioseo-breadcrumb\">\n\t\t\t<a href=\"https:\/\/www.encontracamacari.com.br\/sobre\" title=\"Home\">Home<\/a>\n\t\t<\/span><span class=\"aioseo-breadcrumb-separator\">&raquo;<\/span><span class=\"aioseo-breadcrumb\">\n\t\t\t<a href=\"https:\/\/www.encontracamacari.com.br\/sobre\/noticias-em-camacari\/\" title=\"Not\u00edcias Cama\u00e7ari\">Not\u00edcias Cama\u00e7ari<\/a>\n\t\t<\/span><span class=\"aioseo-breadcrumb-separator\">&raquo;<\/span><span class=\"aioseo-breadcrumb\">\n\t\t\tEncontro da Periferia Brasileira de Letras acontece em Cama\u00e7ari\n\t\t<\/span><\/div>","aioseo_breadcrumb_json":[{"label":"Home","link":"https:\/\/www.encontracamacari.com.br\/sobre"},{"label":"Not\u00edcias Cama\u00e7ari","link":"https:\/\/www.encontracamacari.com.br\/sobre\/noticias-em-camacari\/"},{"label":"Encontro da Periferia Brasileira de Letras acontece em Cama\u00e7ari","link":"https:\/\/www.encontracamacari.com.br\/sobre\/encontro-da-periferia-brasileira-de-letras-acontece-em-camacari\/"}],"_links":{"self":[{"href":"https:\/\/www.encontracamacari.com.br\/sobre\/wp-json\/wp\/v2\/posts\/1124","targetHints":{"allow":["GET"]}}],"collection":[{"href":"https:\/\/www.encontracamacari.com.br\/sobre\/wp-json\/wp\/v2\/posts"}],"about":[{"href":"https:\/\/www.encontracamacari.com.br\/sobre\/wp-json\/wp\/v2\/types\/post"}],"author":[{"embeddable":true,"href":"https:\/\/www.encontracamacari.com.br\/sobre\/wp-json\/wp\/v2\/users\/1"}],"replies":[{"embeddable":true,"href":"https:\/\/www.encontracamacari.com.br\/sobre\/wp-json\/wp\/v2\/comments?post=1124"}],"version-history":[{"count":0,"href":"https:\/\/www.encontracamacari.com.br\/sobre\/wp-json\/wp\/v2\/posts\/1124\/revisions"}],"wp:featuredmedia":[{"embeddable":true,"href":"https:\/\/www.encontracamacari.com.br\/sobre\/wp-json\/wp\/v2\/media\/1123"}],"wp:attachment":[{"href":"https:\/\/www.encontracamacari.com.br\/sobre\/wp-json\/wp\/v2\/media?parent=1124"}],"wp:term":[{"taxonomy":"category","embeddable":true,"href":"https:\/\/www.encontracamacari.com.br\/sobre\/wp-json\/wp\/v2\/categories?post=1124"},{"taxonomy":"post_tag","embeddable":true,"href":"https:\/\/www.encontracamacari.com.br\/sobre\/wp-json\/wp\/v2\/tags?post=1124"}],"curies":[{"name":"wp","href":"https:\/\/api.w.org\/{rel}","templated":true}]}}