{"id":1035,"date":"2026-05-06T06:02:15","date_gmt":"2026-05-06T06:02:15","guid":{"rendered":"https:\/\/www.encontracamacari.com.br\/sobre\/reuniao-da-comissao-especial-para-analise-do-projeto-de-lei-no-23-2026\/"},"modified":"2026-05-06T06:02:15","modified_gmt":"2026-05-06T06:02:15","slug":"reuniao-da-comissao-especial-para-analise-do-projeto-de-lei-no-23-2026","status":"publish","type":"post","link":"https:\/\/www.encontracamacari.com.br\/sobre\/reuniao-da-comissao-especial-para-analise-do-projeto-de-lei-no-23-2026\/","title":{"rendered":"Reuni\u00e3o da Comiss\u00e3o Especial para an\u00e1lise do projeto de lei n\u00ba 23\/2026"},"content":{"rendered":"<div class=\"2410bb7248a64bb1f71103797e0f239b\" data-index=\"1\" style=\"float: none; margin:0px;\">\n<ins class=\"adsbygoogle\"\r\n     style=\"display:block\"\r\n     data-ad-client=\"ca-pub-8585364105181520\"\r\n     data-ad-slot=\"8789329856\"\r\n     data-ad-format=\"auto\"\r\n     data-full-width-responsive=\"true\"><\/ins>\r\n<script>\r\n     (adsbygoogle = window.adsbygoogle || []).push({});\r\n<\/script>\n<\/div>\n<h2>Objetivos da Reuni\u00e3o da Comiss\u00e3o Especial<\/h2>\n<p>A reuni\u00e3o da Comiss\u00e3o Especial, ocorrida no dia 7 de maio de 2026, teve como principal objetivo a an\u00e1lise do projeto de lei n\u00ba 23\/2026. Este projeto prop\u00f5e a cria\u00e7\u00e3o do Dia da Parada do Orgulho LGBTQIA+ no munic\u00edpio de Cama\u00e7ari. O evento, conforme estipulado, ser\u00e1 realizado anualmente no primeiro domingo de agosto, com a finalidade de promover e celebrar a diversidade, al\u00e9m de fomentar a inclus\u00e3o social.<\/p>\n<h2>Participa\u00e7\u00e3o dos Vereadores na Sess\u00e3o<\/h2>\n<p>Embora a discuss\u00e3o do projeto seja uma importante oportunidade para os membros da comiss\u00e3o, apenas quatro vereadores compareceram \u00e0 sess\u00e3o, ficando evidente a aus\u00eancia dos demais participantes, que n\u00e3o estavam presentes. A falta de quorum para a vota\u00e7\u00e3o, portanto, resultou em uma pausa nas delibera\u00e7\u00f5es que envolvem a proposta.<\/p>\n<h2>Principais Quest\u00f5es Abordadas na Reuni\u00e3o<\/h2>\n<p>Durante a reuni\u00e3o, foram levantadas diversas quest\u00f5es relevantes ao projeto de lei, incluindo a import\u00e2ncia do reconhecimento oficial do evento e as implica\u00e7\u00f5es sociais de sua implementa\u00e7\u00e3o. Os membros discutiram amplamente a necessidade de pol\u00edticas p\u00fablicas que garantam a visibilidade e o respeito aos direitos da comunidade LGBTQIA+, al\u00e9m de estrat\u00e9gias para a mobiliza\u00e7\u00e3o da popula\u00e7\u00e3o em torno do evento.<\/p>\n<p><img decoding=\"async\" src=\"https:\/\/www.encontracamacari.com.br\/sobre\/wp-content\/uploads\/2026\/05\/reuniao-da-comissao-especial-para-analise-do-projeto-de-lei-n-23-2026.webp\" alt=\"reuni\u00e3o da comiss\u00e3o especial\" loading=\"lazy\" \/><\/p>\n<h2>Import\u00e2ncia do Projeto de Lei n\u00ba 23\/2026<\/h2>\n<p>O projeto de lei n\u00ba 23\/2026 representa um avan\u00e7o significativo na luta pelos direitos da popula\u00e7\u00e3o LGBTQIA+ em Cama\u00e7ari. Estabelecendo uma data espec\u00edfica para a celebra\u00e7\u00e3o do orgulho, busca-se n\u00e3o apenas a visibilidade, mas tamb\u00e9m a conscientiza\u00e7\u00e3o sobre a import\u00e2ncia da aceita\u00e7\u00e3o e do respeito \u00e0 diversidade sexual. Al\u00e9m disso, promove a inclus\u00e3o social e visa diminuir os preconceitos e discrimina\u00e7\u00f5es ainda presentes na sociedade.<\/p>\n<h2>Hist\u00f3rico do Movimento LGBTQIA+ em Cama\u00e7ari<\/h2>\n<p>O movimento LGBTQIA+ em Cama\u00e7ari possui uma hist\u00f3ria rica e significativa, caracterizada por diversas manifesta\u00e7\u00f5es e lutas por direitos ao longo dos anos. Desde a realiza\u00e7\u00e3o de pequenos eventos at\u00e9 a crescente participa\u00e7\u00e3o em atividades culturais e pol\u00edticas, a comunidade LGBTQIA+ tem trabalhado arduamente para ganhar espa\u00e7o e voz na sociedade. Iniciativas anteriores, como paradas e festivais, t\u00eam contribu\u00eddo para aumentar a conscientiza\u00e7\u00e3o e promover a uni\u00e3o entre os membros da comunidade.<\/p><div class=\"2410bb7248a64bb1f71103797e0f239b\" data-index=\"2\" style=\"float: none; margin:0px;\">\n<ins class=\"adsbygoogle\"\r\n     style=\"display:block; text-align:center;\"\r\n     data-ad-layout=\"in-article\"\r\n     data-ad-format=\"fluid\"\r\n     data-ad-client=\"ca-pub-8585364105181520\"\r\n     data-ad-slot=\"2899217073\"><\/ins>\r\n<script>\r\n     (adsbygoogle = window.adsbygoogle || []).push({});\r\n<\/script>\r\n\r\n<\/br><\/br>\n<\/div>\n\n<h2>Rea\u00e7\u00e3o da Comunidade e Organiza\u00e7\u00f5es Locais<\/h2>\n<p>A proposta do Dia da Parada do Orgulho gerou rea\u00e7\u00f5es positivas tanto da comunidade quanto de diversas organiza\u00e7\u00f5es locais que atuam em prol dos direitos humanos e da diversidade. Muitas dessas organiza\u00e7\u00f5es manifestaram seu apoio ao projeto, considerando-o um passo importante para o reconhecimento e a prote\u00e7\u00e3o dos direitos da popula\u00e7\u00e3o LGBTQIA+ em Cama\u00e7ari. Campanhas de mobiliza\u00e7\u00e3o e conscientiza\u00e7\u00e3o est\u00e3o sendo planejadas para informar a popula\u00e7\u00e3o sobre a relev\u00e2ncia do evento.<\/p>\n<h2>Impactos Sociais do Dia da Parada do Orgulho<\/h2>\n<p>A implementa\u00e7\u00e3o do Dia da Parada do Orgulho LGBTQIA+ pode ter diversos impactos sociais positivos, como:<\/p>\n<ul>\n<li><strong>Promo\u00e7\u00e3o da Inclus\u00e3o:<\/strong> A formaliza\u00e7\u00e3o de um dia de celebra\u00e7\u00e3o pode incentivar outras iniciativas que visem a inclus\u00e3o de minorias na sociedade.<\/li>\n<li><strong>Aumento da Visibilidade:<\/strong> O evento pode ajudar a aumentar a visibilidade das quest\u00f5es enfrentadas pela comunidade LGBTQIA+, contribuindo para uma sociedade mais tolerante.<\/li>\n<li><strong>Fomento ao Turismo:<\/strong> A parada poder\u00e1 se tornar um atrativo tur\u00edstico para a cidade, trazendo benef\u00edcios econ\u00f4micos ao com\u00e9rcio local.<\/li>\n<\/ul>\n<h2>Como a Comiss\u00e3o ir\u00e1 Proceder Ap\u00f3s a An\u00e1lise<\/h2>\n<p>Ap\u00f3s a an\u00e1lise do projeto, a Comiss\u00e3o Especial ir\u00e1 propor a continuidade das discuss\u00f5es em futuras reuni\u00f5es, onde ser\u00e1 poss\u00edvel trabalhar em propostas de emenda, caso necess\u00e1rio, e preparar o projeto para vota\u00e7\u00e3o em plen\u00e1rio. A ideia \u00e9 que o projeto seja aprimorado atrav\u00e9s do feedback da comunidade e dos demais vereadores, garantindo que todas as vozes sejam ouvidas.<\/p>\n<h2>Pr\u00f3ximos Passos para a Aprova\u00e7\u00e3o do Projeto<\/h2>\n<p>Os pr\u00f3ximos passos para a aprova\u00e7\u00e3o do projeto incluem a realiza\u00e7\u00e3o de novas reuni\u00f5es com a Comiss\u00e3o Especial, onde ser\u00e3o organizados debates abertos \u00e0 comunidade. Al\u00e9m disso, busca-se o engajamento da popula\u00e7\u00e3o para apoiar o projeto, o que incluir\u00e1 campanhas informativas nas redes sociais e eventos presenciais para disseminar informa\u00e7\u00f5es sobre a import\u00e2ncia do Dia da Parada do Orgulho.<\/p>\n<h2>Acompanhamento e Transpar\u00eancia nas Decis\u00f5es<\/h2>\n<p>A transpar\u00eancia nas decis\u00f5es e o acompanhamento das etapas do processo legislativo s\u00e3o fundamentais para garantir que o projeto seja bem recebido pela comunidade. A Comiss\u00e3o se compromete a manter os cidad\u00e3os informados sobre o andamento do projeto e a abrir canais de comunica\u00e7\u00e3o onde a popula\u00e7\u00e3o possa expressar suas opini\u00f5es e sugest\u00f5es sobre o evento.<\/p>\n<div class=\"2410bb7248a64bb1f71103797e0f239b\" data-index=\"3\" style=\"float: none; margin:0px;\">\n<\/br><\/br>\r\n\r\n<ins class=\"adsbygoogle\"\r\n     style=\"display:block\"\r\n     data-ad-format=\"fluid\"\r\n     data-ad-layout-key=\"-63+do+n-1s+9e\"\r\n     data-ad-client=\"ca-pub-8585364105181520\"\r\n     data-ad-slot=\"6838462089\"><\/ins>\r\n<script>\r\n     (adsbygoogle = window.adsbygoogle || []).push({});\r\n<\/script>\n<\/div>\n\n<div style=\"font-size: 0px; height: 0px; line-height: 0px; margin: 0; padding: 0; clear: both;\"><\/div>","protected":false},"excerpt":{"rendered":"<p>Reuni\u00e3o da Comiss\u00e3o Especial para discutir o projeto de lei n\u00ba 23\/2026 em Cama\u00e7ari.<\/p>\n","protected":false},"author":1,"featured_media":1034,"comment_status":"open","ping_status":"closed","sticky":false,"template":"","format":"standard","meta":{"footnotes":""},"categories":[1],"tags":[],"class_list":["post-1035","post","type-post","status-publish","format-standard","has-post-thumbnail","hentry","category-noticias-em-camacari","has_thumb"],"aioseo_notices":[],"aioseo_head":"\n\t\t<!-- All in One SEO 5.0.0.1 - aioseo.com -->\n\t<meta name=\"description\" content=\"Reuni\u00e3o da Comiss\u00e3o Especial para discutir o projeto de lei n\u00ba 23\/2026 em Cama\u00e7ari.\" \/>\n\t<meta name=\"robots\" content=\"max-image-preview:large\" \/>\n\t<meta name=\"author\" content=\"Encontra Cama\u00e7ari\"\/>\n\t<link rel=\"canonical\" href=\"https:\/\/www.encontracamacari.com.br\/sobre\/reuniao-da-comissao-especial-para-analise-do-projeto-de-lei-no-23-2026\/\" \/>\n\t<meta name=\"generator\" content=\"All in One SEO (AIOSEO) 5.0.0.1\" \/>\n\t\t<meta property=\"og:locale\" content=\"pt_BR\" \/>\n\t\t<meta property=\"og:site_name\" content=\"Encontra Cama\u00e7ari - Not\u00edcias, eventos, informa\u00e7\u00f5es e dicas na cidade de Cama\u00e7ari e regi\u00e3o.\" \/>\n\t\t<meta property=\"og:type\" content=\"article\" \/>\n\t\t<meta property=\"og:title\" content=\"Reuni\u00e3o da Comiss\u00e3o Especial para an\u00e1lise do projeto de lei n\u00ba 23\/2026 - Encontra Cama\u00e7ari\" \/>\n\t\t<meta property=\"og:description\" content=\"Reuni\u00e3o da Comiss\u00e3o Especial para discutir o projeto de lei n\u00ba 23\/2026 em Cama\u00e7ari.\" \/>\n\t\t<meta property=\"og:url\" content=\"https:\/\/www.encontracamacari.com.br\/sobre\/reuniao-da-comissao-especial-para-analise-do-projeto-de-lei-no-23-2026\/\" \/>\n\t\t<meta property=\"article:published_time\" content=\"2026-05-06T06:02:15+00:00\" \/>\n\t\t<meta property=\"article:modified_time\" content=\"2026-05-06T06:02:15+00:00\" \/>\n\t\t<meta name=\"twitter:card\" content=\"summary_large_image\" \/>\n\t\t<meta name=\"twitter:title\" content=\"Reuni\u00e3o da Comiss\u00e3o Especial para an\u00e1lise do projeto de lei n\u00ba 23\/2026 - Encontra Cama\u00e7ari\" \/>\n\t\t<meta name=\"twitter:description\" content=\"Reuni\u00e3o da Comiss\u00e3o Especial para discutir o projeto de lei n\u00ba 23\/2026 em Cama\u00e7ari.\" \/>\n\t\t<script type=\"application\/ld+json\" class=\"aioseo-schema\">\n\t\t\t{\"@context\":\"https:\\\/\\\/schema.org\",\"@graph\":[{\"@type\":\"BlogPosting\",\"@id\":\"https:\\\/\\\/www.encontracamacari.com.br\\\/sobre\\\/reuniao-da-comissao-especial-para-analise-do-projeto-de-lei-no-23-2026\\\/#blogposting\",\"name\":\"Reuni\\u00e3o da Comiss\\u00e3o Especial para an\\u00e1lise do projeto de lei n\\u00ba 23\\\/2026 - Encontra Cama\\u00e7ari\",\"headline\":\"Reuni\\u00e3o da Comiss\\u00e3o Especial para an\\u00e1lise do projeto de lei n\\u00ba 23\\\/2026\",\"author\":{\"@id\":\"https:\\\/\\\/www.encontracamacari.com.br\\\/sobre\\\/author\\\/ecamacari\\\/#author\"},\"publisher\":{\"@id\":\"https:\\\/\\\/www.encontracamacari.com.br\\\/sobre\\\/#organization\"},\"image\":{\"@type\":\"ImageObject\",\"url\":\"https:\\\/\\\/www.encontracamacari.com.br\\\/sobre\\\/wp-content\\\/uploads\\\/2026\\\/05\\\/reuniao-da-comissao-especial-para-analise-do-projeto-de-lei-n-23-2026.webp\",\"width\":280,\"height\":280,\"caption\":\"reuni\\u00e3o da comiss\\u00e3o especial\"},\"datePublished\":\"2026-05-06T06:02:15+00:00\",\"dateModified\":\"2026-05-06T06:02:15+00:00\",\"inLanguage\":\"pt-BR\",\"mainEntityOfPage\":{\"@id\":\"https:\\\/\\\/www.encontracamacari.com.br\\\/sobre\\\/reuniao-da-comissao-especial-para-analise-do-projeto-de-lei-no-23-2026\\\/#webpage\"},\"isPartOf\":{\"@id\":\"https:\\\/\\\/www.encontracamacari.com.br\\\/sobre\\\/reuniao-da-comissao-especial-para-analise-do-projeto-de-lei-no-23-2026\\\/#webpage\"},\"articleSection\":\"Not\\u00edcias Cama\\u00e7ari\"},{\"@type\":\"BreadcrumbList\",\"@id\":\"https:\\\/\\\/www.encontracamacari.com.br\\\/sobre\\\/reuniao-da-comissao-especial-para-analise-do-projeto-de-lei-no-23-2026\\\/#breadcrumblist\",\"itemListElement\":[{\"@type\":\"ListItem\",\"@id\":\"https:\\\/\\\/www.encontracamacari.com.br\\\/sobre#listItem\",\"position\":1,\"name\":\"Home\",\"item\":\"https:\\\/\\\/www.encontracamacari.com.br\\\/sobre\",\"nextItem\":{\"@type\":\"ListItem\",\"@id\":\"https:\\\/\\\/www.encontracamacari.com.br\\\/sobre\\\/noticias-em-camacari\\\/#listItem\",\"name\":\"Not\\u00edcias Cama\\u00e7ari\"}},{\"@type\":\"ListItem\",\"@id\":\"https:\\\/\\\/www.encontracamacari.com.br\\\/sobre\\\/noticias-em-camacari\\\/#listItem\",\"position\":2,\"name\":\"Not\\u00edcias Cama\\u00e7ari\",\"item\":\"https:\\\/\\\/www.encontracamacari.com.br\\\/sobre\\\/noticias-em-camacari\\\/\",\"nextItem\":{\"@type\":\"ListItem\",\"@id\":\"https:\\\/\\\/www.encontracamacari.com.br\\\/sobre\\\/reuniao-da-comissao-especial-para-analise-do-projeto-de-lei-no-23-2026\\\/#listItem\",\"name\":\"Reuni\\u00e3o da Comiss\\u00e3o Especial para an\\u00e1lise do projeto de lei n\\u00ba 23\\\/2026\"},\"previousItem\":{\"@type\":\"ListItem\",\"@id\":\"https:\\\/\\\/www.encontracamacari.com.br\\\/sobre#listItem\",\"name\":\"Home\"}},{\"@type\":\"ListItem\",\"@id\":\"https:\\\/\\\/www.encontracamacari.com.br\\\/sobre\\\/reuniao-da-comissao-especial-para-analise-do-projeto-de-lei-no-23-2026\\\/#listItem\",\"position\":3,\"name\":\"Reuni\\u00e3o da Comiss\\u00e3o Especial para an\\u00e1lise do projeto de lei n\\u00ba 23\\\/2026\",\"previousItem\":{\"@type\":\"ListItem\",\"@id\":\"https:\\\/\\\/www.encontracamacari.com.br\\\/sobre\\\/noticias-em-camacari\\\/#listItem\",\"name\":\"Not\\u00edcias Cama\\u00e7ari\"}}]},{\"@type\":\"Organization\",\"@id\":\"https:\\\/\\\/www.encontracamacari.com.br\\\/sobre\\\/#organization\",\"name\":\"Encontra Cama\\u00e7ari\",\"description\":\"Not\\u00edcias, eventos, informa\\u00e7\\u00f5es e dicas na cidade de Cama\\u00e7ari e regi\\u00e3o.\",\"url\":\"https:\\\/\\\/www.encontracamacari.com.br\\\/sobre\\\/\"},{\"@type\":\"Person\",\"@id\":\"https:\\\/\\\/www.encontracamacari.com.br\\\/sobre\\\/author\\\/ecamacari\\\/#author\",\"url\":\"https:\\\/\\\/www.encontracamacari.com.br\\\/sobre\\\/author\\\/ecamacari\\\/\",\"name\":\"Encontra Cama\\u00e7ari\",\"image\":{\"@type\":\"ImageObject\",\"@id\":\"https:\\\/\\\/www.encontracamacari.com.br\\\/sobre\\\/reuniao-da-comissao-especial-para-analise-do-projeto-de-lei-no-23-2026\\\/#authorImage\",\"url\":\"https:\\\/\\\/secure.gravatar.com\\\/avatar\\\/507340682b8270222e1f208e23198b6ae7e2c6a1033ae84e99bc6bce4f82a387?s=96&d=mm&r=g\",\"width\":96,\"height\":96,\"caption\":\"Encontra Cama\\u00e7ari\"}},{\"@type\":\"WebPage\",\"@id\":\"https:\\\/\\\/www.encontracamacari.com.br\\\/sobre\\\/reuniao-da-comissao-especial-para-analise-do-projeto-de-lei-no-23-2026\\\/#webpage\",\"url\":\"https:\\\/\\\/www.encontracamacari.com.br\\\/sobre\\\/reuniao-da-comissao-especial-para-analise-do-projeto-de-lei-no-23-2026\\\/\",\"name\":\"Reuni\\u00e3o da Comiss\\u00e3o Especial para an\\u00e1lise do projeto de lei n\\u00ba 23\\\/2026 - Encontra Cama\\u00e7ari\",\"description\":\"Reuni\\u00e3o da Comiss\\u00e3o Especial para discutir o projeto de lei n\\u00ba 23\\\/2026 em Cama\\u00e7ari.\",\"inLanguage\":\"pt-BR\",\"isPartOf\":{\"@id\":\"https:\\\/\\\/www.encontracamacari.com.br\\\/sobre\\\/#website\"},\"breadcrumb\":{\"@id\":\"https:\\\/\\\/www.encontracamacari.com.br\\\/sobre\\\/reuniao-da-comissao-especial-para-analise-do-projeto-de-lei-no-23-2026\\\/#breadcrumblist\"},\"author\":{\"@id\":\"https:\\\/\\\/www.encontracamacari.com.br\\\/sobre\\\/author\\\/ecamacari\\\/#author\"},\"creator\":{\"@id\":\"https:\\\/\\\/www.encontracamacari.com.br\\\/sobre\\\/author\\\/ecamacari\\\/#author\"},\"image\":{\"@type\":\"ImageObject\",\"url\":\"https:\\\/\\\/www.encontracamacari.com.br\\\/sobre\\\/wp-content\\\/uploads\\\/2026\\\/05\\\/reuniao-da-comissao-especial-para-analise-do-projeto-de-lei-n-23-2026.webp\",\"@id\":\"https:\\\/\\\/www.encontracamacari.com.br\\\/sobre\\\/reuniao-da-comissao-especial-para-analise-do-projeto-de-lei-no-23-2026\\\/#mainImage\",\"width\":280,\"height\":280,\"caption\":\"reuni\\u00e3o da comiss\\u00e3o especial\"},\"primaryImageOfPage\":{\"@id\":\"https:\\\/\\\/www.encontracamacari.com.br\\\/sobre\\\/reuniao-da-comissao-especial-para-analise-do-projeto-de-lei-no-23-2026\\\/#mainImage\"},\"datePublished\":\"2026-05-06T06:02:15+00:00\",\"dateModified\":\"2026-05-06T06:02:15+00:00\"},{\"@type\":\"WebSite\",\"@id\":\"https:\\\/\\\/www.encontracamacari.com.br\\\/sobre\\\/#website\",\"url\":\"https:\\\/\\\/www.encontracamacari.com.br\\\/sobre\\\/\",\"name\":\"Encontra Cama\\u00e7ari\",\"description\":\"Not\\u00edcias, eventos, informa\\u00e7\\u00f5es e dicas na cidade de Cama\\u00e7ari e regi\\u00e3o.\",\"inLanguage\":\"pt-BR\",\"publisher\":{\"@id\":\"https:\\\/\\\/www.encontracamacari.com.br\\\/sobre\\\/#organization\"}}]}\n\t\t<\/script>\n\t\t<!-- All in One SEO -->\n\n","aioseo_head_json":{"title":"Reuni\u00e3o da Comiss\u00e3o Especial para an\u00e1lise do projeto de lei n\u00ba 23\/2026 - Encontra Cama\u00e7ari","description":"Reuni\u00e3o da Comiss\u00e3o Especial para discutir o projeto de lei n\u00ba 23\/2026 em Cama\u00e7ari.","canonical_url":"https:\/\/www.encontracamacari.com.br\/sobre\/reuniao-da-comissao-especial-para-analise-do-projeto-de-lei-no-23-2026\/","robots":"max-image-preview:large","keywords":"","webmasterTools":{"miscellaneous":""},"schema":{"@context":"https:\/\/schema.org","@graph":[{"@type":"BlogPosting","@id":"https:\/\/www.encontracamacari.com.br\/sobre\/reuniao-da-comissao-especial-para-analise-do-projeto-de-lei-no-23-2026\/#blogposting","name":"Reuni\u00e3o da Comiss\u00e3o Especial para an\u00e1lise do projeto de lei n\u00ba 23\/2026 - Encontra Cama\u00e7ari","headline":"Reuni\u00e3o da Comiss\u00e3o Especial para an\u00e1lise do projeto de lei n\u00ba 23\/2026","author":{"@id":"https:\/\/www.encontracamacari.com.br\/sobre\/author\/ecamacari\/#author"},"publisher":{"@id":"https:\/\/www.encontracamacari.com.br\/sobre\/#organization"},"image":{"@type":"ImageObject","url":"https:\/\/www.encontracamacari.com.br\/sobre\/wp-content\/uploads\/2026\/05\/reuniao-da-comissao-especial-para-analise-do-projeto-de-lei-n-23-2026.webp","width":280,"height":280,"caption":"reuni\u00e3o da comiss\u00e3o especial"},"datePublished":"2026-05-06T06:02:15+00:00","dateModified":"2026-05-06T06:02:15+00:00","inLanguage":"pt-BR","mainEntityOfPage":{"@id":"https:\/\/www.encontracamacari.com.br\/sobre\/reuniao-da-comissao-especial-para-analise-do-projeto-de-lei-no-23-2026\/#webpage"},"isPartOf":{"@id":"https:\/\/www.encontracamacari.com.br\/sobre\/reuniao-da-comissao-especial-para-analise-do-projeto-de-lei-no-23-2026\/#webpage"},"articleSection":"Not\u00edcias Cama\u00e7ari"},{"@type":"BreadcrumbList","@id":"https:\/\/www.encontracamacari.com.br\/sobre\/reuniao-da-comissao-especial-para-analise-do-projeto-de-lei-no-23-2026\/#breadcrumblist","itemListElement":[{"@type":"ListItem","@id":"https:\/\/www.encontracamacari.com.br\/sobre#listItem","position":1,"name":"Home","item":"https:\/\/www.encontracamacari.com.br\/sobre","nextItem":{"@type":"ListItem","@id":"https:\/\/www.encontracamacari.com.br\/sobre\/noticias-em-camacari\/#listItem","name":"Not\u00edcias Cama\u00e7ari"}},{"@type":"ListItem","@id":"https:\/\/www.encontracamacari.com.br\/sobre\/noticias-em-camacari\/#listItem","position":2,"name":"Not\u00edcias Cama\u00e7ari","item":"https:\/\/www.encontracamacari.com.br\/sobre\/noticias-em-camacari\/","nextItem":{"@type":"ListItem","@id":"https:\/\/www.encontracamacari.com.br\/sobre\/reuniao-da-comissao-especial-para-analise-do-projeto-de-lei-no-23-2026\/#listItem","name":"Reuni\u00e3o da Comiss\u00e3o Especial para an\u00e1lise do projeto de lei n\u00ba 23\/2026"},"previousItem":{"@type":"ListItem","@id":"https:\/\/www.encontracamacari.com.br\/sobre#listItem","name":"Home"}},{"@type":"ListItem","@id":"https:\/\/www.encontracamacari.com.br\/sobre\/reuniao-da-comissao-especial-para-analise-do-projeto-de-lei-no-23-2026\/#listItem","position":3,"name":"Reuni\u00e3o da Comiss\u00e3o Especial para an\u00e1lise do projeto de lei n\u00ba 23\/2026","previousItem":{"@type":"ListItem","@id":"https:\/\/www.encontracamacari.com.br\/sobre\/noticias-em-camacari\/#listItem","name":"Not\u00edcias Cama\u00e7ari"}}]},{"@type":"Organization","@id":"https:\/\/www.encontracamacari.com.br\/sobre\/#organization","name":"Encontra Cama\u00e7ari","description":"Not\u00edcias, eventos, informa\u00e7\u00f5es e dicas na cidade de Cama\u00e7ari e regi\u00e3o.","url":"https:\/\/www.encontracamacari.com.br\/sobre\/"},{"@type":"Person","@id":"https:\/\/www.encontracamacari.com.br\/sobre\/author\/ecamacari\/#author","url":"https:\/\/www.encontracamacari.com.br\/sobre\/author\/ecamacari\/","name":"Encontra Cama\u00e7ari","image":{"@type":"ImageObject","@id":"https:\/\/www.encontracamacari.com.br\/sobre\/reuniao-da-comissao-especial-para-analise-do-projeto-de-lei-no-23-2026\/#authorImage","url":"https:\/\/secure.gravatar.com\/avatar\/507340682b8270222e1f208e23198b6ae7e2c6a1033ae84e99bc6bce4f82a387?s=96&d=mm&r=g","width":96,"height":96,"caption":"Encontra Cama\u00e7ari"}},{"@type":"WebPage","@id":"https:\/\/www.encontracamacari.com.br\/sobre\/reuniao-da-comissao-especial-para-analise-do-projeto-de-lei-no-23-2026\/#webpage","url":"https:\/\/www.encontracamacari.com.br\/sobre\/reuniao-da-comissao-especial-para-analise-do-projeto-de-lei-no-23-2026\/","name":"Reuni\u00e3o da Comiss\u00e3o Especial para an\u00e1lise do projeto de lei n\u00ba 23\/2026 - Encontra Cama\u00e7ari","description":"Reuni\u00e3o da Comiss\u00e3o Especial para discutir o projeto de lei n\u00ba 23\/2026 em Cama\u00e7ari.","inLanguage":"pt-BR","isPartOf":{"@id":"https:\/\/www.encontracamacari.com.br\/sobre\/#website"},"breadcrumb":{"@id":"https:\/\/www.encontracamacari.com.br\/sobre\/reuniao-da-comissao-especial-para-analise-do-projeto-de-lei-no-23-2026\/#breadcrumblist"},"author":{"@id":"https:\/\/www.encontracamacari.com.br\/sobre\/author\/ecamacari\/#author"},"creator":{"@id":"https:\/\/www.encontracamacari.com.br\/sobre\/author\/ecamacari\/#author"},"image":{"@type":"ImageObject","url":"https:\/\/www.encontracamacari.com.br\/sobre\/wp-content\/uploads\/2026\/05\/reuniao-da-comissao-especial-para-analise-do-projeto-de-lei-n-23-2026.webp","@id":"https:\/\/www.encontracamacari.com.br\/sobre\/reuniao-da-comissao-especial-para-analise-do-projeto-de-lei-no-23-2026\/#mainImage","width":280,"height":280,"caption":"reuni\u00e3o da comiss\u00e3o especial"},"primaryImageOfPage":{"@id":"https:\/\/www.encontracamacari.com.br\/sobre\/reuniao-da-comissao-especial-para-analise-do-projeto-de-lei-no-23-2026\/#mainImage"},"datePublished":"2026-05-06T06:02:15+00:00","dateModified":"2026-05-06T06:02:15+00:00"},{"@type":"WebSite","@id":"https:\/\/www.encontracamacari.com.br\/sobre\/#website","url":"https:\/\/www.encontracamacari.com.br\/sobre\/","name":"Encontra Cama\u00e7ari","description":"Not\u00edcias, eventos, informa\u00e7\u00f5es e dicas na cidade de Cama\u00e7ari e regi\u00e3o.","inLanguage":"pt-BR","publisher":{"@id":"https:\/\/www.encontracamacari.com.br\/sobre\/#organization"}}]},"og:locale":"pt_BR","og:site_name":"Encontra Cama\u00e7ari - Not\u00edcias, eventos, informa\u00e7\u00f5es e dicas na cidade de Cama\u00e7ari e regi\u00e3o.","og:type":"article","og:title":"Reuni\u00e3o da Comiss\u00e3o Especial para an\u00e1lise do projeto de lei n\u00ba 23\/2026 - Encontra Cama\u00e7ari","og:description":"Reuni\u00e3o da Comiss\u00e3o Especial para discutir o projeto de lei n\u00ba 23\/2026 em Cama\u00e7ari.","og:url":"https:\/\/www.encontracamacari.com.br\/sobre\/reuniao-da-comissao-especial-para-analise-do-projeto-de-lei-no-23-2026\/","article:published_time":"2026-05-06T06:02:15+00:00","article:modified_time":"2026-05-06T06:02:15+00:00","twitter:card":"summary_large_image","twitter:title":"Reuni\u00e3o da Comiss\u00e3o Especial para an\u00e1lise do projeto de lei n\u00ba 23\/2026 - Encontra Cama\u00e7ari","twitter:description":"Reuni\u00e3o da Comiss\u00e3o Especial para discutir o projeto de lei n\u00ba 23\/2026 em Cama\u00e7ari."},"aioseo_meta_data":{"post_id":"1035","title":null,"description":null,"keywords":null,"keyphrases":null,"primary_term":null,"canonical_url":null,"og_title":null,"og_description":null,"og_object_type":"default","og_image_type":"default","og_image_url":null,"og_image_width":null,"og_image_height":null,"og_image_custom_url":null,"og_image_custom_fields":null,"og_video":null,"og_custom_url":null,"og_article_section":null,"og_article_tags":null,"twitter_use_og":false,"twitter_card":"default","twitter_image_type":"default","twitter_image_url":null,"twitter_image_custom_url":null,"twitter_image_custom_fields":null,"twitter_title":null,"twitter_description":null,"schema":{"blockGraphs":[],"customGraphs":[],"default":{"data":{"Article":[],"Course":[],"Dataset":[],"FAQPage":[],"Movie":[],"Person":[],"Product":[],"ProductReview":[],"Car":[],"Recipe":[],"Service":[],"SoftwareApplication":[],"WebPage":[]},"graphName":"BlogPosting","isEnabled":true},"graphs":[]},"schema_type":"default","schema_type_options":null,"pillar_content":false,"robots_default":true,"robots_noindex":false,"robots_noarchive":false,"robots_nosnippet":false,"robots_nofollow":false,"robots_noimageindex":false,"robots_noodp":false,"robots_notranslate":false,"robots_max_snippet":null,"robots_max_videopreview":null,"robots_max_imagepreview":"large","priority":null,"frequency":null,"local_seo":null,"limit_modified_date":false,"created":"2026-05-06 06:02:20","updated":"2026-08-06 03:05:35","focus_keyword":null,"additional_keywords":null,"truseo_locale":null,"ai":null,"breadcrumb_settings":null,"seo_analyzer_scan_date":null},"aioseo_breadcrumb":"<div class=\"aioseo-breadcrumbs\"><span class=\"aioseo-breadcrumb\">\n\t\t\t<a href=\"https:\/\/www.encontracamacari.com.br\/sobre\" title=\"Home\">Home<\/a>\n\t\t<\/span><span class=\"aioseo-breadcrumb-separator\">&raquo;<\/span><span class=\"aioseo-breadcrumb\">\n\t\t\t<a href=\"https:\/\/www.encontracamacari.com.br\/sobre\/noticias-em-camacari\/\" title=\"Not\u00edcias Cama\u00e7ari\">Not\u00edcias Cama\u00e7ari<\/a>\n\t\t<\/span><span class=\"aioseo-breadcrumb-separator\">&raquo;<\/span><span class=\"aioseo-breadcrumb\">\n\t\t\tReuni\u00e3o da Comiss\u00e3o Especial para an\u00e1lise do projeto de lei n\u00ba 23\/2026\n\t\t<\/span><\/div>","aioseo_breadcrumb_json":[{"label":"Home","link":"https:\/\/www.encontracamacari.com.br\/sobre"},{"label":"Not\u00edcias Cama\u00e7ari","link":"https:\/\/www.encontracamacari.com.br\/sobre\/noticias-em-camacari\/"},{"label":"Reuni\u00e3o da Comiss\u00e3o Especial para an\u00e1lise do projeto de lei n\u00ba 23\/2026","link":"https:\/\/www.encontracamacari.com.br\/sobre\/reuniao-da-comissao-especial-para-analise-do-projeto-de-lei-no-23-2026\/"}],"_links":{"self":[{"href":"https:\/\/www.encontracamacari.com.br\/sobre\/wp-json\/wp\/v2\/posts\/1035","targetHints":{"allow":["GET"]}}],"collection":[{"href":"https:\/\/www.encontracamacari.com.br\/sobre\/wp-json\/wp\/v2\/posts"}],"about":[{"href":"https:\/\/www.encontracamacari.com.br\/sobre\/wp-json\/wp\/v2\/types\/post"}],"author":[{"embeddable":true,"href":"https:\/\/www.encontracamacari.com.br\/sobre\/wp-json\/wp\/v2\/users\/1"}],"replies":[{"embeddable":true,"href":"https:\/\/www.encontracamacari.com.br\/sobre\/wp-json\/wp\/v2\/comments?post=1035"}],"version-history":[{"count":0,"href":"https:\/\/www.encontracamacari.com.br\/sobre\/wp-json\/wp\/v2\/posts\/1035\/revisions"}],"wp:featuredmedia":[{"embeddable":true,"href":"https:\/\/www.encontracamacari.com.br\/sobre\/wp-json\/wp\/v2\/media\/1034"}],"wp:attachment":[{"href":"https:\/\/www.encontracamacari.com.br\/sobre\/wp-json\/wp\/v2\/media?parent=1035"}],"wp:term":[{"taxonomy":"category","embeddable":true,"href":"https:\/\/www.encontracamacari.com.br\/sobre\/wp-json\/wp\/v2\/categories?post=1035"},{"taxonomy":"post_tag","embeddable":true,"href":"https:\/\/www.encontracamacari.com.br\/sobre\/wp-json\/wp\/v2\/tags?post=1035"}],"curies":[{"name":"wp","href":"https:\/\/api.w.org\/{rel}","templated":true}]}}