{"id":1027,"date":"2026-05-04T06:05:32","date_gmt":"2026-05-04T06:05:32","guid":{"rendered":"https:\/\/www.encontracamacari.com.br\/sobre\/byd-anuncia-1-600-vagas-de-emprego-em-camacari\/"},"modified":"2026-05-04T06:05:32","modified_gmt":"2026-05-04T06:05:32","slug":"byd-anuncia-1-600-vagas-de-emprego-em-camacari","status":"publish","type":"post","link":"https:\/\/www.encontracamacari.com.br\/sobre\/byd-anuncia-1-600-vagas-de-emprego-em-camacari\/","title":{"rendered":"BYD anuncia 1.600 vagas de emprego em Cama\u00e7ari"},"content":{"rendered":"<div class=\"2410bb7248a64bb1f71103797e0f239b\" data-index=\"1\" style=\"float: none; margin:0px;\">\n<ins class=\"adsbygoogle\"\r\n     style=\"display:block\"\r\n     data-ad-client=\"ca-pub-8585364105181520\"\r\n     data-ad-slot=\"8789329856\"\r\n     data-ad-format=\"auto\"\r\n     data-full-width-responsive=\"true\"><\/ins>\r\n<script>\r\n     (adsbygoogle = window.adsbygoogle || []).push({});\r\n<\/script>\n<\/div>\n<h2>Abertura das 1.600 Vagas de Emprego<\/h2>\n<p>A empresa BYD anunciou a cria\u00e7\u00e3o de 1.654 novas posi\u00e7\u00f5es de trabalho em sua unidade localizada em Cama\u00e7ari, na Bahia. Este movimento faz parte de um plano mais amplo de expans\u00e3o das opera\u00e7\u00f5es no Brasil, refletindo o edif\u00edcio de um terceiro turno de produ\u00e7\u00e3o, que promete um avan\u00e7o significativo nas atividades industriais da companhia. Este desenvolvimento n\u00e3o apenas ampliar\u00e1 a capacidade de produ\u00e7\u00e3o, mas tamb\u00e9m refor\u00e7ar\u00e1 o papel da BYD na ind\u00fastria automotiva nacional.<\/p>\n<h2>O Terceiro Turno e sua Import\u00e2ncia<\/h2>\n<p>A introdu\u00e7\u00e3o do terceiro turno \u00e9 fundamental para atender ao crescente aumento na demanda por ve\u00edculos eletrificados. Essa estrat\u00e9gia visa otimizar a efici\u00eancia operacional da f\u00e1brica, garantindo que ela consiga atender a um mercado em r\u00e1pida evolu\u00e7\u00e3o, que busca por solu\u00e7\u00f5es de mobilidade mais sustent\u00e1veis. Com isso, o complex industrial pode se tornar uma das principais refer\u00eancias do setor na Am\u00e9rica Latina.<\/p>\n<h2>Perfil dos Novos Empregados: Quem Pode se Candidatar?<\/h2>\n<p>As novas vagas de emprego estar\u00e3o dispon\u00edveis para diversos perfis profissionais. Embora a maioria dos postos seja destinada a trabalhadores com experi\u00eancia nas \u00e1reas especificadas, h\u00e1 tamb\u00e9m espa\u00e7o para a entrada de novos talentos, especialmente aqueles que residem em Cama\u00e7ari. Isso reflete o compromisso da BYD com a comunidade local e seu desejo de contribuir para o crescimento econ\u00f4mico da regi\u00e3o.<\/p>\n<p><img decoding=\"async\" src=\"https:\/\/www.encontracamacari.com.br\/sobre\/wp-content\/uploads\/2026\/05\/byd-anuncia-1-600-vagas-de-emprego-em-camacari.webp\" alt=\"vagas de emprego\" loading=\"lazy\" \/><\/p>\n<h2>Crescimento da Ind\u00fastria Automotiva na Bahia<\/h2>\n<p>O setor automotivo na Bahia tem mostrado um crescimento constante nos \u00faltimos anos, amplificado pelo aumento das atividades da BYD. Este crescimento \u00e9 evidenciado pelo n\u00famero de novos postos de trabalho gerados e pelo impacto positivo na economia local. \u00c0 medida que a ind\u00fastria se expande, setores adjacentes, como o de autope\u00e7as, servi\u00e7os log\u00edsticos e suporte industrial, tamb\u00e9m se beneficiam.<\/p>\n<h2>Impactos Sociais da Expans\u00e3o da BYD<\/h2>\n<p>A expans\u00e3o das opera\u00e7\u00f5es da BYD n\u00e3o se resume apenas \u00e0 cria\u00e7\u00e3o de empregos diretos. A companhia tem um papel social significativo, ajudando a transformar a vida de muitas pessoas na comunidade de Cama\u00e7ari. A oferta de novos postos de trabalho e a liga\u00e7\u00e3o entre a empresa e os moradores locais resultam em melhorias na qualidade de vida e no aumento das oportunidades de desenvolvimento.<\/p><div class=\"2410bb7248a64bb1f71103797e0f239b\" data-index=\"2\" style=\"float: none; margin:0px;\">\n<ins class=\"adsbygoogle\"\r\n     style=\"display:block; text-align:center;\"\r\n     data-ad-layout=\"in-article\"\r\n     data-ad-format=\"fluid\"\r\n     data-ad-client=\"ca-pub-8585364105181520\"\r\n     data-ad-slot=\"2899217073\"><\/ins>\r\n<script>\r\n     (adsbygoogle = window.adsbygoogle || []).push({});\r\n<\/script>\r\n\r\n<\/br><\/br>\n<\/div>\n\n<h2>A Integra\u00e7\u00e3o Local e o Desenvolvimento Econ\u00f4mico<\/h2>\n<p>A BYD tem se posicionado como um agente de mudan\u00e7a no cen\u00e1rio econ\u00f4mico da Bahia, promovendo a integra\u00e7\u00e3o entre suas opera\u00e7\u00f5es industriais e a comunidade local. Com cerca de 55% de seus funcion\u00e1rios oriundos de Cama\u00e7ari, a empresa demonstra um forte compromisso em fortalecer a m\u00e3o de obra regional, al\u00e9m de incentivar o desenvolvimento de fornecedores locais.<\/p>\n<h2>O Papel da BYD no Mercado de Ve\u00edculos Eletrificados<\/h2>\n<p>Com a crescente demanda por ve\u00edculos eletrificados no Brasil, a BYD desempenha um papel crucial na promo\u00e7\u00e3o da sustentabilidade e da inova\u00e7\u00e3o dentro da ind\u00fastria automotiva. A empresa n\u00e3o apenas liderou as vendas com um total de 14,9 mil unidades em um m\u00eas, mas tamb\u00e9m busca nacionalizar processos industriais, aumentando sua presen\u00e7a e relev\u00e2ncia no mercado.<\/p>\n<h2>Expectativas para o Futuro da Produ\u00e7\u00e3o em Cama\u00e7ari<\/h2>\n<p>As expectativas quanto ao futuro da produ\u00e7\u00e3o na unidade da BYD em Cama\u00e7ari s\u00e3o animadoras. A expectativa \u00e9 que, ao consolidar seu terceiro turno, a planta alcance uma capacidade de produ\u00e7\u00e3o ainda maior. Isso significa que n\u00e3o s\u00f3 a qualidade e a quantidade de ve\u00edculos eletrificados aumentar\u00e3o, mas tamb\u00e9m que a unidade pode se tornar um exemplo para outras f\u00e1bricas no Brasil e na Am\u00e9rica Latina.<\/p>\n<h2>Desafios na Atra\u00e7\u00e3o de Talentos Locais<\/h2>\n<p>Apesar do compromisso da BYD em empregar talentos locais, a atra\u00e7\u00e3o de profissionais qualificados pode apresentar desafios. O mercado de trabalho \u00e9 competitivo, e a necessidade de habilidades espec\u00edficas na ind\u00fastria automotiva pode limitar o pool de candidatos. Portanto, programas de treinamento e parcerias com institui\u00e7\u00f5es de ensino podem ser essenciais para desenvolver as capacidades necess\u00e1rias na comunidade local.<\/p>\n<h2>Como a Comunidade Pode se Beneficiar<\/h2>\n<p>A comunidade de Cama\u00e7ari pode esperar ganhos substanciais com a expans\u00e3o da BYD. Al\u00e9m da cria\u00e7\u00e3o de novas vagas de emprego, a empresa pode contribuir para a forma\u00e7\u00e3o de uma m\u00e3o de obra mais qualificada, incentivando a educa\u00e7\u00e3o t\u00e9cnica e as oportunidades de desenvolvimento cont\u00ednuo. Com a consolida\u00e7\u00e3o da unidade como um polo de mobilidade el\u00e9trica, a cidade pode atrair ainda mais investimentos e se fortalecer como um centro industrial estrat\u00e9gico no Brasil.<\/p>\n<div class=\"2410bb7248a64bb1f71103797e0f239b\" data-index=\"3\" style=\"float: none; margin:0px;\">\n<\/br><\/br>\r\n\r\n<ins class=\"adsbygoogle\"\r\n     style=\"display:block\"\r\n     data-ad-format=\"fluid\"\r\n     data-ad-layout-key=\"-63+do+n-1s+9e\"\r\n     data-ad-client=\"ca-pub-8585364105181520\"\r\n     data-ad-slot=\"6838462089\"><\/ins>\r\n<script>\r\n     (adsbygoogle = window.adsbygoogle || []).push({});\r\n<\/script>\n<\/div>\n\n<div style=\"font-size: 0px; height: 0px; line-height: 0px; margin: 0; padding: 0; clear: both;\"><\/div>","protected":false},"excerpt":{"rendered":"<p>BYD abre 1.600 vagas de emprego em Cama\u00e7ari, impulsionando a economia local.<\/p>\n","protected":false},"author":1,"featured_media":1026,"comment_status":"open","ping_status":"closed","sticky":false,"template":"","format":"standard","meta":{"footnotes":""},"categories":[1],"tags":[],"class_list":["post-1027","post","type-post","status-publish","format-standard","has-post-thumbnail","hentry","category-noticias-em-camacari","has_thumb"],"aioseo_notices":[],"aioseo_head":"\n\t\t<!-- All in One SEO 5.0.0.1 - aioseo.com -->\n\t<meta name=\"description\" content=\"BYD abre 1.600 vagas de emprego em Cama\u00e7ari, impulsionando a economia local.\" \/>\n\t<meta name=\"robots\" content=\"max-image-preview:large\" \/>\n\t<meta name=\"author\" content=\"Encontra Cama\u00e7ari\"\/>\n\t<link rel=\"canonical\" href=\"https:\/\/www.encontracamacari.com.br\/sobre\/byd-anuncia-1-600-vagas-de-emprego-em-camacari\/\" \/>\n\t<meta name=\"generator\" content=\"All in One SEO (AIOSEO) 5.0.0.1\" \/>\n\t\t<meta property=\"og:locale\" content=\"pt_BR\" \/>\n\t\t<meta property=\"og:site_name\" content=\"Encontra Cama\u00e7ari - Not\u00edcias, eventos, informa\u00e7\u00f5es e dicas na cidade de Cama\u00e7ari e regi\u00e3o.\" \/>\n\t\t<meta property=\"og:type\" content=\"article\" \/>\n\t\t<meta property=\"og:title\" content=\"BYD anuncia 1.600 vagas de emprego em Cama\u00e7ari - Encontra Cama\u00e7ari\" \/>\n\t\t<meta property=\"og:description\" content=\"BYD abre 1.600 vagas de emprego em Cama\u00e7ari, impulsionando a economia local.\" \/>\n\t\t<meta property=\"og:url\" content=\"https:\/\/www.encontracamacari.com.br\/sobre\/byd-anuncia-1-600-vagas-de-emprego-em-camacari\/\" \/>\n\t\t<meta property=\"article:published_time\" content=\"2026-05-04T06:05:32+00:00\" \/>\n\t\t<meta property=\"article:modified_time\" content=\"2026-05-04T06:05:32+00:00\" \/>\n\t\t<meta name=\"twitter:card\" content=\"summary_large_image\" \/>\n\t\t<meta name=\"twitter:title\" content=\"BYD anuncia 1.600 vagas de emprego em Cama\u00e7ari - Encontra Cama\u00e7ari\" \/>\n\t\t<meta name=\"twitter:description\" content=\"BYD abre 1.600 vagas de emprego em Cama\u00e7ari, impulsionando a economia local.\" \/>\n\t\t<script type=\"application\/ld+json\" class=\"aioseo-schema\">\n\t\t\t{\"@context\":\"https:\\\/\\\/schema.org\",\"@graph\":[{\"@type\":\"BlogPosting\",\"@id\":\"https:\\\/\\\/www.encontracamacari.com.br\\\/sobre\\\/byd-anuncia-1-600-vagas-de-emprego-em-camacari\\\/#blogposting\",\"name\":\"BYD anuncia 1.600 vagas de emprego em Cama\\u00e7ari - Encontra Cama\\u00e7ari\",\"headline\":\"BYD anuncia 1.600 vagas de emprego em Cama\\u00e7ari\",\"author\":{\"@id\":\"https:\\\/\\\/www.encontracamacari.com.br\\\/sobre\\\/author\\\/ecamacari\\\/#author\"},\"publisher\":{\"@id\":\"https:\\\/\\\/www.encontracamacari.com.br\\\/sobre\\\/#organization\"},\"image\":{\"@type\":\"ImageObject\",\"url\":\"https:\\\/\\\/www.encontracamacari.com.br\\\/sobre\\\/wp-content\\\/uploads\\\/2026\\\/05\\\/byd-anuncia-1-600-vagas-de-emprego-em-camacari.webp\",\"width\":280,\"height\":280,\"caption\":\"vagas de emprego\"},\"datePublished\":\"2026-05-04T06:05:32+00:00\",\"dateModified\":\"2026-05-04T06:05:32+00:00\",\"inLanguage\":\"pt-BR\",\"mainEntityOfPage\":{\"@id\":\"https:\\\/\\\/www.encontracamacari.com.br\\\/sobre\\\/byd-anuncia-1-600-vagas-de-emprego-em-camacari\\\/#webpage\"},\"isPartOf\":{\"@id\":\"https:\\\/\\\/www.encontracamacari.com.br\\\/sobre\\\/byd-anuncia-1-600-vagas-de-emprego-em-camacari\\\/#webpage\"},\"articleSection\":\"Not\\u00edcias Cama\\u00e7ari\"},{\"@type\":\"BreadcrumbList\",\"@id\":\"https:\\\/\\\/www.encontracamacari.com.br\\\/sobre\\\/byd-anuncia-1-600-vagas-de-emprego-em-camacari\\\/#breadcrumblist\",\"itemListElement\":[{\"@type\":\"ListItem\",\"@id\":\"https:\\\/\\\/www.encontracamacari.com.br\\\/sobre#listItem\",\"position\":1,\"name\":\"Home\",\"item\":\"https:\\\/\\\/www.encontracamacari.com.br\\\/sobre\",\"nextItem\":{\"@type\":\"ListItem\",\"@id\":\"https:\\\/\\\/www.encontracamacari.com.br\\\/sobre\\\/noticias-em-camacari\\\/#listItem\",\"name\":\"Not\\u00edcias Cama\\u00e7ari\"}},{\"@type\":\"ListItem\",\"@id\":\"https:\\\/\\\/www.encontracamacari.com.br\\\/sobre\\\/noticias-em-camacari\\\/#listItem\",\"position\":2,\"name\":\"Not\\u00edcias Cama\\u00e7ari\",\"item\":\"https:\\\/\\\/www.encontracamacari.com.br\\\/sobre\\\/noticias-em-camacari\\\/\",\"nextItem\":{\"@type\":\"ListItem\",\"@id\":\"https:\\\/\\\/www.encontracamacari.com.br\\\/sobre\\\/byd-anuncia-1-600-vagas-de-emprego-em-camacari\\\/#listItem\",\"name\":\"BYD anuncia 1.600 vagas de emprego em Cama\\u00e7ari\"},\"previousItem\":{\"@type\":\"ListItem\",\"@id\":\"https:\\\/\\\/www.encontracamacari.com.br\\\/sobre#listItem\",\"name\":\"Home\"}},{\"@type\":\"ListItem\",\"@id\":\"https:\\\/\\\/www.encontracamacari.com.br\\\/sobre\\\/byd-anuncia-1-600-vagas-de-emprego-em-camacari\\\/#listItem\",\"position\":3,\"name\":\"BYD anuncia 1.600 vagas de emprego em Cama\\u00e7ari\",\"previousItem\":{\"@type\":\"ListItem\",\"@id\":\"https:\\\/\\\/www.encontracamacari.com.br\\\/sobre\\\/noticias-em-camacari\\\/#listItem\",\"name\":\"Not\\u00edcias Cama\\u00e7ari\"}}]},{\"@type\":\"Organization\",\"@id\":\"https:\\\/\\\/www.encontracamacari.com.br\\\/sobre\\\/#organization\",\"name\":\"Encontra Cama\\u00e7ari\",\"description\":\"Not\\u00edcias, eventos, informa\\u00e7\\u00f5es e dicas na cidade de Cama\\u00e7ari e regi\\u00e3o.\",\"url\":\"https:\\\/\\\/www.encontracamacari.com.br\\\/sobre\\\/\"},{\"@type\":\"Person\",\"@id\":\"https:\\\/\\\/www.encontracamacari.com.br\\\/sobre\\\/author\\\/ecamacari\\\/#author\",\"url\":\"https:\\\/\\\/www.encontracamacari.com.br\\\/sobre\\\/author\\\/ecamacari\\\/\",\"name\":\"Encontra Cama\\u00e7ari\",\"image\":{\"@type\":\"ImageObject\",\"@id\":\"https:\\\/\\\/www.encontracamacari.com.br\\\/sobre\\\/byd-anuncia-1-600-vagas-de-emprego-em-camacari\\\/#authorImage\",\"url\":\"https:\\\/\\\/secure.gravatar.com\\\/avatar\\\/507340682b8270222e1f208e23198b6ae7e2c6a1033ae84e99bc6bce4f82a387?s=96&d=mm&r=g\",\"width\":96,\"height\":96,\"caption\":\"Encontra Cama\\u00e7ari\"}},{\"@type\":\"WebPage\",\"@id\":\"https:\\\/\\\/www.encontracamacari.com.br\\\/sobre\\\/byd-anuncia-1-600-vagas-de-emprego-em-camacari\\\/#webpage\",\"url\":\"https:\\\/\\\/www.encontracamacari.com.br\\\/sobre\\\/byd-anuncia-1-600-vagas-de-emprego-em-camacari\\\/\",\"name\":\"BYD anuncia 1.600 vagas de emprego em Cama\\u00e7ari - Encontra Cama\\u00e7ari\",\"description\":\"BYD abre 1.600 vagas de emprego em Cama\\u00e7ari, impulsionando a economia local.\",\"inLanguage\":\"pt-BR\",\"isPartOf\":{\"@id\":\"https:\\\/\\\/www.encontracamacari.com.br\\\/sobre\\\/#website\"},\"breadcrumb\":{\"@id\":\"https:\\\/\\\/www.encontracamacari.com.br\\\/sobre\\\/byd-anuncia-1-600-vagas-de-emprego-em-camacari\\\/#breadcrumblist\"},\"author\":{\"@id\":\"https:\\\/\\\/www.encontracamacari.com.br\\\/sobre\\\/author\\\/ecamacari\\\/#author\"},\"creator\":{\"@id\":\"https:\\\/\\\/www.encontracamacari.com.br\\\/sobre\\\/author\\\/ecamacari\\\/#author\"},\"image\":{\"@type\":\"ImageObject\",\"url\":\"https:\\\/\\\/www.encontracamacari.com.br\\\/sobre\\\/wp-content\\\/uploads\\\/2026\\\/05\\\/byd-anuncia-1-600-vagas-de-emprego-em-camacari.webp\",\"@id\":\"https:\\\/\\\/www.encontracamacari.com.br\\\/sobre\\\/byd-anuncia-1-600-vagas-de-emprego-em-camacari\\\/#mainImage\",\"width\":280,\"height\":280,\"caption\":\"vagas de emprego\"},\"primaryImageOfPage\":{\"@id\":\"https:\\\/\\\/www.encontracamacari.com.br\\\/sobre\\\/byd-anuncia-1-600-vagas-de-emprego-em-camacari\\\/#mainImage\"},\"datePublished\":\"2026-05-04T06:05:32+00:00\",\"dateModified\":\"2026-05-04T06:05:32+00:00\"},{\"@type\":\"WebSite\",\"@id\":\"https:\\\/\\\/www.encontracamacari.com.br\\\/sobre\\\/#website\",\"url\":\"https:\\\/\\\/www.encontracamacari.com.br\\\/sobre\\\/\",\"name\":\"Encontra Cama\\u00e7ari\",\"description\":\"Not\\u00edcias, eventos, informa\\u00e7\\u00f5es e dicas na cidade de Cama\\u00e7ari e regi\\u00e3o.\",\"inLanguage\":\"pt-BR\",\"publisher\":{\"@id\":\"https:\\\/\\\/www.encontracamacari.com.br\\\/sobre\\\/#organization\"}}]}\n\t\t<\/script>\n\t\t<!-- All in One SEO -->\n\n","aioseo_head_json":{"title":"BYD anuncia 1.600 vagas de emprego em Cama\u00e7ari - Encontra Cama\u00e7ari","description":"BYD abre 1.600 vagas de emprego em Cama\u00e7ari, impulsionando a economia local.","canonical_url":"https:\/\/www.encontracamacari.com.br\/sobre\/byd-anuncia-1-600-vagas-de-emprego-em-camacari\/","robots":"max-image-preview:large","keywords":"","webmasterTools":{"miscellaneous":""},"schema":{"@context":"https:\/\/schema.org","@graph":[{"@type":"BlogPosting","@id":"https:\/\/www.encontracamacari.com.br\/sobre\/byd-anuncia-1-600-vagas-de-emprego-em-camacari\/#blogposting","name":"BYD anuncia 1.600 vagas de emprego em Cama\u00e7ari - Encontra Cama\u00e7ari","headline":"BYD anuncia 1.600 vagas de emprego em Cama\u00e7ari","author":{"@id":"https:\/\/www.encontracamacari.com.br\/sobre\/author\/ecamacari\/#author"},"publisher":{"@id":"https:\/\/www.encontracamacari.com.br\/sobre\/#organization"},"image":{"@type":"ImageObject","url":"https:\/\/www.encontracamacari.com.br\/sobre\/wp-content\/uploads\/2026\/05\/byd-anuncia-1-600-vagas-de-emprego-em-camacari.webp","width":280,"height":280,"caption":"vagas de emprego"},"datePublished":"2026-05-04T06:05:32+00:00","dateModified":"2026-05-04T06:05:32+00:00","inLanguage":"pt-BR","mainEntityOfPage":{"@id":"https:\/\/www.encontracamacari.com.br\/sobre\/byd-anuncia-1-600-vagas-de-emprego-em-camacari\/#webpage"},"isPartOf":{"@id":"https:\/\/www.encontracamacari.com.br\/sobre\/byd-anuncia-1-600-vagas-de-emprego-em-camacari\/#webpage"},"articleSection":"Not\u00edcias Cama\u00e7ari"},{"@type":"BreadcrumbList","@id":"https:\/\/www.encontracamacari.com.br\/sobre\/byd-anuncia-1-600-vagas-de-emprego-em-camacari\/#breadcrumblist","itemListElement":[{"@type":"ListItem","@id":"https:\/\/www.encontracamacari.com.br\/sobre#listItem","position":1,"name":"Home","item":"https:\/\/www.encontracamacari.com.br\/sobre","nextItem":{"@type":"ListItem","@id":"https:\/\/www.encontracamacari.com.br\/sobre\/noticias-em-camacari\/#listItem","name":"Not\u00edcias Cama\u00e7ari"}},{"@type":"ListItem","@id":"https:\/\/www.encontracamacari.com.br\/sobre\/noticias-em-camacari\/#listItem","position":2,"name":"Not\u00edcias Cama\u00e7ari","item":"https:\/\/www.encontracamacari.com.br\/sobre\/noticias-em-camacari\/","nextItem":{"@type":"ListItem","@id":"https:\/\/www.encontracamacari.com.br\/sobre\/byd-anuncia-1-600-vagas-de-emprego-em-camacari\/#listItem","name":"BYD anuncia 1.600 vagas de emprego em Cama\u00e7ari"},"previousItem":{"@type":"ListItem","@id":"https:\/\/www.encontracamacari.com.br\/sobre#listItem","name":"Home"}},{"@type":"ListItem","@id":"https:\/\/www.encontracamacari.com.br\/sobre\/byd-anuncia-1-600-vagas-de-emprego-em-camacari\/#listItem","position":3,"name":"BYD anuncia 1.600 vagas de emprego em Cama\u00e7ari","previousItem":{"@type":"ListItem","@id":"https:\/\/www.encontracamacari.com.br\/sobre\/noticias-em-camacari\/#listItem","name":"Not\u00edcias Cama\u00e7ari"}}]},{"@type":"Organization","@id":"https:\/\/www.encontracamacari.com.br\/sobre\/#organization","name":"Encontra Cama\u00e7ari","description":"Not\u00edcias, eventos, informa\u00e7\u00f5es e dicas na cidade de Cama\u00e7ari e regi\u00e3o.","url":"https:\/\/www.encontracamacari.com.br\/sobre\/"},{"@type":"Person","@id":"https:\/\/www.encontracamacari.com.br\/sobre\/author\/ecamacari\/#author","url":"https:\/\/www.encontracamacari.com.br\/sobre\/author\/ecamacari\/","name":"Encontra Cama\u00e7ari","image":{"@type":"ImageObject","@id":"https:\/\/www.encontracamacari.com.br\/sobre\/byd-anuncia-1-600-vagas-de-emprego-em-camacari\/#authorImage","url":"https:\/\/secure.gravatar.com\/avatar\/507340682b8270222e1f208e23198b6ae7e2c6a1033ae84e99bc6bce4f82a387?s=96&d=mm&r=g","width":96,"height":96,"caption":"Encontra Cama\u00e7ari"}},{"@type":"WebPage","@id":"https:\/\/www.encontracamacari.com.br\/sobre\/byd-anuncia-1-600-vagas-de-emprego-em-camacari\/#webpage","url":"https:\/\/www.encontracamacari.com.br\/sobre\/byd-anuncia-1-600-vagas-de-emprego-em-camacari\/","name":"BYD anuncia 1.600 vagas de emprego em Cama\u00e7ari - Encontra Cama\u00e7ari","description":"BYD abre 1.600 vagas de emprego em Cama\u00e7ari, impulsionando a economia local.","inLanguage":"pt-BR","isPartOf":{"@id":"https:\/\/www.encontracamacari.com.br\/sobre\/#website"},"breadcrumb":{"@id":"https:\/\/www.encontracamacari.com.br\/sobre\/byd-anuncia-1-600-vagas-de-emprego-em-camacari\/#breadcrumblist"},"author":{"@id":"https:\/\/www.encontracamacari.com.br\/sobre\/author\/ecamacari\/#author"},"creator":{"@id":"https:\/\/www.encontracamacari.com.br\/sobre\/author\/ecamacari\/#author"},"image":{"@type":"ImageObject","url":"https:\/\/www.encontracamacari.com.br\/sobre\/wp-content\/uploads\/2026\/05\/byd-anuncia-1-600-vagas-de-emprego-em-camacari.webp","@id":"https:\/\/www.encontracamacari.com.br\/sobre\/byd-anuncia-1-600-vagas-de-emprego-em-camacari\/#mainImage","width":280,"height":280,"caption":"vagas de emprego"},"primaryImageOfPage":{"@id":"https:\/\/www.encontracamacari.com.br\/sobre\/byd-anuncia-1-600-vagas-de-emprego-em-camacari\/#mainImage"},"datePublished":"2026-05-04T06:05:32+00:00","dateModified":"2026-05-04T06:05:32+00:00"},{"@type":"WebSite","@id":"https:\/\/www.encontracamacari.com.br\/sobre\/#website","url":"https:\/\/www.encontracamacari.com.br\/sobre\/","name":"Encontra Cama\u00e7ari","description":"Not\u00edcias, eventos, informa\u00e7\u00f5es e dicas na cidade de Cama\u00e7ari e regi\u00e3o.","inLanguage":"pt-BR","publisher":{"@id":"https:\/\/www.encontracamacari.com.br\/sobre\/#organization"}}]},"og:locale":"pt_BR","og:site_name":"Encontra Cama\u00e7ari - Not\u00edcias, eventos, informa\u00e7\u00f5es e dicas na cidade de Cama\u00e7ari e regi\u00e3o.","og:type":"article","og:title":"BYD anuncia 1.600 vagas de emprego em Cama\u00e7ari - Encontra Cama\u00e7ari","og:description":"BYD abre 1.600 vagas de emprego em Cama\u00e7ari, impulsionando a economia local.","og:url":"https:\/\/www.encontracamacari.com.br\/sobre\/byd-anuncia-1-600-vagas-de-emprego-em-camacari\/","article:published_time":"2026-05-04T06:05:32+00:00","article:modified_time":"2026-05-04T06:05:32+00:00","twitter:card":"summary_large_image","twitter:title":"BYD anuncia 1.600 vagas de emprego em Cama\u00e7ari - Encontra Cama\u00e7ari","twitter:description":"BYD abre 1.600 vagas de emprego em Cama\u00e7ari, impulsionando a economia local."},"aioseo_meta_data":{"post_id":"1027","title":null,"description":null,"keywords":null,"keyphrases":null,"primary_term":null,"canonical_url":null,"og_title":null,"og_description":null,"og_object_type":"default","og_image_type":"default","og_image_url":null,"og_image_width":null,"og_image_height":null,"og_image_custom_url":null,"og_image_custom_fields":null,"og_video":null,"og_custom_url":null,"og_article_section":null,"og_article_tags":null,"twitter_use_og":false,"twitter_card":"default","twitter_image_type":"default","twitter_image_url":null,"twitter_image_custom_url":null,"twitter_image_custom_fields":null,"twitter_title":null,"twitter_description":null,"schema":{"blockGraphs":[],"customGraphs":[],"default":{"data":{"Article":[],"Course":[],"Dataset":[],"FAQPage":[],"Movie":[],"Person":[],"Product":[],"ProductReview":[],"Car":[],"Recipe":[],"Service":[],"SoftwareApplication":[],"WebPage":[]},"graphName":"BlogPosting","isEnabled":true},"graphs":[]},"schema_type":"default","schema_type_options":null,"pillar_content":false,"robots_default":true,"robots_noindex":false,"robots_noarchive":false,"robots_nosnippet":false,"robots_nofollow":false,"robots_noimageindex":false,"robots_noodp":false,"robots_notranslate":false,"robots_max_snippet":null,"robots_max_videopreview":null,"robots_max_imagepreview":"large","priority":null,"frequency":null,"local_seo":null,"limit_modified_date":false,"created":"2026-05-04 06:05:37","updated":"2026-08-06 03:05:35","focus_keyword":null,"additional_keywords":null,"truseo_locale":null,"ai":null,"breadcrumb_settings":null,"seo_analyzer_scan_date":null},"aioseo_breadcrumb":"<div class=\"aioseo-breadcrumbs\"><span class=\"aioseo-breadcrumb\">\n\t\t\t<a href=\"https:\/\/www.encontracamacari.com.br\/sobre\" title=\"Home\">Home<\/a>\n\t\t<\/span><span class=\"aioseo-breadcrumb-separator\">&raquo;<\/span><span class=\"aioseo-breadcrumb\">\n\t\t\t<a href=\"https:\/\/www.encontracamacari.com.br\/sobre\/noticias-em-camacari\/\" title=\"Not\u00edcias Cama\u00e7ari\">Not\u00edcias Cama\u00e7ari<\/a>\n\t\t<\/span><span class=\"aioseo-breadcrumb-separator\">&raquo;<\/span><span class=\"aioseo-breadcrumb\">\n\t\t\tBYD anuncia 1.600 vagas de emprego em Cama\u00e7ari\n\t\t<\/span><\/div>","aioseo_breadcrumb_json":[{"label":"Home","link":"https:\/\/www.encontracamacari.com.br\/sobre"},{"label":"Not\u00edcias Cama\u00e7ari","link":"https:\/\/www.encontracamacari.com.br\/sobre\/noticias-em-camacari\/"},{"label":"BYD anuncia 1.600 vagas de emprego em Cama\u00e7ari","link":"https:\/\/www.encontracamacari.com.br\/sobre\/byd-anuncia-1-600-vagas-de-emprego-em-camacari\/"}],"_links":{"self":[{"href":"https:\/\/www.encontracamacari.com.br\/sobre\/wp-json\/wp\/v2\/posts\/1027","targetHints":{"allow":["GET"]}}],"collection":[{"href":"https:\/\/www.encontracamacari.com.br\/sobre\/wp-json\/wp\/v2\/posts"}],"about":[{"href":"https:\/\/www.encontracamacari.com.br\/sobre\/wp-json\/wp\/v2\/types\/post"}],"author":[{"embeddable":true,"href":"https:\/\/www.encontracamacari.com.br\/sobre\/wp-json\/wp\/v2\/users\/1"}],"replies":[{"embeddable":true,"href":"https:\/\/www.encontracamacari.com.br\/sobre\/wp-json\/wp\/v2\/comments?post=1027"}],"version-history":[{"count":0,"href":"https:\/\/www.encontracamacari.com.br\/sobre\/wp-json\/wp\/v2\/posts\/1027\/revisions"}],"wp:featuredmedia":[{"embeddable":true,"href":"https:\/\/www.encontracamacari.com.br\/sobre\/wp-json\/wp\/v2\/media\/1026"}],"wp:attachment":[{"href":"https:\/\/www.encontracamacari.com.br\/sobre\/wp-json\/wp\/v2\/media?parent=1027"}],"wp:term":[{"taxonomy":"category","embeddable":true,"href":"https:\/\/www.encontracamacari.com.br\/sobre\/wp-json\/wp\/v2\/categories?post=1027"},{"taxonomy":"post_tag","embeddable":true,"href":"https:\/\/www.encontracamacari.com.br\/sobre\/wp-json\/wp\/v2\/tags?post=1027"}],"curies":[{"name":"wp","href":"https:\/\/api.w.org\/{rel}","templated":true}]}}