{"id":1025,"date":"2026-05-04T06:04:14","date_gmt":"2026-05-04T06:04:14","guid":{"rendered":"https:\/\/www.encontracamacari.com.br\/sobre\/audio-maternidade-regional-de-camacari-registra-nascimento-do-bebe-de-numero-15-mil\/"},"modified":"2026-05-04T06:04:14","modified_gmt":"2026-05-04T06:04:14","slug":"audio-maternidade-regional-de-camacari-registra-nascimento-do-bebe-de-numero-15-mil","status":"publish","type":"post","link":"https:\/\/www.encontracamacari.com.br\/sobre\/audio-maternidade-regional-de-camacari-registra-nascimento-do-bebe-de-numero-15-mil\/","title":{"rendered":"\u00c1UDIO: Maternidade Regional de Cama\u00e7ari registra nascimento do beb\u00ea de n\u00famero 15 mil"},"content":{"rendered":"<div class=\"2410bb7248a64bb1f71103797e0f239b\" data-index=\"1\" style=\"float: none; margin:0px;\">\n<ins class=\"adsbygoogle\"\r\n     style=\"display:block\"\r\n     data-ad-client=\"ca-pub-8585364105181520\"\r\n     data-ad-slot=\"8789329856\"\r\n     data-ad-format=\"auto\"\r\n     data-full-width-responsive=\"true\"><\/ins>\r\n<script>\r\n     (adsbygoogle = window.adsbygoogle || []).push({});\r\n<\/script>\n<\/div>\n<h2>Hist\u00f3rico da Maternidade Regional de Cama\u00e7ari<\/h2>\n<p>A Maternidade Regional de Cama\u00e7ari foi inaugurada com o objetivo de fornecer assist\u00eancia de qualidade \u00e0s gestantes da regi\u00e3o, sendo uma unidade vinculada \u00e0 Secretaria da Sa\u00fade do Estado. Desde sua cria\u00e7\u00e3o, a maternidade tem se destacado no atendimento a partos e na promo\u00e7\u00e3o de cuidados neonatais, contribuindo para a sa\u00fade p\u00fablica local.<\/p>\n<h2>Import\u00e2ncia do Cuidado Neonatal<\/h2>\n<p>O cuidado neonatal \u00e9 essencial para garantir a sa\u00fade dos rec\u00e9m-nascidos, e a Maternidade Regional de Cama\u00e7ari tem sido fundamental nesse aspecto. A unidade oferece uma equipe especializada em cuidados com os beb\u00eas, realizando avalia\u00e7\u00f5es m\u00e9dicas detalhadas logo ap\u00f3s o nascimento. Isso inclui a aplica\u00e7\u00e3o de vacinas e acompanhamento do desenvolvimento inicial do rec\u00e9m-nascido.<\/p>\n<h2>Perfil das Gestantes atendidas<\/h2>\n<p>O perfil das gestantes atendidas na maternidade \u00e9 bastante diversificado. A unidade oferece suporte a mulheres de v\u00e1rias faixas et\u00e1rias e backgrounds socioecon\u00f4micos. Um total de 15 mil beb\u00eas j\u00e1 nasceram nesta unidade, refletindo a confian\u00e7a da comunidade na qualidade do atendimento prestado.<\/p>\n<p><img decoding=\"async\" src=\"https:\/\/www.encontracamacari.com.br\/sobre\/wp-content\/uploads\/2026\/05\/audio-maternidade-regional-de-camacari-registra-nascimento-do-bebe-de-numero-15-mil.webp\" alt=\"Maternidade Regional de Cama\u00e7ari\" loading=\"lazy\" \/><\/p>\n<h2>Servi\u00e7os Oferecidos aos Pacientes<\/h2>\n<p>A Maternidade Regional de Cama\u00e7ari oferece uma gama de servi\u00e7os essenciais para gestantes e suas fam\u00edlias, incluindo:<\/p>\n<ul>\n<li>Consultas de pr\u00e9-natal para monitorar a sa\u00fade da mulher e do feto.<\/li>\n<li>Atendimento humanizado no trabalho de parto e parto.<\/li>\n<li>Apoio psicol\u00f3gico e social \u00e0s gestantes.<\/li>\n<li>P\u00f3s-parto com acompanhamento e orienta\u00e7\u00f5es para m\u00e3es e beb\u00eas.<\/li>\n<\/ul>\n<h2>Acompanhamento de Gestantes de Alto Risco<\/h2>\n<p>A maternidade tamb\u00e9m \u00e9 um centro de refer\u00eancia para gestantes que apresentam riscos elevados. Isso inclui monitoramento constante e acesso a especialistas que podem intervir de forma eficaz, garantindo a seguran\u00e7a tanto da m\u00e3e quanto da crian\u00e7a.<\/p><div class=\"2410bb7248a64bb1f71103797e0f239b\" data-index=\"2\" style=\"float: none; margin:0px;\">\n<ins class=\"adsbygoogle\"\r\n     style=\"display:block; text-align:center;\"\r\n     data-ad-layout=\"in-article\"\r\n     data-ad-format=\"fluid\"\r\n     data-ad-client=\"ca-pub-8585364105181520\"\r\n     data-ad-slot=\"2899217073\"><\/ins>\r\n<script>\r\n     (adsbygoogle = window.adsbygoogle || []).push({});\r\n<\/script>\r\n\r\n<\/br><\/br>\n<\/div>\n\n<h2>Celebrando a Vida: O Nascimento<\/h2>\n<p>Cada nascimento na Maternidade Regional de Cama\u00e7ari \u00e9 um momento de celebra\u00e7\u00e3o. A equipe congratula as m\u00e3es e suas fam\u00edlias pelo novo membro e se empenha em proporcionar um ambiente acolhedor. A primeira filha de Tainara de Souza Santos, por exemplo, nasceu \u00e0s 13h08, marcando o 15.000\u00ba nascimento da maternidade, um marco significativo para a unidade.<\/p>\n<h2>Cuidados P\u00f3s-Parto na Maternidade<\/h2>\n<p>Ap\u00f3s o parto, as m\u00e3es recebem orienta\u00e7\u00f5es sobre cuidados com o rec\u00e9m-nascido e sua recupera\u00e7\u00e3o. A equipe da maternidade disponibiliza apoio cont\u00ednuo, ajudando as m\u00e3es a se adaptarem \u00e0 nova fase de suas vidas.<\/p>\n<h2>Impacto da Maternidade na Comunidade<\/h2>\n<p>A Maternidade Regional de Cama\u00e7ari exerce um papel fundamental na comunidade local. Al\u00e9m de oferecer servi\u00e7os essenciais para as gestantes, a maternidade promove programas de sa\u00fade e educa\u00e7\u00e3o que beneficiam o bem-estar geral da popula\u00e7\u00e3o. O impacto positivo na sa\u00fade das m\u00e3es e beb\u00eas se estende a toda a comunidade.<\/p>\n<h2>Depoimentos de M\u00e3es<\/h2>\n<p>Depoimentos emocionantes de m\u00e3es que tiveram seus filhos na maternidade refletem o carinho e a dedica\u00e7\u00e3o da equipe. Muitas delas destacam o atendimento humano e acolhedor, ressaltando que se sentiram seguras durante todo o processo.<\/p>\n<h2>Pr\u00f3ximos Passos para a Maternidade<\/h2>\n<p>A Maternidade Regional de Cama\u00e7ari planeja expandir seus servi\u00e7os e melhorar ainda mais a qualidade do atendimento. Isso inclui treinamentos cont\u00ednuos para a equipe e a implementa\u00e7\u00e3o de novas tecnologias que facilitem o cuidado com gestantes e rec\u00e9m-nascidos.<\/p>\n<div class=\"2410bb7248a64bb1f71103797e0f239b\" data-index=\"3\" style=\"float: none; margin:0px;\">\n<\/br><\/br>\r\n\r\n<ins class=\"adsbygoogle\"\r\n     style=\"display:block\"\r\n     data-ad-format=\"fluid\"\r\n     data-ad-layout-key=\"-63+do+n-1s+9e\"\r\n     data-ad-client=\"ca-pub-8585364105181520\"\r\n     data-ad-slot=\"6838462089\"><\/ins>\r\n<script>\r\n     (adsbygoogle = window.adsbygoogle || []).push({});\r\n<\/script>\n<\/div>\n\n<div style=\"font-size: 0px; height: 0px; line-height: 0px; margin: 0; padding: 0; clear: both;\"><\/div>","protected":false},"excerpt":{"rendered":"<p>Maternidade Regional de Cama\u00e7ari celebra nascimento de 15 mil beb\u00eas.<\/p>\n","protected":false},"author":1,"featured_media":1024,"comment_status":"open","ping_status":"closed","sticky":false,"template":"","format":"standard","meta":{"footnotes":""},"categories":[1],"tags":[],"class_list":["post-1025","post","type-post","status-publish","format-standard","has-post-thumbnail","hentry","category-noticias-em-camacari","has_thumb"],"aioseo_notices":[],"aioseo_head":"\n\t\t<!-- All in One SEO 5.0.0.1 - aioseo.com -->\n\t<meta name=\"description\" content=\"Maternidade Regional de Cama\u00e7ari celebra nascimento de 15 mil beb\u00eas.\" \/>\n\t<meta name=\"robots\" content=\"max-image-preview:large\" \/>\n\t<meta name=\"author\" content=\"Encontra Cama\u00e7ari\"\/>\n\t<link rel=\"canonical\" href=\"https:\/\/www.encontracamacari.com.br\/sobre\/audio-maternidade-regional-de-camacari-registra-nascimento-do-bebe-de-numero-15-mil\/\" \/>\n\t<meta name=\"generator\" content=\"All in One SEO (AIOSEO) 5.0.0.1\" \/>\n\t\t<meta property=\"og:locale\" content=\"pt_BR\" \/>\n\t\t<meta property=\"og:site_name\" content=\"Encontra Cama\u00e7ari - Not\u00edcias, eventos, informa\u00e7\u00f5es e dicas na cidade de Cama\u00e7ari e regi\u00e3o.\" \/>\n\t\t<meta property=\"og:type\" content=\"article\" \/>\n\t\t<meta property=\"og:title\" content=\"\u00c1UDIO: Maternidade Regional de Cama\u00e7ari registra nascimento do beb\u00ea de n\u00famero 15 mil - Encontra Cama\u00e7ari\" \/>\n\t\t<meta property=\"og:description\" content=\"Maternidade Regional de Cama\u00e7ari celebra nascimento de 15 mil beb\u00eas.\" \/>\n\t\t<meta property=\"og:url\" content=\"https:\/\/www.encontracamacari.com.br\/sobre\/audio-maternidade-regional-de-camacari-registra-nascimento-do-bebe-de-numero-15-mil\/\" \/>\n\t\t<meta property=\"article:published_time\" content=\"2026-05-04T06:04:14+00:00\" \/>\n\t\t<meta property=\"article:modified_time\" content=\"2026-05-04T06:04:14+00:00\" \/>\n\t\t<meta name=\"twitter:card\" content=\"summary_large_image\" \/>\n\t\t<meta name=\"twitter:title\" content=\"\u00c1UDIO: Maternidade Regional de Cama\u00e7ari registra nascimento do beb\u00ea de n\u00famero 15 mil - Encontra Cama\u00e7ari\" \/>\n\t\t<meta name=\"twitter:description\" content=\"Maternidade Regional de Cama\u00e7ari celebra nascimento de 15 mil beb\u00eas.\" \/>\n\t\t<script type=\"application\/ld+json\" class=\"aioseo-schema\">\n\t\t\t{\"@context\":\"https:\\\/\\\/schema.org\",\"@graph\":[{\"@type\":\"BlogPosting\",\"@id\":\"https:\\\/\\\/www.encontracamacari.com.br\\\/sobre\\\/audio-maternidade-regional-de-camacari-registra-nascimento-do-bebe-de-numero-15-mil\\\/#blogposting\",\"name\":\"\\u00c1UDIO: Maternidade Regional de Cama\\u00e7ari registra nascimento do beb\\u00ea de n\\u00famero 15 mil - Encontra Cama\\u00e7ari\",\"headline\":\"\\u00c1UDIO: Maternidade Regional de Cama\\u00e7ari registra nascimento do beb\\u00ea de n\\u00famero 15 mil\",\"author\":{\"@id\":\"https:\\\/\\\/www.encontracamacari.com.br\\\/sobre\\\/author\\\/ecamacari\\\/#author\"},\"publisher\":{\"@id\":\"https:\\\/\\\/www.encontracamacari.com.br\\\/sobre\\\/#organization\"},\"image\":{\"@type\":\"ImageObject\",\"url\":\"https:\\\/\\\/www.encontracamacari.com.br\\\/sobre\\\/wp-content\\\/uploads\\\/2026\\\/05\\\/audio-maternidade-regional-de-camacari-registra-nascimento-do-bebe-de-numero-15-mil.webp\",\"width\":280,\"height\":280,\"caption\":\"Maternidade Regional de Cama\\u00e7ari\"},\"datePublished\":\"2026-05-04T06:04:14+00:00\",\"dateModified\":\"2026-05-04T06:04:14+00:00\",\"inLanguage\":\"pt-BR\",\"mainEntityOfPage\":{\"@id\":\"https:\\\/\\\/www.encontracamacari.com.br\\\/sobre\\\/audio-maternidade-regional-de-camacari-registra-nascimento-do-bebe-de-numero-15-mil\\\/#webpage\"},\"isPartOf\":{\"@id\":\"https:\\\/\\\/www.encontracamacari.com.br\\\/sobre\\\/audio-maternidade-regional-de-camacari-registra-nascimento-do-bebe-de-numero-15-mil\\\/#webpage\"},\"articleSection\":\"Not\\u00edcias Cama\\u00e7ari\"},{\"@type\":\"BreadcrumbList\",\"@id\":\"https:\\\/\\\/www.encontracamacari.com.br\\\/sobre\\\/audio-maternidade-regional-de-camacari-registra-nascimento-do-bebe-de-numero-15-mil\\\/#breadcrumblist\",\"itemListElement\":[{\"@type\":\"ListItem\",\"@id\":\"https:\\\/\\\/www.encontracamacari.com.br\\\/sobre#listItem\",\"position\":1,\"name\":\"Home\",\"item\":\"https:\\\/\\\/www.encontracamacari.com.br\\\/sobre\",\"nextItem\":{\"@type\":\"ListItem\",\"@id\":\"https:\\\/\\\/www.encontracamacari.com.br\\\/sobre\\\/noticias-em-camacari\\\/#listItem\",\"name\":\"Not\\u00edcias Cama\\u00e7ari\"}},{\"@type\":\"ListItem\",\"@id\":\"https:\\\/\\\/www.encontracamacari.com.br\\\/sobre\\\/noticias-em-camacari\\\/#listItem\",\"position\":2,\"name\":\"Not\\u00edcias Cama\\u00e7ari\",\"item\":\"https:\\\/\\\/www.encontracamacari.com.br\\\/sobre\\\/noticias-em-camacari\\\/\",\"nextItem\":{\"@type\":\"ListItem\",\"@id\":\"https:\\\/\\\/www.encontracamacari.com.br\\\/sobre\\\/audio-maternidade-regional-de-camacari-registra-nascimento-do-bebe-de-numero-15-mil\\\/#listItem\",\"name\":\"\\u00c1UDIO: Maternidade Regional de Cama\\u00e7ari registra nascimento do beb\\u00ea de n\\u00famero 15 mil\"},\"previousItem\":{\"@type\":\"ListItem\",\"@id\":\"https:\\\/\\\/www.encontracamacari.com.br\\\/sobre#listItem\",\"name\":\"Home\"}},{\"@type\":\"ListItem\",\"@id\":\"https:\\\/\\\/www.encontracamacari.com.br\\\/sobre\\\/audio-maternidade-regional-de-camacari-registra-nascimento-do-bebe-de-numero-15-mil\\\/#listItem\",\"position\":3,\"name\":\"\\u00c1UDIO: Maternidade Regional de Cama\\u00e7ari registra nascimento do beb\\u00ea de n\\u00famero 15 mil\",\"previousItem\":{\"@type\":\"ListItem\",\"@id\":\"https:\\\/\\\/www.encontracamacari.com.br\\\/sobre\\\/noticias-em-camacari\\\/#listItem\",\"name\":\"Not\\u00edcias Cama\\u00e7ari\"}}]},{\"@type\":\"Organization\",\"@id\":\"https:\\\/\\\/www.encontracamacari.com.br\\\/sobre\\\/#organization\",\"name\":\"Encontra Cama\\u00e7ari\",\"description\":\"Not\\u00edcias, eventos, informa\\u00e7\\u00f5es e dicas na cidade de Cama\\u00e7ari e regi\\u00e3o.\",\"url\":\"https:\\\/\\\/www.encontracamacari.com.br\\\/sobre\\\/\"},{\"@type\":\"Person\",\"@id\":\"https:\\\/\\\/www.encontracamacari.com.br\\\/sobre\\\/author\\\/ecamacari\\\/#author\",\"url\":\"https:\\\/\\\/www.encontracamacari.com.br\\\/sobre\\\/author\\\/ecamacari\\\/\",\"name\":\"Encontra Cama\\u00e7ari\",\"image\":{\"@type\":\"ImageObject\",\"@id\":\"https:\\\/\\\/www.encontracamacari.com.br\\\/sobre\\\/audio-maternidade-regional-de-camacari-registra-nascimento-do-bebe-de-numero-15-mil\\\/#authorImage\",\"url\":\"https:\\\/\\\/secure.gravatar.com\\\/avatar\\\/507340682b8270222e1f208e23198b6ae7e2c6a1033ae84e99bc6bce4f82a387?s=96&d=mm&r=g\",\"width\":96,\"height\":96,\"caption\":\"Encontra Cama\\u00e7ari\"}},{\"@type\":\"WebPage\",\"@id\":\"https:\\\/\\\/www.encontracamacari.com.br\\\/sobre\\\/audio-maternidade-regional-de-camacari-registra-nascimento-do-bebe-de-numero-15-mil\\\/#webpage\",\"url\":\"https:\\\/\\\/www.encontracamacari.com.br\\\/sobre\\\/audio-maternidade-regional-de-camacari-registra-nascimento-do-bebe-de-numero-15-mil\\\/\",\"name\":\"\\u00c1UDIO: Maternidade Regional de Cama\\u00e7ari registra nascimento do beb\\u00ea de n\\u00famero 15 mil - Encontra Cama\\u00e7ari\",\"description\":\"Maternidade Regional de Cama\\u00e7ari celebra nascimento de 15 mil beb\\u00eas.\",\"inLanguage\":\"pt-BR\",\"isPartOf\":{\"@id\":\"https:\\\/\\\/www.encontracamacari.com.br\\\/sobre\\\/#website\"},\"breadcrumb\":{\"@id\":\"https:\\\/\\\/www.encontracamacari.com.br\\\/sobre\\\/audio-maternidade-regional-de-camacari-registra-nascimento-do-bebe-de-numero-15-mil\\\/#breadcrumblist\"},\"author\":{\"@id\":\"https:\\\/\\\/www.encontracamacari.com.br\\\/sobre\\\/author\\\/ecamacari\\\/#author\"},\"creator\":{\"@id\":\"https:\\\/\\\/www.encontracamacari.com.br\\\/sobre\\\/author\\\/ecamacari\\\/#author\"},\"image\":{\"@type\":\"ImageObject\",\"url\":\"https:\\\/\\\/www.encontracamacari.com.br\\\/sobre\\\/wp-content\\\/uploads\\\/2026\\\/05\\\/audio-maternidade-regional-de-camacari-registra-nascimento-do-bebe-de-numero-15-mil.webp\",\"@id\":\"https:\\\/\\\/www.encontracamacari.com.br\\\/sobre\\\/audio-maternidade-regional-de-camacari-registra-nascimento-do-bebe-de-numero-15-mil\\\/#mainImage\",\"width\":280,\"height\":280,\"caption\":\"Maternidade Regional de Cama\\u00e7ari\"},\"primaryImageOfPage\":{\"@id\":\"https:\\\/\\\/www.encontracamacari.com.br\\\/sobre\\\/audio-maternidade-regional-de-camacari-registra-nascimento-do-bebe-de-numero-15-mil\\\/#mainImage\"},\"datePublished\":\"2026-05-04T06:04:14+00:00\",\"dateModified\":\"2026-05-04T06:04:14+00:00\"},{\"@type\":\"WebSite\",\"@id\":\"https:\\\/\\\/www.encontracamacari.com.br\\\/sobre\\\/#website\",\"url\":\"https:\\\/\\\/www.encontracamacari.com.br\\\/sobre\\\/\",\"name\":\"Encontra Cama\\u00e7ari\",\"description\":\"Not\\u00edcias, eventos, informa\\u00e7\\u00f5es e dicas na cidade de Cama\\u00e7ari e regi\\u00e3o.\",\"inLanguage\":\"pt-BR\",\"publisher\":{\"@id\":\"https:\\\/\\\/www.encontracamacari.com.br\\\/sobre\\\/#organization\"}}]}\n\t\t<\/script>\n\t\t<!-- All in One SEO -->\n\n","aioseo_head_json":{"title":"\u00c1UDIO: Maternidade Regional de Cama\u00e7ari registra nascimento do beb\u00ea de n\u00famero 15 mil - Encontra Cama\u00e7ari","description":"Maternidade Regional de Cama\u00e7ari celebra nascimento de 15 mil beb\u00eas.","canonical_url":"https:\/\/www.encontracamacari.com.br\/sobre\/audio-maternidade-regional-de-camacari-registra-nascimento-do-bebe-de-numero-15-mil\/","robots":"max-image-preview:large","keywords":"","webmasterTools":{"miscellaneous":""},"schema":{"@context":"https:\/\/schema.org","@graph":[{"@type":"BlogPosting","@id":"https:\/\/www.encontracamacari.com.br\/sobre\/audio-maternidade-regional-de-camacari-registra-nascimento-do-bebe-de-numero-15-mil\/#blogposting","name":"\u00c1UDIO: Maternidade Regional de Cama\u00e7ari registra nascimento do beb\u00ea de n\u00famero 15 mil - Encontra Cama\u00e7ari","headline":"\u00c1UDIO: Maternidade Regional de Cama\u00e7ari registra nascimento do beb\u00ea de n\u00famero 15 mil","author":{"@id":"https:\/\/www.encontracamacari.com.br\/sobre\/author\/ecamacari\/#author"},"publisher":{"@id":"https:\/\/www.encontracamacari.com.br\/sobre\/#organization"},"image":{"@type":"ImageObject","url":"https:\/\/www.encontracamacari.com.br\/sobre\/wp-content\/uploads\/2026\/05\/audio-maternidade-regional-de-camacari-registra-nascimento-do-bebe-de-numero-15-mil.webp","width":280,"height":280,"caption":"Maternidade Regional de Cama\u00e7ari"},"datePublished":"2026-05-04T06:04:14+00:00","dateModified":"2026-05-04T06:04:14+00:00","inLanguage":"pt-BR","mainEntityOfPage":{"@id":"https:\/\/www.encontracamacari.com.br\/sobre\/audio-maternidade-regional-de-camacari-registra-nascimento-do-bebe-de-numero-15-mil\/#webpage"},"isPartOf":{"@id":"https:\/\/www.encontracamacari.com.br\/sobre\/audio-maternidade-regional-de-camacari-registra-nascimento-do-bebe-de-numero-15-mil\/#webpage"},"articleSection":"Not\u00edcias Cama\u00e7ari"},{"@type":"BreadcrumbList","@id":"https:\/\/www.encontracamacari.com.br\/sobre\/audio-maternidade-regional-de-camacari-registra-nascimento-do-bebe-de-numero-15-mil\/#breadcrumblist","itemListElement":[{"@type":"ListItem","@id":"https:\/\/www.encontracamacari.com.br\/sobre#listItem","position":1,"name":"Home","item":"https:\/\/www.encontracamacari.com.br\/sobre","nextItem":{"@type":"ListItem","@id":"https:\/\/www.encontracamacari.com.br\/sobre\/noticias-em-camacari\/#listItem","name":"Not\u00edcias Cama\u00e7ari"}},{"@type":"ListItem","@id":"https:\/\/www.encontracamacari.com.br\/sobre\/noticias-em-camacari\/#listItem","position":2,"name":"Not\u00edcias Cama\u00e7ari","item":"https:\/\/www.encontracamacari.com.br\/sobre\/noticias-em-camacari\/","nextItem":{"@type":"ListItem","@id":"https:\/\/www.encontracamacari.com.br\/sobre\/audio-maternidade-regional-de-camacari-registra-nascimento-do-bebe-de-numero-15-mil\/#listItem","name":"\u00c1UDIO: Maternidade Regional de Cama\u00e7ari registra nascimento do beb\u00ea de n\u00famero 15 mil"},"previousItem":{"@type":"ListItem","@id":"https:\/\/www.encontracamacari.com.br\/sobre#listItem","name":"Home"}},{"@type":"ListItem","@id":"https:\/\/www.encontracamacari.com.br\/sobre\/audio-maternidade-regional-de-camacari-registra-nascimento-do-bebe-de-numero-15-mil\/#listItem","position":3,"name":"\u00c1UDIO: Maternidade Regional de Cama\u00e7ari registra nascimento do beb\u00ea de n\u00famero 15 mil","previousItem":{"@type":"ListItem","@id":"https:\/\/www.encontracamacari.com.br\/sobre\/noticias-em-camacari\/#listItem","name":"Not\u00edcias Cama\u00e7ari"}}]},{"@type":"Organization","@id":"https:\/\/www.encontracamacari.com.br\/sobre\/#organization","name":"Encontra Cama\u00e7ari","description":"Not\u00edcias, eventos, informa\u00e7\u00f5es e dicas na cidade de Cama\u00e7ari e regi\u00e3o.","url":"https:\/\/www.encontracamacari.com.br\/sobre\/"},{"@type":"Person","@id":"https:\/\/www.encontracamacari.com.br\/sobre\/author\/ecamacari\/#author","url":"https:\/\/www.encontracamacari.com.br\/sobre\/author\/ecamacari\/","name":"Encontra Cama\u00e7ari","image":{"@type":"ImageObject","@id":"https:\/\/www.encontracamacari.com.br\/sobre\/audio-maternidade-regional-de-camacari-registra-nascimento-do-bebe-de-numero-15-mil\/#authorImage","url":"https:\/\/secure.gravatar.com\/avatar\/507340682b8270222e1f208e23198b6ae7e2c6a1033ae84e99bc6bce4f82a387?s=96&d=mm&r=g","width":96,"height":96,"caption":"Encontra Cama\u00e7ari"}},{"@type":"WebPage","@id":"https:\/\/www.encontracamacari.com.br\/sobre\/audio-maternidade-regional-de-camacari-registra-nascimento-do-bebe-de-numero-15-mil\/#webpage","url":"https:\/\/www.encontracamacari.com.br\/sobre\/audio-maternidade-regional-de-camacari-registra-nascimento-do-bebe-de-numero-15-mil\/","name":"\u00c1UDIO: Maternidade Regional de Cama\u00e7ari registra nascimento do beb\u00ea de n\u00famero 15 mil - Encontra Cama\u00e7ari","description":"Maternidade Regional de Cama\u00e7ari celebra nascimento de 15 mil beb\u00eas.","inLanguage":"pt-BR","isPartOf":{"@id":"https:\/\/www.encontracamacari.com.br\/sobre\/#website"},"breadcrumb":{"@id":"https:\/\/www.encontracamacari.com.br\/sobre\/audio-maternidade-regional-de-camacari-registra-nascimento-do-bebe-de-numero-15-mil\/#breadcrumblist"},"author":{"@id":"https:\/\/www.encontracamacari.com.br\/sobre\/author\/ecamacari\/#author"},"creator":{"@id":"https:\/\/www.encontracamacari.com.br\/sobre\/author\/ecamacari\/#author"},"image":{"@type":"ImageObject","url":"https:\/\/www.encontracamacari.com.br\/sobre\/wp-content\/uploads\/2026\/05\/audio-maternidade-regional-de-camacari-registra-nascimento-do-bebe-de-numero-15-mil.webp","@id":"https:\/\/www.encontracamacari.com.br\/sobre\/audio-maternidade-regional-de-camacari-registra-nascimento-do-bebe-de-numero-15-mil\/#mainImage","width":280,"height":280,"caption":"Maternidade Regional de Cama\u00e7ari"},"primaryImageOfPage":{"@id":"https:\/\/www.encontracamacari.com.br\/sobre\/audio-maternidade-regional-de-camacari-registra-nascimento-do-bebe-de-numero-15-mil\/#mainImage"},"datePublished":"2026-05-04T06:04:14+00:00","dateModified":"2026-05-04T06:04:14+00:00"},{"@type":"WebSite","@id":"https:\/\/www.encontracamacari.com.br\/sobre\/#website","url":"https:\/\/www.encontracamacari.com.br\/sobre\/","name":"Encontra Cama\u00e7ari","description":"Not\u00edcias, eventos, informa\u00e7\u00f5es e dicas na cidade de Cama\u00e7ari e regi\u00e3o.","inLanguage":"pt-BR","publisher":{"@id":"https:\/\/www.encontracamacari.com.br\/sobre\/#organization"}}]},"og:locale":"pt_BR","og:site_name":"Encontra Cama\u00e7ari - Not\u00edcias, eventos, informa\u00e7\u00f5es e dicas na cidade de Cama\u00e7ari e regi\u00e3o.","og:type":"article","og:title":"\u00c1UDIO: Maternidade Regional de Cama\u00e7ari registra nascimento do beb\u00ea de n\u00famero 15 mil - Encontra Cama\u00e7ari","og:description":"Maternidade Regional de Cama\u00e7ari celebra nascimento de 15 mil beb\u00eas.","og:url":"https:\/\/www.encontracamacari.com.br\/sobre\/audio-maternidade-regional-de-camacari-registra-nascimento-do-bebe-de-numero-15-mil\/","article:published_time":"2026-05-04T06:04:14+00:00","article:modified_time":"2026-05-04T06:04:14+00:00","twitter:card":"summary_large_image","twitter:title":"\u00c1UDIO: Maternidade Regional de Cama\u00e7ari registra nascimento do beb\u00ea de n\u00famero 15 mil - Encontra Cama\u00e7ari","twitter:description":"Maternidade Regional de Cama\u00e7ari celebra nascimento de 15 mil beb\u00eas."},"aioseo_meta_data":{"post_id":"1025","title":null,"description":null,"keywords":null,"keyphrases":null,"primary_term":null,"canonical_url":null,"og_title":null,"og_description":null,"og_object_type":"default","og_image_type":"default","og_image_url":null,"og_image_width":null,"og_image_height":null,"og_image_custom_url":null,"og_image_custom_fields":null,"og_video":null,"og_custom_url":null,"og_article_section":null,"og_article_tags":null,"twitter_use_og":false,"twitter_card":"default","twitter_image_type":"default","twitter_image_url":null,"twitter_image_custom_url":null,"twitter_image_custom_fields":null,"twitter_title":null,"twitter_description":null,"schema":{"blockGraphs":[],"customGraphs":[],"default":{"data":{"Article":[],"Course":[],"Dataset":[],"FAQPage":[],"Movie":[],"Person":[],"Product":[],"ProductReview":[],"Car":[],"Recipe":[],"Service":[],"SoftwareApplication":[],"WebPage":[]},"graphName":"BlogPosting","isEnabled":true},"graphs":[]},"schema_type":"default","schema_type_options":null,"pillar_content":false,"robots_default":true,"robots_noindex":false,"robots_noarchive":false,"robots_nosnippet":false,"robots_nofollow":false,"robots_noimageindex":false,"robots_noodp":false,"robots_notranslate":false,"robots_max_snippet":null,"robots_max_videopreview":null,"robots_max_imagepreview":"large","priority":null,"frequency":null,"local_seo":null,"limit_modified_date":false,"created":"2026-05-04 06:04:19","updated":"2026-08-06 03:05:35","focus_keyword":null,"additional_keywords":null,"truseo_locale":null,"ai":null,"breadcrumb_settings":null,"seo_analyzer_scan_date":null},"aioseo_breadcrumb":"<div class=\"aioseo-breadcrumbs\"><span class=\"aioseo-breadcrumb\">\n\t\t\t<a href=\"https:\/\/www.encontracamacari.com.br\/sobre\" title=\"Home\">Home<\/a>\n\t\t<\/span><span class=\"aioseo-breadcrumb-separator\">&raquo;<\/span><span class=\"aioseo-breadcrumb\">\n\t\t\t<a href=\"https:\/\/www.encontracamacari.com.br\/sobre\/noticias-em-camacari\/\" title=\"Not\u00edcias Cama\u00e7ari\">Not\u00edcias Cama\u00e7ari<\/a>\n\t\t<\/span><span class=\"aioseo-breadcrumb-separator\">&raquo;<\/span><span class=\"aioseo-breadcrumb\">\n\t\t\t\u00c1UDIO: Maternidade Regional de Cama\u00e7ari registra nascimento do beb\u00ea de n\u00famero 15 mil\n\t\t<\/span><\/div>","aioseo_breadcrumb_json":[{"label":"Home","link":"https:\/\/www.encontracamacari.com.br\/sobre"},{"label":"Not\u00edcias Cama\u00e7ari","link":"https:\/\/www.encontracamacari.com.br\/sobre\/noticias-em-camacari\/"},{"label":"\u00c1UDIO: Maternidade Regional de Cama\u00e7ari registra nascimento do beb\u00ea de n\u00famero 15 mil","link":"https:\/\/www.encontracamacari.com.br\/sobre\/audio-maternidade-regional-de-camacari-registra-nascimento-do-bebe-de-numero-15-mil\/"}],"_links":{"self":[{"href":"https:\/\/www.encontracamacari.com.br\/sobre\/wp-json\/wp\/v2\/posts\/1025","targetHints":{"allow":["GET"]}}],"collection":[{"href":"https:\/\/www.encontracamacari.com.br\/sobre\/wp-json\/wp\/v2\/posts"}],"about":[{"href":"https:\/\/www.encontracamacari.com.br\/sobre\/wp-json\/wp\/v2\/types\/post"}],"author":[{"embeddable":true,"href":"https:\/\/www.encontracamacari.com.br\/sobre\/wp-json\/wp\/v2\/users\/1"}],"replies":[{"embeddable":true,"href":"https:\/\/www.encontracamacari.com.br\/sobre\/wp-json\/wp\/v2\/comments?post=1025"}],"version-history":[{"count":0,"href":"https:\/\/www.encontracamacari.com.br\/sobre\/wp-json\/wp\/v2\/posts\/1025\/revisions"}],"wp:featuredmedia":[{"embeddable":true,"href":"https:\/\/www.encontracamacari.com.br\/sobre\/wp-json\/wp\/v2\/media\/1024"}],"wp:attachment":[{"href":"https:\/\/www.encontracamacari.com.br\/sobre\/wp-json\/wp\/v2\/media?parent=1025"}],"wp:term":[{"taxonomy":"category","embeddable":true,"href":"https:\/\/www.encontracamacari.com.br\/sobre\/wp-json\/wp\/v2\/categories?post=1025"},{"taxonomy":"post_tag","embeddable":true,"href":"https:\/\/www.encontracamacari.com.br\/sobre\/wp-json\/wp\/v2\/tags?post=1025"}],"curies":[{"name":"wp","href":"https:\/\/api.w.org\/{rel}","templated":true}]}}