{"id":1019,"date":"2026-05-03T06:05:06","date_gmt":"2026-05-03T06:05:06","guid":{"rendered":"https:\/\/www.encontracamacari.com.br\/sobre\/grupo-boticario-esta-com-vagas-de-emprego-em-camacari-salvador-e-mais-localidades\/"},"modified":"2026-05-03T06:05:06","modified_gmt":"2026-05-03T06:05:06","slug":"grupo-boticario-esta-com-vagas-de-emprego-em-camacari-salvador-e-mais-localidades","status":"publish","type":"post","link":"https:\/\/www.encontracamacari.com.br\/sobre\/grupo-boticario-esta-com-vagas-de-emprego-em-camacari-salvador-e-mais-localidades\/","title":{"rendered":"Grupo Botic\u00e1rio est\u00e1 com vagas de emprego em Cama\u00e7ari, Salvador e mais localidades"},"content":{"rendered":"<div class=\"2410bb7248a64bb1f71103797e0f239b\" data-index=\"1\" style=\"float: none; margin:0px;\">\n<ins class=\"adsbygoogle\"\r\n     style=\"display:block\"\r\n     data-ad-client=\"ca-pub-8585364105181520\"\r\n     data-ad-slot=\"8789329856\"\r\n     data-ad-format=\"auto\"\r\n     data-full-width-responsive=\"true\"><\/ins>\r\n<script>\r\n     (adsbygoogle = window.adsbygoogle || []).push({});\r\n<\/script>\n<\/div>\n<h2>Oportunidades no Grupo Botic\u00e1rio<\/h2>\n<p>O Grupo Botic\u00e1rio, uma das maiores empresas do setor de beleza do Brasil, est\u00e1 expandindo suas opera\u00e7\u00f5es e oferecendo uma variedade de oportunidades de emprego em diferentes regi\u00f5es do pa\u00eds. Com a presen\u00e7a de marcas renomadas como O Botic\u00e1rio, Eudora, Quem Disse, Berenice?, Vult, entre outras, a companhia est\u00e1 recrutando ativamente em 16 estados, incluindo a Bahia, onde h\u00e1 vagas dispon\u00edveis em cidades como Cama\u00e7ari e Salvador.<\/p>\n<h2>Benef\u00edcios para Colaboradores<\/h2>\n<p>Trabalhar no Grupo Botic\u00e1rio vem com uma s\u00e9rie de vantagens projetadas para promover a sa\u00fade e o bem-estar dos funcion\u00e1rios. Os benef\u00edcios incluem:<\/p>\n<ul>\n<li><strong>Plano de Sa\u00fade:<\/strong> Um plano que cobre consultas m\u00e9dicas e interna\u00e7\u00f5es, com extens\u00f5es para dependentes.<\/li>\n<li><strong>Plano Odontol\u00f3gico:<\/strong> Extens\u00edvel a dependentes legais, com coparticipa\u00e7\u00e3o.<\/li>\n<li><strong>Psicoterapia Online:<\/strong> Oportunidade de realizar duas sess\u00f5es mensais gratuitas.<\/li>\n<li><strong>Bem-estar:<\/strong> Acesso ao Wellhub, uma plataforma de autocuidado e fitness.<\/li>\n<li><strong>Day Off no Anivers\u00e1rio:<\/strong> Um dia de folga para celebrar essa data especial.<\/li>\n<li><strong>Previd\u00eancia Privada e Seguro de Vida:<\/strong> Seguran\u00e7a financeira para os colaboradores e seus familiares.<\/li>\n<li><strong>Licen\u00e7a Parental:<\/strong> Para m\u00e3es, 180 dias; para pais, 120 dias de licen\u00e7a ap\u00f3s o nascimento do filho.<\/li>\n<\/ul>\n<h2>Como se Inscrever nas Vagas<\/h2>\n<p>Os interessados em se candidatar \u00e0s vagas dispon\u00edveis devem visitar a p\u00e1gina de carreiras do Grupo Botic\u00e1rio, que est\u00e1 hospedada na plataforma Gupy. Neste site, \u00e9 poss\u00edvel:<\/p>\n<p><img decoding=\"async\" src=\"https:\/\/www.encontracamacari.com.br\/sobre\/wp-content\/uploads\/2026\/05\/grupo-boticario-esta-com-vagas-de-emprego-em-camacari-salvador-e-mais-localidades.webp\" alt=\"vagas de emprego\" loading=\"lazy\" \/><\/p>\n<ul>\n<li>Visualizar todas as oportunidades atuais e seus requisitos espec\u00edficos.<\/li>\n<li>Submeter curr\u00edculos e monitorar o status da candidatura.<\/li>\n<li>Acompanhar novidades e atualiza\u00e7\u00f5es sobre novos processos seletivos.<\/li>\n<\/ul>\n<p>O processo seletivo \u00e9 estruturado e envolve v\u00e1rias etapas, desde o cadastro at\u00e9 a entrevista final, garantindo que os candidatos sejam avaliados de forma completa.<\/p>\n<h2>Cidades com Vagas Dispon\u00edveis<\/h2>\n<p>A seguir, uma lista das cidades onde o Grupo Botic\u00e1rio possui vagas abertas:<\/p>\n<ul>\n<li><strong>Bahia:<\/strong> Cama\u00e7ari e Salvador.<\/li>\n<li><strong>Cear\u00e1:<\/strong> Fortaleza.<\/li>\n<li><strong>Distrito Federal:<\/strong> Bras\u00edlia.<\/li>\n<li><strong>Esp\u00edrito Santo:<\/strong> Guarapari, Serra, Vila Velha e Vit\u00f3ria.<\/li>\n<li><strong>Minas Gerais:<\/strong> Belo Horizonte, Ipatinga e Varginha.<\/li>\n<li><strong>Mato Grosso:<\/strong> Cuiab\u00e1.<\/li>\n<li><strong>Par\u00e1:<\/strong> Ananindeua e Bel\u00e9m.<\/li>\n<li><strong>Para\u00edba:<\/strong> Jo\u00e3o Pessoa.<\/li>\n<li><strong>Pernambuco:<\/strong> Recife.<\/li>\n<li><strong>Piau\u00ed:<\/strong> Teresina.<\/li>\n<li><strong>Paran\u00e1:<\/strong> Campina Grande do Sul, Curitiba, Londrina e S\u00e3o Jos\u00e9 dos Pinhais.<\/li>\n<li><strong>Rio de Janeiro:<\/strong> Itaperuna, Nova Igua\u00e7u e Rio de Janeiro.<\/li>\n<li><strong>Rio Grande do Sul:<\/strong> Porto Alegre.<\/li>\n<li><strong>Santa Catarina:<\/strong> Blumenau.<\/li>\n<li><strong>Sergipe:<\/strong> Aracaju.<\/li>\n<li><strong>S\u00e3o Paulo:<\/strong> Araraquara, Cajamar, Campinas, Carapicu\u00edba, Diadema, Santo Andr\u00e9, Sorocaba e S\u00e3o Paulo.<\/li>\n<\/ul>\n<h2>Setores com Oportunidades<\/h2>\n<p>As vagas abertas est\u00e3o distribu\u00eddas em diversas \u00e1reas, refletindo a ampla atua\u00e7\u00e3o do Grupo Botic\u00e1rio no mercado:<\/p><div class=\"2410bb7248a64bb1f71103797e0f239b\" data-index=\"2\" style=\"float: none; margin:0px;\">\n<ins class=\"adsbygoogle\"\r\n     style=\"display:block; text-align:center;\"\r\n     data-ad-layout=\"in-article\"\r\n     data-ad-format=\"fluid\"\r\n     data-ad-client=\"ca-pub-8585364105181520\"\r\n     data-ad-slot=\"2899217073\"><\/ins>\r\n<script>\r\n     (adsbygoogle = window.adsbygoogle || []).push({});\r\n<\/script>\r\n\r\n<\/br><\/br>\n<\/div>\n\n<ul>\n<li><strong>Capta\u00e7\u00e3o de Revendedores:<\/strong> Buscando profissionais que possam ampliar a rede de vendas.<\/li>\n<li><strong>Planejamento e Manuten\u00e7\u00e3o:<\/strong> Para garantir a efici\u00eancia das opera\u00e7\u00f5es.<\/li>\n<li><strong>Meio Ambiente:<\/strong> Foco em pr\u00e1ticas sustent\u00e1veis e responsabilidade ambiental.<\/li>\n<\/ul>\n<h2>Experi\u00eancia do Funcion\u00e1rio<\/h2>\n<p>Os colaboradores do Grupo Botic\u00e1rio frequentemente destacam os aspectos positivos de trabalhar na empresa, como:<\/p>\n<ul>\n<li><strong>Cultura Corporativa:<\/strong> Um ambiente positivo e inclusivo que valoriza a diversidade e a criatividade.<\/li>\n<li><strong>Desenvolvimento Profissional:<\/strong> A empresa investe em treinamentos e capacita\u00e7\u00e3o cont\u00ednua.<\/li>\n<li><strong>Valoriza\u00e7\u00e3o do Emprego:<\/strong> Participa\u00e7\u00e3o em eventos e celebra\u00e7\u00f5es que refor\u00e7am o pertencimento.<\/li>\n<\/ul>\n<h2>Dicas para a Candidatura<\/h2>\n<p>Para aumentar suas chances de sucesso durante o processo de sele\u00e7\u00e3o, aqui est\u00e3o algumas dicas:<\/p>\n<ul>\n<li><strong>Personalize Seu Curr\u00edculo:<\/strong> Ajuste seu curr\u00edculo para cada vaga, destacando experi\u00eancias relevantes.<\/li>\n<li><strong>Pesquise Sobre a Empresa:<\/strong> Conhecer bem a hist\u00f3ria e os valores do Grupo Botic\u00e1rio pode te ajudar a se destacar.<\/li>\n<li><strong>Prepare-se para as Entrevistas:<\/strong> Estude quest\u00f5es comuns e esteja pronto para falar sobre suas experi\u00eancias.<\/li>\n<\/ul>\n<h2>Benef\u00edcios da Licen\u00e7a Parental<\/h2>\n<p>A licen\u00e7a parental oferecida pelo Grupo Botic\u00e1rio \u00e9 um dos diferenciais que atraem muitos profissionais:<\/p>\n<ul>\n<li><strong>Igualdade de Direitos:<\/strong> Tanto m\u00e3es quanto pais t\u00eam direito a per\u00edodos significativos de licen\u00e7a.<\/li>\n<li><strong>Apoio aos Funcion\u00e1rios:<\/strong> As pol\u00edticas visam apoiar o equil\u00edbrio entre vida profissional e pessoal.<\/li>\n<\/ul>\n<h2>Integra\u00e7\u00e3o e Treinamento<\/h2>\n<p>Ap\u00f3s a contrata\u00e7\u00e3o, o Grupo Botic\u00e1rio proporciona um processo de integra\u00e7\u00e3o robusto para novos colaboradores, que inclui:<\/p>\n<ul>\n<li><strong>Programas de Mentoria:<\/strong> Novos colaboradores s\u00e3o acompanhados por profissionais experientes.<\/li>\n<li><strong>Treinamentos Regulares:<\/strong> Focando em habilidades t\u00e9cnicas e comportamentais.<\/li>\n<\/ul>\n<h2>A Import\u00e2ncia do Trabalho em Equipe<\/h2>\n<p>A colabora\u00e7\u00e3o e o trabalho em equipe s\u00e3o essenciais para o sucesso no Grupo Botic\u00e1rio. Os colaboradores s\u00e3o incentivados a:<\/p>\n<ul>\n<li><strong>Participar de Projetos Interdepartamentais:<\/strong> Promover uma maior integra\u00e7\u00e3o e sinergia.<\/li>\n<li><strong>Contribuir com Ideias Inovadoras:<\/strong> Um ambiente que \u00e9 aberto a sugest\u00f5es e novas pr\u00e1ticas.<\/li>\n<\/ul>\n<div class=\"2410bb7248a64bb1f71103797e0f239b\" data-index=\"3\" style=\"float: none; margin:0px;\">\n<\/br><\/br>\r\n\r\n<ins class=\"adsbygoogle\"\r\n     style=\"display:block\"\r\n     data-ad-format=\"fluid\"\r\n     data-ad-layout-key=\"-63+do+n-1s+9e\"\r\n     data-ad-client=\"ca-pub-8585364105181520\"\r\n     data-ad-slot=\"6838462089\"><\/ins>\r\n<script>\r\n     (adsbygoogle = window.adsbygoogle || []).push({});\r\n<\/script>\n<\/div>\n\n<div style=\"font-size: 0px; height: 0px; line-height: 0px; margin: 0; padding: 0; clear: both;\"><\/div>","protected":false},"excerpt":{"rendered":"<p>Descubra as oportunidades de emprego no Grupo Botic\u00e1rio em Cama\u00e7ari e Salvador.<\/p>\n","protected":false},"author":1,"featured_media":1018,"comment_status":"open","ping_status":"closed","sticky":false,"template":"","format":"standard","meta":{"footnotes":""},"categories":[1],"tags":[],"class_list":["post-1019","post","type-post","status-publish","format-standard","has-post-thumbnail","hentry","category-noticias-em-camacari","has_thumb"],"aioseo_notices":[],"aioseo_head":"\n\t\t<!-- All in One SEO 5.0.0.1 - aioseo.com -->\n\t<meta name=\"description\" content=\"Descubra as oportunidades de emprego no Grupo Botic\u00e1rio em Cama\u00e7ari e Salvador.\" \/>\n\t<meta name=\"robots\" content=\"max-image-preview:large\" \/>\n\t<meta name=\"author\" content=\"Encontra Cama\u00e7ari\"\/>\n\t<link rel=\"canonical\" href=\"https:\/\/www.encontracamacari.com.br\/sobre\/grupo-boticario-esta-com-vagas-de-emprego-em-camacari-salvador-e-mais-localidades\/\" \/>\n\t<meta name=\"generator\" content=\"All in One SEO (AIOSEO) 5.0.0.1\" \/>\n\t\t<meta property=\"og:locale\" content=\"pt_BR\" \/>\n\t\t<meta property=\"og:site_name\" content=\"Encontra Cama\u00e7ari - Not\u00edcias, eventos, informa\u00e7\u00f5es e dicas na cidade de Cama\u00e7ari e regi\u00e3o.\" \/>\n\t\t<meta property=\"og:type\" content=\"article\" \/>\n\t\t<meta property=\"og:title\" content=\"Grupo Botic\u00e1rio est\u00e1 com vagas de emprego em Cama\u00e7ari, Salvador e mais localidades - Encontra Cama\u00e7ari\" \/>\n\t\t<meta property=\"og:description\" content=\"Descubra as oportunidades de emprego no Grupo Botic\u00e1rio em Cama\u00e7ari e Salvador.\" \/>\n\t\t<meta property=\"og:url\" content=\"https:\/\/www.encontracamacari.com.br\/sobre\/grupo-boticario-esta-com-vagas-de-emprego-em-camacari-salvador-e-mais-localidades\/\" \/>\n\t\t<meta property=\"article:published_time\" content=\"2026-05-03T06:05:06+00:00\" \/>\n\t\t<meta property=\"article:modified_time\" content=\"2026-05-03T06:05:06+00:00\" \/>\n\t\t<meta name=\"twitter:card\" content=\"summary_large_image\" \/>\n\t\t<meta name=\"twitter:title\" content=\"Grupo Botic\u00e1rio est\u00e1 com vagas de emprego em Cama\u00e7ari, Salvador e mais localidades - Encontra Cama\u00e7ari\" \/>\n\t\t<meta name=\"twitter:description\" content=\"Descubra as oportunidades de emprego no Grupo Botic\u00e1rio em Cama\u00e7ari e Salvador.\" \/>\n\t\t<script type=\"application\/ld+json\" class=\"aioseo-schema\">\n\t\t\t{\"@context\":\"https:\\\/\\\/schema.org\",\"@graph\":[{\"@type\":\"BlogPosting\",\"@id\":\"https:\\\/\\\/www.encontracamacari.com.br\\\/sobre\\\/grupo-boticario-esta-com-vagas-de-emprego-em-camacari-salvador-e-mais-localidades\\\/#blogposting\",\"name\":\"Grupo Botic\\u00e1rio est\\u00e1 com vagas de emprego em Cama\\u00e7ari, Salvador e mais localidades - Encontra Cama\\u00e7ari\",\"headline\":\"Grupo Botic\\u00e1rio est\\u00e1 com vagas de emprego em Cama\\u00e7ari, Salvador e mais localidades\",\"author\":{\"@id\":\"https:\\\/\\\/www.encontracamacari.com.br\\\/sobre\\\/author\\\/ecamacari\\\/#author\"},\"publisher\":{\"@id\":\"https:\\\/\\\/www.encontracamacari.com.br\\\/sobre\\\/#organization\"},\"image\":{\"@type\":\"ImageObject\",\"url\":\"https:\\\/\\\/www.encontracamacari.com.br\\\/sobre\\\/wp-content\\\/uploads\\\/2026\\\/05\\\/grupo-boticario-esta-com-vagas-de-emprego-em-camacari-salvador-e-mais-localidades.webp\",\"width\":280,\"height\":280,\"caption\":\"vagas de emprego\"},\"datePublished\":\"2026-05-03T06:05:06+00:00\",\"dateModified\":\"2026-05-03T06:05:06+00:00\",\"inLanguage\":\"pt-BR\",\"mainEntityOfPage\":{\"@id\":\"https:\\\/\\\/www.encontracamacari.com.br\\\/sobre\\\/grupo-boticario-esta-com-vagas-de-emprego-em-camacari-salvador-e-mais-localidades\\\/#webpage\"},\"isPartOf\":{\"@id\":\"https:\\\/\\\/www.encontracamacari.com.br\\\/sobre\\\/grupo-boticario-esta-com-vagas-de-emprego-em-camacari-salvador-e-mais-localidades\\\/#webpage\"},\"articleSection\":\"Not\\u00edcias Cama\\u00e7ari\"},{\"@type\":\"BreadcrumbList\",\"@id\":\"https:\\\/\\\/www.encontracamacari.com.br\\\/sobre\\\/grupo-boticario-esta-com-vagas-de-emprego-em-camacari-salvador-e-mais-localidades\\\/#breadcrumblist\",\"itemListElement\":[{\"@type\":\"ListItem\",\"@id\":\"https:\\\/\\\/www.encontracamacari.com.br\\\/sobre#listItem\",\"position\":1,\"name\":\"Home\",\"item\":\"https:\\\/\\\/www.encontracamacari.com.br\\\/sobre\",\"nextItem\":{\"@type\":\"ListItem\",\"@id\":\"https:\\\/\\\/www.encontracamacari.com.br\\\/sobre\\\/noticias-em-camacari\\\/#listItem\",\"name\":\"Not\\u00edcias Cama\\u00e7ari\"}},{\"@type\":\"ListItem\",\"@id\":\"https:\\\/\\\/www.encontracamacari.com.br\\\/sobre\\\/noticias-em-camacari\\\/#listItem\",\"position\":2,\"name\":\"Not\\u00edcias Cama\\u00e7ari\",\"item\":\"https:\\\/\\\/www.encontracamacari.com.br\\\/sobre\\\/noticias-em-camacari\\\/\",\"nextItem\":{\"@type\":\"ListItem\",\"@id\":\"https:\\\/\\\/www.encontracamacari.com.br\\\/sobre\\\/grupo-boticario-esta-com-vagas-de-emprego-em-camacari-salvador-e-mais-localidades\\\/#listItem\",\"name\":\"Grupo Botic\\u00e1rio est\\u00e1 com vagas de emprego em Cama\\u00e7ari, Salvador e mais localidades\"},\"previousItem\":{\"@type\":\"ListItem\",\"@id\":\"https:\\\/\\\/www.encontracamacari.com.br\\\/sobre#listItem\",\"name\":\"Home\"}},{\"@type\":\"ListItem\",\"@id\":\"https:\\\/\\\/www.encontracamacari.com.br\\\/sobre\\\/grupo-boticario-esta-com-vagas-de-emprego-em-camacari-salvador-e-mais-localidades\\\/#listItem\",\"position\":3,\"name\":\"Grupo Botic\\u00e1rio est\\u00e1 com vagas de emprego em Cama\\u00e7ari, Salvador e mais localidades\",\"previousItem\":{\"@type\":\"ListItem\",\"@id\":\"https:\\\/\\\/www.encontracamacari.com.br\\\/sobre\\\/noticias-em-camacari\\\/#listItem\",\"name\":\"Not\\u00edcias Cama\\u00e7ari\"}}]},{\"@type\":\"Organization\",\"@id\":\"https:\\\/\\\/www.encontracamacari.com.br\\\/sobre\\\/#organization\",\"name\":\"Encontra Cama\\u00e7ari\",\"description\":\"Not\\u00edcias, eventos, informa\\u00e7\\u00f5es e dicas na cidade de Cama\\u00e7ari e regi\\u00e3o.\",\"url\":\"https:\\\/\\\/www.encontracamacari.com.br\\\/sobre\\\/\"},{\"@type\":\"Person\",\"@id\":\"https:\\\/\\\/www.encontracamacari.com.br\\\/sobre\\\/author\\\/ecamacari\\\/#author\",\"url\":\"https:\\\/\\\/www.encontracamacari.com.br\\\/sobre\\\/author\\\/ecamacari\\\/\",\"name\":\"Encontra Cama\\u00e7ari\",\"image\":{\"@type\":\"ImageObject\",\"@id\":\"https:\\\/\\\/www.encontracamacari.com.br\\\/sobre\\\/grupo-boticario-esta-com-vagas-de-emprego-em-camacari-salvador-e-mais-localidades\\\/#authorImage\",\"url\":\"https:\\\/\\\/secure.gravatar.com\\\/avatar\\\/507340682b8270222e1f208e23198b6ae7e2c6a1033ae84e99bc6bce4f82a387?s=96&d=mm&r=g\",\"width\":96,\"height\":96,\"caption\":\"Encontra Cama\\u00e7ari\"}},{\"@type\":\"WebPage\",\"@id\":\"https:\\\/\\\/www.encontracamacari.com.br\\\/sobre\\\/grupo-boticario-esta-com-vagas-de-emprego-em-camacari-salvador-e-mais-localidades\\\/#webpage\",\"url\":\"https:\\\/\\\/www.encontracamacari.com.br\\\/sobre\\\/grupo-boticario-esta-com-vagas-de-emprego-em-camacari-salvador-e-mais-localidades\\\/\",\"name\":\"Grupo Botic\\u00e1rio est\\u00e1 com vagas de emprego em Cama\\u00e7ari, Salvador e mais localidades - Encontra Cama\\u00e7ari\",\"description\":\"Descubra as oportunidades de emprego no Grupo Botic\\u00e1rio em Cama\\u00e7ari e Salvador.\",\"inLanguage\":\"pt-BR\",\"isPartOf\":{\"@id\":\"https:\\\/\\\/www.encontracamacari.com.br\\\/sobre\\\/#website\"},\"breadcrumb\":{\"@id\":\"https:\\\/\\\/www.encontracamacari.com.br\\\/sobre\\\/grupo-boticario-esta-com-vagas-de-emprego-em-camacari-salvador-e-mais-localidades\\\/#breadcrumblist\"},\"author\":{\"@id\":\"https:\\\/\\\/www.encontracamacari.com.br\\\/sobre\\\/author\\\/ecamacari\\\/#author\"},\"creator\":{\"@id\":\"https:\\\/\\\/www.encontracamacari.com.br\\\/sobre\\\/author\\\/ecamacari\\\/#author\"},\"image\":{\"@type\":\"ImageObject\",\"url\":\"https:\\\/\\\/www.encontracamacari.com.br\\\/sobre\\\/wp-content\\\/uploads\\\/2026\\\/05\\\/grupo-boticario-esta-com-vagas-de-emprego-em-camacari-salvador-e-mais-localidades.webp\",\"@id\":\"https:\\\/\\\/www.encontracamacari.com.br\\\/sobre\\\/grupo-boticario-esta-com-vagas-de-emprego-em-camacari-salvador-e-mais-localidades\\\/#mainImage\",\"width\":280,\"height\":280,\"caption\":\"vagas de emprego\"},\"primaryImageOfPage\":{\"@id\":\"https:\\\/\\\/www.encontracamacari.com.br\\\/sobre\\\/grupo-boticario-esta-com-vagas-de-emprego-em-camacari-salvador-e-mais-localidades\\\/#mainImage\"},\"datePublished\":\"2026-05-03T06:05:06+00:00\",\"dateModified\":\"2026-05-03T06:05:06+00:00\"},{\"@type\":\"WebSite\",\"@id\":\"https:\\\/\\\/www.encontracamacari.com.br\\\/sobre\\\/#website\",\"url\":\"https:\\\/\\\/www.encontracamacari.com.br\\\/sobre\\\/\",\"name\":\"Encontra Cama\\u00e7ari\",\"description\":\"Not\\u00edcias, eventos, informa\\u00e7\\u00f5es e dicas na cidade de Cama\\u00e7ari e regi\\u00e3o.\",\"inLanguage\":\"pt-BR\",\"publisher\":{\"@id\":\"https:\\\/\\\/www.encontracamacari.com.br\\\/sobre\\\/#organization\"}}]}\n\t\t<\/script>\n\t\t<!-- All in One SEO -->\n\n","aioseo_head_json":{"title":"Grupo Botic\u00e1rio est\u00e1 com vagas de emprego em Cama\u00e7ari, Salvador e mais localidades - Encontra Cama\u00e7ari","description":"Descubra as oportunidades de emprego no Grupo Botic\u00e1rio em Cama\u00e7ari e Salvador.","canonical_url":"https:\/\/www.encontracamacari.com.br\/sobre\/grupo-boticario-esta-com-vagas-de-emprego-em-camacari-salvador-e-mais-localidades\/","robots":"max-image-preview:large","keywords":"","webmasterTools":{"miscellaneous":""},"schema":{"@context":"https:\/\/schema.org","@graph":[{"@type":"BlogPosting","@id":"https:\/\/www.encontracamacari.com.br\/sobre\/grupo-boticario-esta-com-vagas-de-emprego-em-camacari-salvador-e-mais-localidades\/#blogposting","name":"Grupo Botic\u00e1rio est\u00e1 com vagas de emprego em Cama\u00e7ari, Salvador e mais localidades - Encontra Cama\u00e7ari","headline":"Grupo Botic\u00e1rio est\u00e1 com vagas de emprego em Cama\u00e7ari, Salvador e mais localidades","author":{"@id":"https:\/\/www.encontracamacari.com.br\/sobre\/author\/ecamacari\/#author"},"publisher":{"@id":"https:\/\/www.encontracamacari.com.br\/sobre\/#organization"},"image":{"@type":"ImageObject","url":"https:\/\/www.encontracamacari.com.br\/sobre\/wp-content\/uploads\/2026\/05\/grupo-boticario-esta-com-vagas-de-emprego-em-camacari-salvador-e-mais-localidades.webp","width":280,"height":280,"caption":"vagas de emprego"},"datePublished":"2026-05-03T06:05:06+00:00","dateModified":"2026-05-03T06:05:06+00:00","inLanguage":"pt-BR","mainEntityOfPage":{"@id":"https:\/\/www.encontracamacari.com.br\/sobre\/grupo-boticario-esta-com-vagas-de-emprego-em-camacari-salvador-e-mais-localidades\/#webpage"},"isPartOf":{"@id":"https:\/\/www.encontracamacari.com.br\/sobre\/grupo-boticario-esta-com-vagas-de-emprego-em-camacari-salvador-e-mais-localidades\/#webpage"},"articleSection":"Not\u00edcias Cama\u00e7ari"},{"@type":"BreadcrumbList","@id":"https:\/\/www.encontracamacari.com.br\/sobre\/grupo-boticario-esta-com-vagas-de-emprego-em-camacari-salvador-e-mais-localidades\/#breadcrumblist","itemListElement":[{"@type":"ListItem","@id":"https:\/\/www.encontracamacari.com.br\/sobre#listItem","position":1,"name":"Home","item":"https:\/\/www.encontracamacari.com.br\/sobre","nextItem":{"@type":"ListItem","@id":"https:\/\/www.encontracamacari.com.br\/sobre\/noticias-em-camacari\/#listItem","name":"Not\u00edcias Cama\u00e7ari"}},{"@type":"ListItem","@id":"https:\/\/www.encontracamacari.com.br\/sobre\/noticias-em-camacari\/#listItem","position":2,"name":"Not\u00edcias Cama\u00e7ari","item":"https:\/\/www.encontracamacari.com.br\/sobre\/noticias-em-camacari\/","nextItem":{"@type":"ListItem","@id":"https:\/\/www.encontracamacari.com.br\/sobre\/grupo-boticario-esta-com-vagas-de-emprego-em-camacari-salvador-e-mais-localidades\/#listItem","name":"Grupo Botic\u00e1rio est\u00e1 com vagas de emprego em Cama\u00e7ari, Salvador e mais localidades"},"previousItem":{"@type":"ListItem","@id":"https:\/\/www.encontracamacari.com.br\/sobre#listItem","name":"Home"}},{"@type":"ListItem","@id":"https:\/\/www.encontracamacari.com.br\/sobre\/grupo-boticario-esta-com-vagas-de-emprego-em-camacari-salvador-e-mais-localidades\/#listItem","position":3,"name":"Grupo Botic\u00e1rio est\u00e1 com vagas de emprego em Cama\u00e7ari, Salvador e mais localidades","previousItem":{"@type":"ListItem","@id":"https:\/\/www.encontracamacari.com.br\/sobre\/noticias-em-camacari\/#listItem","name":"Not\u00edcias Cama\u00e7ari"}}]},{"@type":"Organization","@id":"https:\/\/www.encontracamacari.com.br\/sobre\/#organization","name":"Encontra Cama\u00e7ari","description":"Not\u00edcias, eventos, informa\u00e7\u00f5es e dicas na cidade de Cama\u00e7ari e regi\u00e3o.","url":"https:\/\/www.encontracamacari.com.br\/sobre\/"},{"@type":"Person","@id":"https:\/\/www.encontracamacari.com.br\/sobre\/author\/ecamacari\/#author","url":"https:\/\/www.encontracamacari.com.br\/sobre\/author\/ecamacari\/","name":"Encontra Cama\u00e7ari","image":{"@type":"ImageObject","@id":"https:\/\/www.encontracamacari.com.br\/sobre\/grupo-boticario-esta-com-vagas-de-emprego-em-camacari-salvador-e-mais-localidades\/#authorImage","url":"https:\/\/secure.gravatar.com\/avatar\/507340682b8270222e1f208e23198b6ae7e2c6a1033ae84e99bc6bce4f82a387?s=96&d=mm&r=g","width":96,"height":96,"caption":"Encontra Cama\u00e7ari"}},{"@type":"WebPage","@id":"https:\/\/www.encontracamacari.com.br\/sobre\/grupo-boticario-esta-com-vagas-de-emprego-em-camacari-salvador-e-mais-localidades\/#webpage","url":"https:\/\/www.encontracamacari.com.br\/sobre\/grupo-boticario-esta-com-vagas-de-emprego-em-camacari-salvador-e-mais-localidades\/","name":"Grupo Botic\u00e1rio est\u00e1 com vagas de emprego em Cama\u00e7ari, Salvador e mais localidades - Encontra Cama\u00e7ari","description":"Descubra as oportunidades de emprego no Grupo Botic\u00e1rio em Cama\u00e7ari e Salvador.","inLanguage":"pt-BR","isPartOf":{"@id":"https:\/\/www.encontracamacari.com.br\/sobre\/#website"},"breadcrumb":{"@id":"https:\/\/www.encontracamacari.com.br\/sobre\/grupo-boticario-esta-com-vagas-de-emprego-em-camacari-salvador-e-mais-localidades\/#breadcrumblist"},"author":{"@id":"https:\/\/www.encontracamacari.com.br\/sobre\/author\/ecamacari\/#author"},"creator":{"@id":"https:\/\/www.encontracamacari.com.br\/sobre\/author\/ecamacari\/#author"},"image":{"@type":"ImageObject","url":"https:\/\/www.encontracamacari.com.br\/sobre\/wp-content\/uploads\/2026\/05\/grupo-boticario-esta-com-vagas-de-emprego-em-camacari-salvador-e-mais-localidades.webp","@id":"https:\/\/www.encontracamacari.com.br\/sobre\/grupo-boticario-esta-com-vagas-de-emprego-em-camacari-salvador-e-mais-localidades\/#mainImage","width":280,"height":280,"caption":"vagas de emprego"},"primaryImageOfPage":{"@id":"https:\/\/www.encontracamacari.com.br\/sobre\/grupo-boticario-esta-com-vagas-de-emprego-em-camacari-salvador-e-mais-localidades\/#mainImage"},"datePublished":"2026-05-03T06:05:06+00:00","dateModified":"2026-05-03T06:05:06+00:00"},{"@type":"WebSite","@id":"https:\/\/www.encontracamacari.com.br\/sobre\/#website","url":"https:\/\/www.encontracamacari.com.br\/sobre\/","name":"Encontra Cama\u00e7ari","description":"Not\u00edcias, eventos, informa\u00e7\u00f5es e dicas na cidade de Cama\u00e7ari e regi\u00e3o.","inLanguage":"pt-BR","publisher":{"@id":"https:\/\/www.encontracamacari.com.br\/sobre\/#organization"}}]},"og:locale":"pt_BR","og:site_name":"Encontra Cama\u00e7ari - Not\u00edcias, eventos, informa\u00e7\u00f5es e dicas na cidade de Cama\u00e7ari e regi\u00e3o.","og:type":"article","og:title":"Grupo Botic\u00e1rio est\u00e1 com vagas de emprego em Cama\u00e7ari, Salvador e mais localidades - Encontra Cama\u00e7ari","og:description":"Descubra as oportunidades de emprego no Grupo Botic\u00e1rio em Cama\u00e7ari e Salvador.","og:url":"https:\/\/www.encontracamacari.com.br\/sobre\/grupo-boticario-esta-com-vagas-de-emprego-em-camacari-salvador-e-mais-localidades\/","article:published_time":"2026-05-03T06:05:06+00:00","article:modified_time":"2026-05-03T06:05:06+00:00","twitter:card":"summary_large_image","twitter:title":"Grupo Botic\u00e1rio est\u00e1 com vagas de emprego em Cama\u00e7ari, Salvador e mais localidades - Encontra Cama\u00e7ari","twitter:description":"Descubra as oportunidades de emprego no Grupo Botic\u00e1rio em Cama\u00e7ari e Salvador."},"aioseo_meta_data":{"post_id":"1019","title":null,"description":null,"keywords":null,"keyphrases":null,"primary_term":null,"canonical_url":null,"og_title":null,"og_description":null,"og_object_type":"default","og_image_type":"default","og_image_url":null,"og_image_width":null,"og_image_height":null,"og_image_custom_url":null,"og_image_custom_fields":null,"og_video":null,"og_custom_url":null,"og_article_section":null,"og_article_tags":null,"twitter_use_og":false,"twitter_card":"default","twitter_image_type":"default","twitter_image_url":null,"twitter_image_custom_url":null,"twitter_image_custom_fields":null,"twitter_title":null,"twitter_description":null,"schema":{"blockGraphs":[],"customGraphs":[],"default":{"data":{"Article":[],"Course":[],"Dataset":[],"FAQPage":[],"Movie":[],"Person":[],"Product":[],"ProductReview":[],"Car":[],"Recipe":[],"Service":[],"SoftwareApplication":[],"WebPage":[]},"graphName":"BlogPosting","isEnabled":true},"graphs":[]},"schema_type":"default","schema_type_options":null,"pillar_content":false,"robots_default":true,"robots_noindex":false,"robots_noarchive":false,"robots_nosnippet":false,"robots_nofollow":false,"robots_noimageindex":false,"robots_noodp":false,"robots_notranslate":false,"robots_max_snippet":null,"robots_max_videopreview":null,"robots_max_imagepreview":"large","priority":null,"frequency":null,"local_seo":null,"limit_modified_date":false,"created":"2026-05-03 06:05:09","updated":"2026-08-06 03:03:37","focus_keyword":null,"additional_keywords":null,"truseo_locale":null,"ai":null,"breadcrumb_settings":null,"seo_analyzer_scan_date":null},"aioseo_breadcrumb":"<div class=\"aioseo-breadcrumbs\"><span class=\"aioseo-breadcrumb\">\n\t\t\t<a href=\"https:\/\/www.encontracamacari.com.br\/sobre\" title=\"Home\">Home<\/a>\n\t\t<\/span><span class=\"aioseo-breadcrumb-separator\">&raquo;<\/span><span class=\"aioseo-breadcrumb\">\n\t\t\t<a href=\"https:\/\/www.encontracamacari.com.br\/sobre\/noticias-em-camacari\/\" title=\"Not\u00edcias Cama\u00e7ari\">Not\u00edcias Cama\u00e7ari<\/a>\n\t\t<\/span><span class=\"aioseo-breadcrumb-separator\">&raquo;<\/span><span class=\"aioseo-breadcrumb\">\n\t\t\tGrupo Botic\u00e1rio est\u00e1 com vagas de emprego em Cama\u00e7ari, Salvador e mais localidades\n\t\t<\/span><\/div>","aioseo_breadcrumb_json":[{"label":"Home","link":"https:\/\/www.encontracamacari.com.br\/sobre"},{"label":"Not\u00edcias Cama\u00e7ari","link":"https:\/\/www.encontracamacari.com.br\/sobre\/noticias-em-camacari\/"},{"label":"Grupo Botic\u00e1rio est\u00e1 com vagas de emprego em Cama\u00e7ari, Salvador e mais localidades","link":"https:\/\/www.encontracamacari.com.br\/sobre\/grupo-boticario-esta-com-vagas-de-emprego-em-camacari-salvador-e-mais-localidades\/"}],"_links":{"self":[{"href":"https:\/\/www.encontracamacari.com.br\/sobre\/wp-json\/wp\/v2\/posts\/1019","targetHints":{"allow":["GET"]}}],"collection":[{"href":"https:\/\/www.encontracamacari.com.br\/sobre\/wp-json\/wp\/v2\/posts"}],"about":[{"href":"https:\/\/www.encontracamacari.com.br\/sobre\/wp-json\/wp\/v2\/types\/post"}],"author":[{"embeddable":true,"href":"https:\/\/www.encontracamacari.com.br\/sobre\/wp-json\/wp\/v2\/users\/1"}],"replies":[{"embeddable":true,"href":"https:\/\/www.encontracamacari.com.br\/sobre\/wp-json\/wp\/v2\/comments?post=1019"}],"version-history":[{"count":0,"href":"https:\/\/www.encontracamacari.com.br\/sobre\/wp-json\/wp\/v2\/posts\/1019\/revisions"}],"wp:featuredmedia":[{"embeddable":true,"href":"https:\/\/www.encontracamacari.com.br\/sobre\/wp-json\/wp\/v2\/media\/1018"}],"wp:attachment":[{"href":"https:\/\/www.encontracamacari.com.br\/sobre\/wp-json\/wp\/v2\/media?parent=1019"}],"wp:term":[{"taxonomy":"category","embeddable":true,"href":"https:\/\/www.encontracamacari.com.br\/sobre\/wp-json\/wp\/v2\/categories?post=1019"},{"taxonomy":"post_tag","embeddable":true,"href":"https:\/\/www.encontracamacari.com.br\/sobre\/wp-json\/wp\/v2\/tags?post=1019"}],"curies":[{"name":"wp","href":"https:\/\/api.w.org\/{rel}","templated":true}]}}